{"id":72960,"date":"2025-08-28T12:11:42","date_gmt":"2025-08-28T10:11:42","guid":{"rendered":"https:\/\/www.lucasfroeserealestate.com\/llucmajor-autentico-relajado-y-a-solo-20-minutos-de-palma\/"},"modified":"2025-08-30T13:06:53","modified_gmt":"2025-08-30T11:06:53","slug":"llucmajor-autentico-relajado-y-a-solo-20-minutos-de-palma","status":"publish","type":"post","link":"https:\/\/www.lucasfroeserealestate.com\/es\/llucmajor-autentico-relajado-y-a-solo-20-minutos-de-palma\/","title":{"rendered":"Llucmajor: aut\u00e9ntico, relajado y a s\u00f3lo 20 minutos de Palma"},"content":{"rendered":"<h1>Llucmajor: aut\u00e9ntico, relajado y a s\u00f3lo 20 minutos de Palma<\/h1>\n<p>Para m\u00ed, Llucmajor es el lugar donde el aut\u00e9ntico sentimiento mallorqu\u00edn y el estilo de vida moderno se unen de forma muy relajada: a tiro de piedra de Palma, pero tranquilo, cargado de historia y maravillosamente aut\u00e9ntico. Entre vestigios talay\u00f3ticos como Capocorb Vell, mercados semanales en la Pla\u00e7a d&#8217;Espanya y el paisaje costero alrededor de Cala Pi, <strong>Llucmajor<\/strong> despliega su propio ritmo, ideal para llegar, vivir e invertir. <\/p>\n<h2 data-start=\"365\" data-end=\"382\">Corto y n\u00edtido<\/h2>\n<ul data-start=\"383\" data-end=\"723\">\n<li data-start=\"383\" data-end=\"498\">\n<p data-start=\"385\" data-end=\"498\">Cultura, tranquilidad y la aut\u00e9ntica Mallorca, a s\u00f3lo unos 20 km de Palma.<\/p>\n<\/li>\n<li data-start=\"499\" data-end=\"590\">\n<p data-start=\"501\" data-end=\"590\">El municipio m\u00e1s grande de Mallorca, con centros tur\u00edsticos costeros como <strong data-start=\"560\" data-end=\"571\">Cala Pi<\/strong> y <strong data-start=\"574\" data-end=\"586\">s&#8217;Arenal<\/strong>.<\/p>\n<\/li>\n<li data-start=\"591\" data-end=\"723\">\n<p data-start=\"593\" data-end=\"723\">Mezcla de historia (yacimientos talay\u00f3ticos), mercados y naturaleza, perfecta para vivir <strong data-start=\"665\" data-end=\"672\">e<\/strong> invertir.<\/p>\n<\/li>\n<\/ul>\n<h2 data-start=\"730\" data-end=\"762\">Por qu\u00e9 llucmajor se enciende inmediatamente<\/h2>\n<p data-start=\"763\" data-end=\"1017\">Llucmajor se siente como la \u00abaut\u00e9ntica Mallorca\u00bb: animada vida de pueblo, autenticidad todo el a\u00f1o, adem\u00e1s de playas y naturaleza al alcance de la mano. La ubicaci\u00f3n es estupenda: cerca de Palma y del aeropuerto, pero agradablemente relajada. <\/p>\n<h2 data-start=\"1024\" data-end=\"1049\">Historia en 5 frases<\/h2>\n<p data-start=\"1050\" data-end=\"1566\">La zona ha estado habitada desde el <strong data-start=\"1074\" data-end=\"1100\">III milenio a.C.<\/strong>; se pueden encontrar vestigios en cuevas artificiales de la zona. Destaca <strong data-start=\"1190\" data-end=\"1207\">Capocorb Vell<\/strong>, uno de los poblados talay\u00f3ticos m\u00e1s importantes de Mallorca. Llucmajor aparece por primera vez por escrito <strong data-start=\"1268\" data-end=\"1276\">en 1259<\/strong>, y en <strong data-start=\"1320\" data-end=\"1328\">1349<\/strong> la <strong data-start=\"1345\" data-end=\"1371\">Batalla de Llucmajor<\/strong> decidi\u00f3 el fin de la monarqu\u00eda de la isla. Desde finales del siglo XIX, la <strong data-start=\"1434\" data-end=\"1453\">producci\u00f3n de calzado<\/strong> experiment\u00f3 un gran auge, visible a\u00fan hoy en las espl\u00e9ndidas casas y el monumento al zapatero.   <\/p>\n<div id=\"attachment_72950\" style=\"width: 1210px\" class=\"wp-caption alignnone\"><img decoding=\"async\" aria-describedby=\"caption-attachment-72950\" class=\"size-full wp-image-72950\" src=\"https:\/\/www.lucasfroeserealestate.com\/wp-content\/uploads\/2025\/08\/Diseno-sin-titulo-2025-08-28T111152410.jpg\" alt=\"Llucmajor en el ayuntamiento de Mallorca\" width=\"1200\" height=\"800\" title=\"\" srcset=\"https:\/\/www.lucasfroeserealestate.com\/wp-content\/uploads\/2025\/08\/Diseno-sin-titulo-2025-08-28T111152410.jpg 1200w, https:\/\/www.lucasfroeserealestate.com\/wp-content\/uploads\/2025\/08\/Diseno-sin-titulo-2025-08-28T111152410-300x200.jpg 300w, https:\/\/www.lucasfroeserealestate.com\/wp-content\/uploads\/2025\/08\/Diseno-sin-titulo-2025-08-28T111152410-1024x683.jpg 1024w, https:\/\/www.lucasfroeserealestate.com\/wp-content\/uploads\/2025\/08\/Diseno-sin-titulo-2025-08-28T111152410-768x512.jpg 768w, https:\/\/www.lucasfroeserealestate.com\/wp-content\/uploads\/2025\/08\/Diseno-sin-titulo-2025-08-28T111152410-150x100.jpg 150w, https:\/\/www.lucasfroeserealestate.com\/wp-content\/uploads\/2025\/08\/Diseno-sin-titulo-2025-08-28T111152410-488x326.jpg 488w\" sizes=\"(max-width: 1200px) 100vw, 1200px\" \/><p id=\"caption-attachment-72950\" class=\"wp-caption-text\">Llucmajor en el ayuntamiento de Mallorca<\/p><\/div>\n<h2 data-start=\"1573\" data-end=\"1627\">Lugares imprescindibles en llucmajor (mi recorrido personal)<\/h2>\n<ul data-start=\"1628\" data-end=\"2172\">\n<li data-start=\"1628\" data-end=\"1752\">\n<p data-start=\"1630\" data-end=\"1752\"><strong data-start=\"1630\" data-end=\"1659\">Plaza de Espa\u00f1a y Ayuntamiento<\/strong>: arquitectura con encanto, caf\u00e9s para observar a la gente.<\/p>\n<\/li>\n<li data-start=\"1753\" data-end=\"1893\">\n<p data-start=\"1755\" data-end=\"1893\"><strong data-start=\"1755\" data-end=\"1782\">Iglesia parroquial de Sant Miquel<\/strong> y <strong data-start=\"1785\" data-end=\"1812\">monasterio de San Buenaventura<\/strong> - Barroco, historia y bellos rincones para fotografiar.<\/p>\n<\/li>\n<li data-start=\"1894\" data-end=\"2046\">\n<p data-start=\"1896\" data-end=\"2046\"><strong data-start=\"1896\" data-end=\"1932\">Santuari de Cura (Puig de Randa)<\/strong> - vista panor\u00e1mica sobre la llanura y la bah\u00eda de Palma; lugar perfecto para la puesta de sol.<\/p>\n<\/li>\n<li data-start=\"2047\" data-end=\"2172\">\n<p data-start=\"2049\" data-end=\"2172\"><strong data-start=\"2049\" data-end=\"2066\">Capocorb Vell<\/strong> - viaje en el tiempo a la Edad de Bronce: cinco talayots, ambiente \u00fanico.<\/p>\n<\/li>\n<\/ul>\n<h2 data-start=\"2179\" data-end=\"2217\">Naturaleza y costa: de los acantilados a la cala<\/h2>\n<p data-start=\"2218\" data-end=\"2696\">El municipio tambi\u00e9n incluye zonas costeras, ideales para peque\u00f1as bah\u00edas, acantilados y paseos al atardecer. Popular: la <strong data-start=\"2339\" data-end=\"2360\">bah\u00eda de Cala Pi<\/strong>; tambi\u00e9n puedes llegar r\u00e1pidamente desde llucmajor a playas conocidas como <strong data-start=\"2431\" data-end=\"2443\">Es Trenc<\/strong>, para una sensaci\u00f3n caribe\u00f1a natural. <\/p>\n<blockquote>\n<p data-start=\"2218\" data-end=\"2696\"><br data-start=\"2519\" data-end=\"2522\"><strong data-start=\"2522\" data-end=\"2535\">Consejo profesional:<\/strong> El faro y los acantilados de <strong data-start=\"2560\" data-end=\"2573\">Cap Blanc<\/strong> m\u00e1s el desv\u00edo hasta el <strong data-start=\"2602\" data-end=\"2618\">monasterio de Cura<\/strong>: \u00abLo mejor de las vistas\u00bb en una tarde.<\/p>\n<\/blockquote>\n<div id=\"attachment_72953\" style=\"width: 1210px\" class=\"wp-caption alignnone\"><img decoding=\"async\" aria-describedby=\"caption-attachment-72953\" class=\"size-full wp-image-72953\" src=\"https:\/\/www.lucasfroeserealestate.com\/wp-content\/uploads\/2025\/08\/Diseno-sin-titulo-2025-08-28T111323946.jpg\" alt=\"Playa de Cala Pi de Llucmajor\" width=\"1200\" height=\"800\" title=\"\" srcset=\"https:\/\/www.lucasfroeserealestate.com\/wp-content\/uploads\/2025\/08\/Diseno-sin-titulo-2025-08-28T111323946.jpg 1200w, https:\/\/www.lucasfroeserealestate.com\/wp-content\/uploads\/2025\/08\/Diseno-sin-titulo-2025-08-28T111323946-300x200.jpg 300w, https:\/\/www.lucasfroeserealestate.com\/wp-content\/uploads\/2025\/08\/Diseno-sin-titulo-2025-08-28T111323946-1024x683.jpg 1024w, https:\/\/www.lucasfroeserealestate.com\/wp-content\/uploads\/2025\/08\/Diseno-sin-titulo-2025-08-28T111323946-768x512.jpg 768w, https:\/\/www.lucasfroeserealestate.com\/wp-content\/uploads\/2025\/08\/Diseno-sin-titulo-2025-08-28T111323946-150x100.jpg 150w, https:\/\/www.lucasfroeserealestate.com\/wp-content\/uploads\/2025\/08\/Diseno-sin-titulo-2025-08-28T111323946-488x326.jpg 488w\" sizes=\"(max-width: 1200px) 100vw, 1200px\" \/><p id=\"caption-attachment-72953\" class=\"wp-caption-text\">Playa de Cala Pi de Llucmajor<\/p><\/div>\n<h2 data-start=\"2703\" data-end=\"2743\">Mercados y estilo de vida (c\u00f3mo vive la gente aqu\u00ed)<\/h2>\n<p data-start=\"2744\" data-end=\"3029\">El <strong data-start=\"2788\" data-end=\"2797\">mercado<\/strong> llena la plaza de Espa\u00f1a los mi\u00e9rcoles, viernes <strong data-start=\"2762\" data-end=\"2777\">y domingos<\/strong>: fruta y verdura fresca, artesan\u00eda, puestos vintage y el legendario <strong data-start=\"2889\" data-end=\"2903\">Caf\u00e9 Col\u00f3n<\/strong>, de estilo art dec\u00f3. Seguido de tapas bajo los pl\u00e1tanos, no podr\u00eda ser m\u00e1s mallorqu\u00edn. <\/p>\n<h2 data-start=\"3036\" data-end=\"3111\"><a href=\"https:\/\/www.lucasfroeserealestate.com\/es\/propiedades-en-llucmajor\/\">Propiedad en llucmajor<\/a>: Nuestra perspectiva en Lucas Froese Real Estate<\/h2>\n<p data-start=\"3112\" data-end=\"3178\">Llucmajor es especialmente interesante porque combina <strong data-start=\"3142\" data-end=\"3162\">tres sentidos de la vida<\/strong>:<\/p>\n<ol data-start=\"3180\" data-end=\"3596\">\n<li data-start=\"3180\" data-end=\"3270\">\n<p data-start=\"3183\" data-end=\"3270\"><strong data-start=\"3183\" data-end=\"3204\">Centro hist\u00f3rico<\/strong> - vida de pueblo, mercado semanal a la puerta, casas de pueblo con car\u00e1cter.<\/p>\n<\/li>\n<li data-start=\"3271\" data-end=\"3382\">\n<p data-start=\"3274\" data-end=\"3382\"><strong data-start=\"3274\" data-end=\"3292\">Randa y Gracia<\/strong> - ubicaci\u00f3n en ladera, vistas lejanas, fincas con el factor tranquilidad.<\/p>\n<\/li>\n<li data-start=\"3383\" data-end=\"3596\">\n<p data-start=\"3386\" data-end=\"3596\"><strong data-start=\"3386\" data-end=\"3401\">Costa<\/strong> - Residenciales como <strong data-start=\"3421\" data-end=\"3468\">Puig de Ros, Maioris, Sa Torre, Badia Blava<\/strong> o <strong data-start=\"3474\" data-end=\"3485\">Cala<\/strong> Pi por su proximidad al mar, sus paseos por los acantilados y sus terrazas al atardecer.<\/p>\n<\/li>\n<\/ol>\n<p data-start=\"3598\" data-end=\"3634\"><strong data-start=\"3598\" data-end=\"3632\">\u00bfPara qui\u00e9n es adecuado llucmajor?<\/strong><\/p>\n<ul data-start=\"3635\" data-end=\"3898\">\n<li data-start=\"3635\" data-end=\"3706\">\n<p data-start=\"3637\" data-end=\"3706\">Para <em data-start=\"3641\" data-end=\"3650\">viajeros*<\/em>a Palma que quieran llegar tranquilos por la noche.<\/p>\n<\/li>\n<li data-start=\"3707\" data-end=\"3797\">\n<p data-start=\"3709\" data-end=\"3797\">Para <em data-start=\"3713\" data-end=\"3727\">los aficionados a las actividades al aire libre<\/em> (ciclismo, senderismo, senderos costeros).<\/p>\n<\/li>\n<li data-start=\"3798\" data-end=\"3898\">\n<p data-start=\"3800\" data-end=\"3898\">Para <em data-start=\"3804\" data-end=\"3819\">los amantes de la cultura<\/em> que realmente quieren sentir la historia.<\/p>\n<\/li>\n<\/ul>\n<h2 data-start=\"3905\" data-end=\"3935\">Lista de control de compra (ultracorta)<\/h2>\n<ul data-start=\"3936\" data-end=\"4221\">\n<li data-start=\"3936\" data-end=\"3991\">\n<p data-start=\"3938\" data-end=\"3991\"><strong data-start=\"3938\" data-end=\"3954\">Elige la ubicaci\u00f3n:<\/strong> Casco antiguo vs. ladera de Randa vs. costa.<\/p>\n<\/li>\n<li data-start=\"3992\" data-end=\"4071\">\n<p data-start=\"3994\" data-end=\"4071\">Comprueba <strong data-start=\"3994\" data-end=\"4024\">el estado del edificio y las autorizaciones<\/strong> (especialmente para fincas y proyectos de reforma).<\/p>\n<\/li>\n<li data-start=\"4072\" data-end=\"4140\">\n<p data-start=\"4074\" data-end=\"4140\">Aclarar la <strong data-start=\"4074\" data-end=\"4094\">energ\u00eda y el agua<\/strong> (cisternas, pozos, conexi\u00f3n a la red).<\/p>\n<\/li>\n<li data-start=\"4141\" data-end=\"4221\">\n<p data-start=\"4143\" data-end=\"4221\"><strong data-start=\"4143\" data-end=\"4161\">Pon a prueba la vida cotidiana:<\/strong> d\u00edas de mercado, horas de viaje, conexiones de autob\u00fas, escuela\/guarder\u00eda.<\/p>\n<\/li>\n<\/ul>\n<div id=\"attachment_72956\" style=\"width: 1210px\" class=\"wp-caption alignnone\"><img decoding=\"async\" aria-describedby=\"caption-attachment-72956\" class=\"size-full wp-image-72956\" src=\"https:\/\/www.lucasfroeserealestate.com\/wp-content\/uploads\/2025\/08\/Diseno-sin-titulo-2025-08-28T111254449.jpg\" alt=\"Playa del Arenal de Llucmajor\" width=\"1200\" height=\"800\" title=\"\" srcset=\"https:\/\/www.lucasfroeserealestate.com\/wp-content\/uploads\/2025\/08\/Diseno-sin-titulo-2025-08-28T111254449.jpg 1200w, https:\/\/www.lucasfroeserealestate.com\/wp-content\/uploads\/2025\/08\/Diseno-sin-titulo-2025-08-28T111254449-300x200.jpg 300w, https:\/\/www.lucasfroeserealestate.com\/wp-content\/uploads\/2025\/08\/Diseno-sin-titulo-2025-08-28T111254449-1024x683.jpg 1024w, https:\/\/www.lucasfroeserealestate.com\/wp-content\/uploads\/2025\/08\/Diseno-sin-titulo-2025-08-28T111254449-768x512.jpg 768w, https:\/\/www.lucasfroeserealestate.com\/wp-content\/uploads\/2025\/08\/Diseno-sin-titulo-2025-08-28T111254449-150x100.jpg 150w, https:\/\/www.lucasfroeserealestate.com\/wp-content\/uploads\/2025\/08\/Diseno-sin-titulo-2025-08-28T111254449-488x326.jpg 488w\" sizes=\"(max-width: 1200px) 100vw, 1200px\" \/><p id=\"caption-attachment-72956\" class=\"wp-caption-text\">Playa del Arenal de Llucmajor<\/p><\/div>\n<h2 data-start=\"4228\" data-end=\"4264\">Restaurantes en Llucmajor y alrededores<\/h2>\n<p data-start=\"41\" data-end=\"180\">De la cocina de las estrellas a la sensaci\u00f3n de playa:<\/p>\n<ol data-start=\"182\" data-end=\"1820\">\n<li data-start=\"182\" data-end=\"369\">\n<p data-start=\"185\" data-end=\"369\"><strong>Andreu Genestra (Zo\u00ebtry Mallorca, Sa Torre) -<\/strong> direcci\u00f3n gastron\u00f3mica con 1 estrella Michelin y Estrella Verde; men\u00fas creativos con un fuerte sabor regional.<\/p>\n<\/li>\n<li data-start=\"370\" data-end=\"564\">\n<p data-start=\"373\" data-end=\"564\"><strong>La Fortaleza (Cap Rocat, Cala Blava) -<\/strong> espectacular ubicaci\u00f3n en la fortaleza con 2 soles (Gu\u00eda Repsol); men\u00fas degustaci\u00f3n, lugar perfecto para veladas especiales.<\/p>\n<\/li>\n<li data-start=\"565\" data-end=\"739\">\n<p data-start=\"568\" data-end=\"739\"><strong>Tomates Verdes Restaurant &amp; more (Pla\u00e7a d&#8217;Espanya, centro) -<\/strong> Mediterr\u00e1neo con toques asi\u00e1ticos, animada terraza en la plaza mayor.<\/p>\n<\/li>\n<li data-start=\"740\" data-end=\"894\">\n<p data-start=\"743\" data-end=\"894\"><strong>Bistro Mercat (Pla\u00e7a d&#8217;Espanya) -<\/strong> de gesti\u00f3n familiar; cl\u00e1sicos mallorquines y tapas, muy popular entre los lugare\u00f1os.<\/p>\n<\/li>\n<li data-start=\"895\" data-end=\"1028\">\n<p data-start=\"898\" data-end=\"1028\"><strong>CONTRABANDO Tapas Bar (Passeig de Jaume III) -<\/strong> tapas modernas para compartir, buena selecci\u00f3n de vinos.<\/p>\n<\/li>\n<li data-start=\"1029\" data-end=\"1189\">\n<p data-start=\"1032\" data-end=\"1189\"><strong>Caliuet BaRestaurant (Pla\u00e7a d&#8217;Espanya) -<\/strong> Espa\u00f1ol\/Mediterr\u00e1neo, acogedor y con los pies en la tierra; ideal para paellas o tapas.<\/p>\n<\/li>\n<li data-start=\"1190\" data-end=\"1346\">\n<p data-start=\"1193\" data-end=\"1346\"><strong>Las B\u00f3vedas (Casa Rural Son Julia) -<\/strong> elegante cocina de hotel con terraza con vistas al vi\u00f1edo; entorno rom\u00e1ntico.<\/p>\n<\/li>\n<li data-start=\"1347\" data-end=\"1517\">\n<p data-start=\"1350\" data-end=\"1517\"><strong>Mhares Sea Club (Puig de Ros\/Maioris) -<\/strong> restaurante costero en la roca con arroces y pescado; lo mejor para comer y ver el atardecer.<\/p>\n<\/li>\n<li data-start=\"1518\" data-end=\"1670\">\n<p data-start=\"1521\" data-end=\"1670\"><strong>Nou Cala Blava (Cala Blava) -<\/strong> direcci\u00f3n relajada cerca del mar\/piscina; paellas y marisco, familiar.<\/p>\n<\/li>\n<li data-start=\"1671\" data-end=\"1820\">\n<p data-start=\"1675\" data-end=\"1820\"><strong>Al Faro Llucmajor (cerca del centro) -<\/strong> cocina mediterr\u00e1nea moderna con opciones de sushi; acogedor y c\u00e9ntrico.<\/p>\n<\/li>\n<\/ol>\n<p data-start=\"1822\" data-end=\"1957\">Tambi\u00e9n buenos en la ciudad: <strong>S&#8217;Est\u00e0tua<\/strong> (pizza, gran restaurante en el Passeig) y <strong>Quina Brasa<\/strong> (asador\/parrilla).<\/p>\n<blockquote>\n<p data-start=\"1959\" data-end=\"2223\">Nota: Los horarios de apertura son en parte estacionales; merece la pena hacer una reserva para las direcciones populares (especialmente la n\u00ba 1-2).<\/p>\n<\/blockquote>\n<h2 data-start=\"4228\" data-end=\"4264\">Preguntas frecuentes sobre llucmajor (breves y sinceras)<\/h2>\n<p data-start=\"4265\" data-end=\"4744\"><strong data-start=\"4265\" data-end=\"4296\">\u00bfA qu\u00e9 distancia se retira de Palma?<\/strong>  Unos 20 km - dependiendo del destino, 20-30 minutos de viaje. <\/p>\n<p data-start=\"4265\" data-end=\"4744\"><br data-start=\"4383\" data-end=\"4386\"><strong data-start=\"4386\" data-end=\"4423\">\u00bfQu\u00e9 hace que el lugar sea tan aut\u00e9ntico?<\/strong>  Vida durante todo el a\u00f1o, base econ\u00f3mica m\u00e1s all\u00e1 del puro turismo; por tanto, ritmo real, vecindad real.<\/p>\n<p data-start=\"4265\" data-end=\"4744\"><br data-start=\"4579\" data-end=\"4582\"><strong data-start=\"4582\" data-end=\"4619\">\u00bfForman parte de \u00e9l los n\u00facleos costeros?<\/strong> S\u00ed, el t\u00e9rmino municipal es el mayor de Mallorca e incluye varios n\u00facleos costeros, como Cala Pi y partes de s&#8217;Arenal.<\/p>\n<h2 data-start=\"4751\" data-end=\"4771\">Hablemos<\/h2>\n<p data-start=\"4772\" data-end=\"5016\">Si est\u00e1s buscando <strong data-start=\"4780\" data-end=\"4803\"> <a href=\"https:\/\/www.lucasfroeserealestate.com\/es\/propiedades-en-llucmajor\/\">comprar una propiedad en Llucmajor<\/a><\/strong> o quieres <strong data-start=\"4809\" data-end=\"4839\">comparar tus opciones<\/strong>, ponte en contacto con nosotros. En <strong data-start=\"4875\" data-end=\"4903\">la Inmobiliaria Lucas Froese<\/strong>, combinamos el conocimiento del mercado, la red de contactos y la intuici\u00f3n, y encontramos la propiedad que se adapta a tu vida. <\/p>\n","protected":false},"excerpt":{"rendered":"<p>Llucmajor: aut\u00e9ntico, relajado y a s\u00f3lo 20 minutos de Palma Para m\u00ed, Llucmajor es el lugar donde el aut\u00e9ntico sentimiento mallorqu\u00edn y el estilo de vida moderno se unen de forma muy relajada: a tiro de piedra de Palma, pero tranquilo, cargado de historia y maravillosamente aut\u00e9ntico. Entre vestigios talay\u00f3ticos como Capocorb Vell, mercados semanales&#8230;<\/p>\n","protected":false},"author":1,"featured_media":72947,"comment_status":"closed","ping_status":"closed","sticky":false,"template":"","format":"standard","meta":{"footnotes":""},"categories":[4143,3332,4139],"tags":[],"class_list":["post-72960","post","type-post","status-publish","format-standard","has-post-thumbnail","hentry","category-gastronomia","category-immobilienmarkt-es","category-ubicaciones"],"_links":{"self":[{"href":"https:\/\/www.lucasfroeserealestate.com\/es\/wp-json\/wp\/v2\/posts\/72960","targetHints":{"allow":["GET"]}}],"collection":[{"href":"https:\/\/www.lucasfroeserealestate.com\/es\/wp-json\/wp\/v2\/posts"}],"about":[{"href":"https:\/\/www.lucasfroeserealestate.com\/es\/wp-json\/wp\/v2\/types\/post"}],"author":[{"embeddable":true,"href":"https:\/\/www.lucasfroeserealestate.com\/es\/wp-json\/wp\/v2\/users\/1"}],"replies":[{"embeddable":true,"href":"https:\/\/www.lucasfroeserealestate.com\/es\/wp-json\/wp\/v2\/comments?post=72960"}],"version-history":[{"count":0,"href":"https:\/\/www.lucasfroeserealestate.com\/es\/wp-json\/wp\/v2\/posts\/72960\/revisions"}],"wp:featuredmedia":[{"embeddable":true,"href":"https:\/\/www.lucasfroeserealestate.com\/es\/wp-json\/wp\/v2\/media\/72947"}],"wp:attachment":[{"href":"https:\/\/www.lucasfroeserealestate.com\/es\/wp-json\/wp\/v2\/media?parent=72960"}],"wp:term":[{"taxonomy":"category","embeddable":true,"href":"https:\/\/www.lucasfroeserealestate.com\/es\/wp-json\/wp\/v2\/categories?post=72960"},{"taxonomy":"post_tag","embeddable":true,"href":"https:\/\/www.lucasfroeserealestate.com\/es\/wp-json\/wp\/v2\/tags?post=72960"}],"curies":[{"name":"wp","href":"https:\/\/api.w.org\/{rel}","templated":true}]}}