{"id":72465,"date":"2025-08-22T11:12:46","date_gmt":"2025-08-22T09:12:46","guid":{"rendered":"https:\/\/www.lucasfroeserealestate.com\/el-pueblo-blanco-con-la-bahia-dorada-cala-dor-en-el-sureste-de-mallorca\/"},"modified":"2025-08-22T11:12:46","modified_gmt":"2025-08-22T09:12:46","slug":"el-pueblo-blanco-con-la-bahia-dorada-cala-dor-en-el-sureste-de-mallorca","status":"publish","type":"post","link":"https:\/\/www.lucasfroeserealestate.com\/es\/el-pueblo-blanco-con-la-bahia-dorada-cala-dor-en-el-sureste-de-mallorca\/","title":{"rendered":"El pueblo blanco con la bah\u00eda dorada - Cala d&#8217;Or en el sureste de Mallorca"},"content":{"rendered":"<h1 data-start=\"95\" data-end=\"463\">Cala d&#8217;Or, en el sureste de Mallorca<\/h1>\n<p data-start=\"95\" data-end=\"463\">Si buscas un lugar que combine una animada vida diurna y nocturna, resplandecientes calas de color turquesa y una arquitectura pulcra y encalada, <strong data-start=\"248\" data-end=\"270\">Cala d&#8217;Or Baleares<\/strong> es tu sitio. Con un vibrante mercado inmobiliario, y una de las regiones de Mallorca que m\u00e1s ha crecido en los \u00faltimos a\u00f1os, <a href=\"https:\/\/www.lucasfroeserealestate.com\/es\/immobilien-in-cala-dor\/\">las propiedades en Cala d&#8217;Or<\/a> est\u00e1n muy solicitadas. Situada al este de Mallorca, en el municipio de Santany\u00ed, a unos 60 kil\u00f3metros de Palma, es perfectamente accesible pero agradablemente relajada.  <\/p>\n<h2 data-start=\"465\" data-end=\"502\">Por qu\u00e9 Cala d&#8217;Or es tan especial<\/h2>\n<p data-start=\"503\" data-end=\"855\">Cala d&#8217;Or se <strong data-start=\"540\" data-end=\"551\">planific\u00f3<\/strong> en los a\u00f1os 30, no simplemente \u00abcreci\u00f3\u00bb. El arquitecto ibicenco <strong data-start=\"608\" data-end=\"630\">Josep Costa<\/strong> Ferrer caracteriz\u00f3 el estilo con casas planas, c\u00fabicas, pintadas de blanco y calles estrechas. Este aspecto ibicenco a\u00fan se aprecia hoy en d\u00eda y confiere a la ciudad su car\u00e1cter elegante y mar\u00edtimo. Incluso el ayuntamiento insiste en conservar esta est\u00e9tica en los nuevos proyectos.   <\/p>\n<h2 data-start=\"857\" data-end=\"890\">Ubicaci\u00f3n y estilo de un vistazo<\/h2>\n<ul data-start=\"891\" data-end=\"1360\">\n<li data-start=\"891\" data-end=\"962\">\n<p data-start=\"893\" data-end=\"962\"><strong data-start=\"893\" data-end=\"914\">Costa y municipio:<\/strong> Costa sureste de Mallorca, municipio de <strong data-start=\"947\" data-end=\"959\">Santany\u00ed<\/strong>.<\/p>\n<\/li>\n<li data-start=\"963\" data-end=\"1177\">\n<p data-start=\"965\" data-end=\"1177\"><strong data-start=\"965\" data-end=\"977\">Centros:<\/strong> Cala d&#8217;Or (centro), <strong data-start=\"999\" data-end=\"1012\">Cala Egos<\/strong> al oeste, <strong data-start=\"1024\" data-end=\"1040\">Cala Ferrera<\/strong> al este (que oficialmente pertenece al municipio de Felanitx, no como Cala d&#8217;Or al municipio de Santany\u00ed) - cada una con su peque\u00f1o foco (proximidad del puerto deportivo, playas familiares, bares y restaurantes).<\/p>\n<\/li>\n<li data-start=\"1178\" data-end=\"1360\">\n<p data-start=\"1180\" data-end=\"1360\"><strong data-start=\"1180\" data-end=\"1189\">Ambiente:<\/strong> cuidado, relajado, con mucha ligereza mediterr\u00e1nea: boutiques, buena gastronom\u00eda y una oferta completa para familias y parejas.<\/p>\n<\/li>\n<\/ul>\n<h2 data-start=\"1362\" data-end=\"1413\">Las calas de Cala d&#8217;Or: peque\u00f1as, finas, turquesas<\/h2>\n<p data-start=\"1414\" data-end=\"1709\">Cinco calas son las \u00abcl\u00e1sicas\u00bb: <strong data-start=\"1449\" data-end=\"1505\">Cala Gran, Cala Esmeralda, Cala Ferrera, Cala Serena<\/strong> y <strong data-start=\"1510\" data-end=\"1525\">Cala Petita<\/strong>. Son estrechas, de arena y en su mayor\u00eda resguardadas del viento, ideales para nadar relajadamente (Cala Serena y Esmeralda se consideran especialmente aptas para familias). <\/p>\n<p data-start=\"1711\" data-end=\"1887\"><strong data-start=\"1711\" data-end=\"1729\">Nota de iniciados:<\/strong> <strong data-start=\"1734\" data-end=\"1752\">Cala Esmeralda<\/strong> se llamaba antes <em data-start=\"1775\" data-end=\"1794\">Cal\u00f3 d&#8217;es Corrals<\/em>; hoy recibe su nombre por el agua verde esmeralda.<\/p>\n<div id=\"attachment_72318\" style=\"width: 1210px\" class=\"wp-caption alignnone\"><img decoding=\"async\" aria-describedby=\"caption-attachment-72318\" class=\"size-full wp-image-72318\" src=\"https:\/\/www.lucasfroeserealestate.com\/wp-content\/uploads\/2025\/08\/Diseno-sin-titulo-2025-08-16T112433332.jpg\" alt=\"Cala dor en el sureste de Mallorca Playa\" width=\"1200\" height=\"800\" title=\"\" srcset=\"https:\/\/www.lucasfroeserealestate.com\/wp-content\/uploads\/2025\/08\/Diseno-sin-titulo-2025-08-16T112433332.jpg 1200w, https:\/\/www.lucasfroeserealestate.com\/wp-content\/uploads\/2025\/08\/Diseno-sin-titulo-2025-08-16T112433332-300x200.jpg 300w, https:\/\/www.lucasfroeserealestate.com\/wp-content\/uploads\/2025\/08\/Diseno-sin-titulo-2025-08-16T112433332-1024x683.jpg 1024w, https:\/\/www.lucasfroeserealestate.com\/wp-content\/uploads\/2025\/08\/Diseno-sin-titulo-2025-08-16T112433332-768x512.jpg 768w, https:\/\/www.lucasfroeserealestate.com\/wp-content\/uploads\/2025\/08\/Diseno-sin-titulo-2025-08-16T112433332-150x100.jpg 150w, https:\/\/www.lucasfroeserealestate.com\/wp-content\/uploads\/2025\/08\/Diseno-sin-titulo-2025-08-16T112433332-488x326.jpg 488w\" sizes=\"(max-width: 1200px) 100vw, 1200px\" \/><p id=\"caption-attachment-72318\" class=\"wp-caption-text\">Cala dor en el sureste de Mallorca Playa<\/p><\/div>\n<h2 data-start=\"1889\" data-end=\"1941\">Estilo de vida en la marina: la vida en Cala Llonga<\/h2>\n<p data-start=\"1942\" data-end=\"2286\">El <strong data-start=\"1946\" data-end=\"1966\">puerto deportivo de Cala d&#8217;Or<\/strong> est\u00e1 situado en el largo tramo de <strong data-start=\"1994\" data-end=\"2009\">Cala Llonga<\/strong>. Los restaurantes y tiendas se alinean a lo largo del paseo mar\u00edtimo, perfecto para pasear al atardecer, tomar el sol y observar los yates. El puerto est\u00e1 bien resguardado (s\u00f3lo m\u00e1s complicado con vientos fuertes de levante), un punto a favor para los propietarios de embarcaciones.  <\/p>\n<p data-start=\"2288\" data-end=\"2453\"><strong data-start=\"2288\" data-end=\"2312\">Conviene saberlo:<\/strong> La informaci\u00f3n oficial se encuentra en la p\u00e1gina del puerto deportivo (ubicaci\u00f3n, contacto, canal de radio). Para llamadas: <strong data-start=\"2399\" data-end=\"2414\">VHF canal 9<\/strong>. <\/p>\n<h2 data-start=\"2455\" data-end=\"2509\">Vida cotidiana e infraestructuras: todo lo que necesitas est\u00e1 ah\u00ed<\/h2>\n<ul data-start=\"2510\" data-end=\"3068\">\n<li data-start=\"2510\" data-end=\"2677\">\n<p data-start=\"2512\" data-end=\"2677\"><strong data-start=\"2512\" data-end=\"2539\">Gastronom\u00eda y compras:<\/strong> Desde sencillos clubes de playa hasta restaurantes de lujo, sobre todo en los alrededores del puerto deportivo y en el centro.<\/p>\n<\/li>\n<li data-start=\"2678\" data-end=\"2872\">\n<p data-start=\"2680\" data-end=\"2872\"><strong data-start=\"2680\" data-end=\"2702\">Naturaleza a tu alcance:<\/strong> <strong data-start=\"2707\" data-end=\"2729\">el Parque Natural de Mondrag\u00f3<\/strong> est\u00e1 a s\u00f3lo unos minutos en coche: fant\u00e1sticos senderos y bah\u00edas para hacer excursiones f\u00e1ciles o pasar d\u00edas en la playa.<\/p>\n<\/li>\n<li data-start=\"2873\" data-end=\"3068\">\n<p data-start=\"2875\" data-end=\"3068\"><strong data-start=\"2875\" data-end=\"2891\"><a href=\"https:\/\/www.lucasfroeserealestate.com\/es\/cuando-es-el-mercado-en-santanyi\/\">Mercado semanal en Santany\u00ed<\/a>:<\/strong> La cercana <strong data-start=\"2901\" data-end=\"2913\">Santany\u00ed<\/strong> atrae a los visitantes los mi\u00e9rcoles y s\u00e1bados con un mercado lleno de ambiente, ideal para comprar productos locales y adornos para tu nuevo hogar.<\/p>\n<\/li>\n<\/ul>\n<h2 data-start=\"3070\" data-end=\"3116\">Vivienda e Inmuebles en Cala d&#8217;Or Baleares<\/h2>\n<p data-start=\"3117\" data-end=\"3619\">Cala d&#8217;Or ofrece una <strong data-start=\"3139\" data-end=\"3159\">saludable mezcla<\/strong> de pisos cerca de las playas, casas adosadas en tranquilas calles laterales y <strong data-start=\"3238\" data-end=\"3262\">chalets<\/strong> independientes, algunos con vistas al mar o a poca distancia del puerto deportivo. Debido al creciente <strong data-start=\"3335\" data-end=\"3375\">car\u00e1cter vacacional y de segunda residencia<\/strong>, la demanda es estable durante toda la temporada; al mismo tiempo, las distancias siguen siendo cortas: playa, restaurantes, puerto&#8230; todo est\u00e1 cerca. Quien desee combinar el <strong data-start=\"3517\" data-end=\"3531\">alquiler<\/strong> con la ocupaci\u00f3n en propiedad encontrar\u00e1 condiciones s\u00f3lidas gracias a la proximidad de la playa.  <\/p>\n<p data-start=\"3621\" data-end=\"3662\"><strong data-start=\"3621\" data-end=\"3644\">Microlocalizaciones populares<\/strong> (brevemente explicadas):<\/p>\n<ul data-start=\"3663\" data-end=\"4025\">\n<li data-start=\"3663\" data-end=\"3798\">\n<p data-start=\"3665\" data-end=\"3798\"><strong data-start=\"3665\" data-end=\"3688\">Cala Egos (oeste):<\/strong> Cerca del puerto deportivo, ideal para familias, buen acceso a bares\/restaurantes.<\/p>\n<\/li>\n<li data-start=\"3799\" data-end=\"3909\">\n<p data-start=\"3801\" data-end=\"3909\"><strong data-start=\"3801\" data-end=\"3826\">Cala Ferrera (este):<\/strong> Foco de playa, distancias cortas, muchos servicios.<\/p>\n<\/li>\n<li data-start=\"3910\" data-end=\"4025\">\n<p data-start=\"3912\" data-end=\"4025\"><strong data-start=\"3912\" data-end=\"3934\">Centro de Cala d&#8217;Or:<\/strong> A poca distancia de todo, animado en temporada.<\/p>\n<\/li>\n<\/ul>\n<blockquote data-start=\"4027\" data-end=\"4230\">\n<p data-start=\"4029\" data-end=\"4230\"><strong data-start=\"4029\" data-end=\"4056\">Consejo de temporada alta:<\/strong> Todo el municipio de Santany\u00ed es muy popular en verano. Planifica tus visitas a la playa a primera hora del d\u00eda para poder disfrutar de las calas con tranquilidad. <\/p>\n<\/blockquote>\n<div id=\"attachment_72321\" style=\"width: 1210px\" class=\"wp-caption alignnone\"><img decoding=\"async\" aria-describedby=\"caption-attachment-72321\" class=\"size-full wp-image-72321\" src=\"https:\/\/www.lucasfroeserealestate.com\/wp-content\/uploads\/2025\/08\/Diseno-sin-titulo-2025-08-16T112406798.jpg\" alt=\"Cala dor en el sureste de Mallorca\" width=\"1200\" height=\"800\" title=\"\" srcset=\"https:\/\/www.lucasfroeserealestate.com\/wp-content\/uploads\/2025\/08\/Diseno-sin-titulo-2025-08-16T112406798.jpg 1200w, https:\/\/www.lucasfroeserealestate.com\/wp-content\/uploads\/2025\/08\/Diseno-sin-titulo-2025-08-16T112406798-300x200.jpg 300w, https:\/\/www.lucasfroeserealestate.com\/wp-content\/uploads\/2025\/08\/Diseno-sin-titulo-2025-08-16T112406798-1024x683.jpg 1024w, https:\/\/www.lucasfroeserealestate.com\/wp-content\/uploads\/2025\/08\/Diseno-sin-titulo-2025-08-16T112406798-768x512.jpg 768w, https:\/\/www.lucasfroeserealestate.com\/wp-content\/uploads\/2025\/08\/Diseno-sin-titulo-2025-08-16T112406798-150x100.jpg 150w, https:\/\/www.lucasfroeserealestate.com\/wp-content\/uploads\/2025\/08\/Diseno-sin-titulo-2025-08-16T112406798-488x326.jpg 488w\" sizes=\"(max-width: 1200px) 100vw, 1200px\" \/><p id=\"caption-attachment-72321\" class=\"wp-caption-text\">Cala dor en el sureste de Mallorca<\/p><\/div>\n<h2 data-start=\"4232\" data-end=\"4267\">\u00bfPara qui\u00e9n es adecuada Cala d&#8217;Or?<\/h2>\n<ul data-start=\"4268\" data-end=\"4662\">\n<li data-start=\"4268\" data-end=\"4390\">\n<p data-start=\"4270\" data-end=\"4390\"><strong data-start=\"4270\" data-end=\"4282\">Familias<\/strong> que aprecian las playas seguras y manejables con una estructura clara.<\/p>\n<\/li>\n<li data-start=\"4391\" data-end=\"4509\">\n<p data-start=\"4393\" data-end=\"4509\"><strong data-start=\"4393\" data-end=\"4418\">Navegantes y aficionados a la navegaci\u00f3n<\/strong> que quieran utilizar la infraestructura del puerto deportivo.<\/p>\n<\/li>\n<li data-start=\"4510\" data-end=\"4662\">\n<p data-start=\"4512\" data-end=\"4662\"><strong data-start=\"4512\" data-end=\"4536\">Parejas y buscadores de paz<\/strong> que adoran las veladas mediterr\u00e1neas junto al agua, en un ambiente chic, animado pero relajado.<\/p>\n<\/li>\n<\/ul>\n<h2 data-start=\"4664\" data-end=\"4723\">Experiencia de 1 d\u00eda: tu d\u00eda perfecto podr\u00eda ser as\u00ed<\/h2>\n<ol data-start=\"4724\" data-end=\"5212\">\n<li data-start=\"4724\" data-end=\"4840\">\n<p data-start=\"4727\" data-end=\"4840\">Por <strong data-start=\"4727\" data-end=\"4738\">la ma\u00f1ana<\/strong>: temprano a <strong data-start=\"4749\" data-end=\"4762\">Cala Gran<\/strong> o <strong data-start=\"4768\" data-end=\"4783\">Cala Serena<\/strong> para darte un ba\u00f1o.<\/p>\n<\/li>\n<li data-start=\"4841\" data-end=\"4945\">\n<p data-start=\"4844\" data-end=\"4945\"><strong data-start=\"4844\" data-end=\"4855\">Almuerzo<\/strong> con vistas al mar en <strong data-start=\"4884\" data-end=\"4902\">Cala Esmeralda<\/strong>.<\/p>\n<\/li>\n<li data-start=\"4946\" data-end=\"5087\">\n<p data-start=\"4949\" data-end=\"5087\"><strong data-start=\"4949\" data-end=\"4964\">Tarde<\/strong>: Paseo por el puerto deportivo de <strong data-start=\"4990\" data-end=\"5005\">Cala Llonga<\/strong>: yates, boutiques, helados para los ni\u00f1os.<\/p>\n<\/li>\n<li data-start=\"5088\" data-end=\"5212\">\n<p data-start=\"5091\" data-end=\"5212\">Por la <strong data-start=\"5091\" data-end=\"5101\">noche<\/strong>: tapas en el centro o excursi\u00f3n a <a href=\"https:\/\/www.lucasfroeserealestate.com\/es\/cuando-es-el-mercado-en-santanyi\/\"><strong data-start=\"5140\" data-end=\"5152\">Santany\u00ed<\/strong> (d\u00edas de mercado: mi\u00e9rcoles\/s\u00e1bado)<\/a>.<\/p>\n<\/li>\n<\/ol>\n<h2 data-start=\"5214\" data-end=\"5270\">Consejos de Lucas Froese Inmobiliaria (desde el terreno)<\/h2>\n<ul data-start=\"5271\" data-end=\"5876\">\n<li data-start=\"5271\" data-end=\"5421\">\n<p data-start=\"5273\" data-end=\"5421\"><strong data-start=\"5273\" data-end=\"5305\">La microlocalizaci\u00f3n vence al plano:<\/strong> En Cala d&#8217;Or, la calle y la proximidad a la bah\u00eda suelen ser m\u00e1s decisivas para el potencial de alquiler\/valor que 10 m\u00b2 m\u00e1s de superficie habitable.<\/p>\n<\/li>\n<li data-start=\"5422\" data-end=\"5534\">\n<p data-start=\"5424\" data-end=\"5534\"><strong data-start=\"5424\" data-end=\"5443\">Comprueba la temporada:<\/strong> Si quieres paz y tranquilidad, comprueba la ubicaci\u00f3n, lejos de las principales rutas de autopista, sobre todo en julio\/agosto.<\/p>\n<\/li>\n<li data-start=\"5535\" data-end=\"5720\">\n<p data-start=\"5537\" data-end=\"5720\"><strong data-start=\"5537\" data-end=\"5573\">Combina<\/strong> <strong data-start=\"5632\" data-end=\"5652\">puerto y playa<\/strong>: Ya sea para uso propio o para alquilar, la distancia a pie al <strong data-start=\"5632\" data-end=\"5652\">puerto y a la playa<\/strong> es un argumento claro.<\/p>\n<\/li>\n<li data-start=\"5721\" data-end=\"5876\">\n<p data-start=\"5723\" data-end=\"5876\"><strong data-start=\"5723\" data-end=\"5751\">Sin perder de vista la naturaleza:<\/strong> La proximidad al <strong data-start=\"5761\" data-end=\"5789\">Parc Natural de Mondrag\u00f3<\/strong> es un plus para el valor recreativo y para los compradores.<\/p>\n<\/li>\n<\/ul>\n<h2 data-start=\"5883\" data-end=\"5924\"><\/h2>\n<h2 data-start=\"5883\" data-end=\"5924\">Preguntas frecuentes sobre Cala d&#8217;Or:<\/h2>\n<p data-start=\"5926\" data-end=\"6125\"><strong data-start=\"5926\" data-end=\"5974\">\u00bfEs \u00abcala d&#8217;or baleares\u00bb apta para familias?<\/strong><br data-start=\"5974\" data-end=\"5977\">S\u00ed, varias bah\u00edas de arena resguardadas (incluidas Serena y Esmeralda) son ideales para familias con ni\u00f1os. <\/p>\n<p data-start=\"6127\" data-end=\"6348\"><strong data-start=\"6127\" data-end=\"6177\">\u00bfC\u00f3mo es la arquitectura de cala d&#8217;or baleares?<\/strong><br data-start=\"6177\" data-end=\"6180\">Edificios encalados y c\u00fabicos de <strong data-start=\"6216\" data-end=\"6230\">estilo ibicenco<\/strong>, marca de la casa desde que Josep Costa Ferrer los dise\u00f1\u00f3 en los a\u00f1os 30.<\/p>\n<p data-start=\"6350\" data-end=\"6547\"><strong data-start=\"6350\" data-end=\"6374\">\u00bfHay un puerto deportivo?<\/strong><br data-start=\"6374\" data-end=\"6377\">S\u00ed, el <strong data-start=\"6385\" data-end=\"6405\">puerto deportivo<\/strong> de Cala <strong data-start=\"6385\" data-end=\"6405\">d&#8217;Or<\/strong>, en Cala Llonga, popular para pasear, disfrutar de la gastronom\u00eda y como base para actividades en barco\/yate.<\/p>\n<p data-start=\"6549\" data-end=\"6759\"><strong data-start=\"6549\" data-end=\"6598\">\u00bfQu\u00e9 playas pertenecen a cala d&#8217;or baleares?<\/strong><br data-start=\"6598\" data-end=\"6601\">Cala Gran, Cala Esmeralda, Cala Serena y Cala Petita, todas ellas de arena fina y aguas de color turquesa.<\/p>\n<ul>\n<li data-start=\"6549\" data-end=\"6759\"><a href=\"https:\/\/www.lucasfroeserealestate.com\/es\/immobilien-in-cala-dor\/\">Inmobiliaria en Cala d&#8217;Or<\/a><\/li>\n<li data-start=\"6549\" data-end=\"6759\"><a href=\"https:\/\/www.lucasfroeserealestate.com\/es\/comprar-un-chalet-en-mallorca\/\">Comprar un chalet en Mallorca<\/a><\/li>\n<li data-start=\"6549\" data-end=\"6759\"><a href=\"https:\/\/www.lucasfroeserealestate.com\/es\/immobilien-in-portocolom\/\">Inmobiliaria Portocolom<\/a><\/li>\n<li data-start=\"6549\" data-end=\"6759\"><a href=\"https:\/\/www.lucasfroeserealestate.com\/es\/comprar-una-finca-en-mallorca\/\">Comprar una finca en Mallorca<\/a><\/li>\n<\/ul>\n<h3 data-start=\"7294\" data-end=\"7340\">\u00bfListo para descubrir Cala d&#8217;Or en persona?<\/h3>\n<p data-start=\"7341\" data-end=\"7567\">Proporcionamos asesoramiento <strong data-start=\"7357\" data-end=\"7371\">independiente<\/strong> sobre ubicaciones, propiedades y arrendabilidad, desde la primera visita hasta la cita con el notario. Dinos lo que es importante para ti: <strong data-start=\"7500\" data-end=\"7528\">la Inmobiliaria Lucas Froese<\/strong> encontrar\u00e1 el inmueble adecuado para ti. <\/p>\n<div id=\"gtx-trans\" style=\"position: absolute; left: 20px; top: 1873.81px;\">\n<div class=\"gtx-trans-icon\"><\/div>\n<\/div>\n","protected":false},"excerpt":{"rendered":"<p>Cala d&#8217;Or, en el sureste de Mallorca Si buscas un lugar que combine una animada vida diurna y nocturna, resplandecientes calas de color turquesa y una arquitectura pulcra y encalada, Cala d&#8217;Or Baleares es tu sitio. Con un vibrante mercado inmobiliario, y una de las regiones de Mallorca que m\u00e1s ha crecido en los \u00faltimos&#8230;<\/p>\n","protected":false},"author":1,"featured_media":72315,"comment_status":"closed","ping_status":"closed","sticky":false,"template":"","format":"standard","meta":{"footnotes":""},"categories":[4140,4143,4139],"tags":[],"class_list":["post-72465","post","type-post","status-publish","format-standard","has-post-thumbnail","hentry","category-actividades","category-gastronomia","category-ubicaciones"],"_links":{"self":[{"href":"https:\/\/www.lucasfroeserealestate.com\/es\/wp-json\/wp\/v2\/posts\/72465","targetHints":{"allow":["GET"]}}],"collection":[{"href":"https:\/\/www.lucasfroeserealestate.com\/es\/wp-json\/wp\/v2\/posts"}],"about":[{"href":"https:\/\/www.lucasfroeserealestate.com\/es\/wp-json\/wp\/v2\/types\/post"}],"author":[{"embeddable":true,"href":"https:\/\/www.lucasfroeserealestate.com\/es\/wp-json\/wp\/v2\/users\/1"}],"replies":[{"embeddable":true,"href":"https:\/\/www.lucasfroeserealestate.com\/es\/wp-json\/wp\/v2\/comments?post=72465"}],"version-history":[{"count":0,"href":"https:\/\/www.lucasfroeserealestate.com\/es\/wp-json\/wp\/v2\/posts\/72465\/revisions"}],"wp:featuredmedia":[{"embeddable":true,"href":"https:\/\/www.lucasfroeserealestate.com\/es\/wp-json\/wp\/v2\/media\/72315"}],"wp:attachment":[{"href":"https:\/\/www.lucasfroeserealestate.com\/es\/wp-json\/wp\/v2\/media?parent=72465"}],"wp:term":[{"taxonomy":"category","embeddable":true,"href":"https:\/\/www.lucasfroeserealestate.com\/es\/wp-json\/wp\/v2\/categories?post=72465"},{"taxonomy":"post_tag","embeddable":true,"href":"https:\/\/www.lucasfroeserealestate.com\/es\/wp-json\/wp\/v2\/tags?post=72465"}],"curies":[{"name":"wp","href":"https:\/\/api.w.org\/{rel}","templated":true}]}}