{"id":72302,"date":"2025-08-16T09:55:14","date_gmt":"2025-08-16T07:55:14","guid":{"rendered":"https:\/\/www.lucasfroeserealestate.com\/el-pueblo-de-santanyi-sus-secretos-y-sus-origenes\/"},"modified":"2025-08-16T09:55:14","modified_gmt":"2025-08-16T07:55:14","slug":"el-pueblo-de-santanyi-sus-secretos-y-sus-origenes","status":"publish","type":"post","link":"https:\/\/www.lucasfroeserealestate.com\/es\/el-pueblo-de-santanyi-sus-secretos-y-sus-origenes\/","title":{"rendered":"El pueblo de Santany\u00ed, sus secretos y sus or\u00edgenes&#8230;"},"content":{"rendered":"<h2 data-start=\"461\" data-end=\"502\">Por qu\u00e9 Santany\u00ed conquista tantos corazones<\/h2>\n<p data-start=\"503\" data-end=\"903\">Santany\u00ed representa esa especial \u00absensaci\u00f3n de vida lenta\u00bb del sureste de Mallorca: casas de piedra dorada, plazas solitarias, peque\u00f1os estudios y una gastronom\u00eda relajada en lugar de ruidosa. Aqu\u00ed puedes sentir el encanto en las callejuelas, y las <a href=\"https:\/\/www.lucasfroeserealestate.com\/es\/immobilien-santanyi\/\">propiedades de Santany\u00ed<\/a> llevan a\u00f1os entre las m\u00e1s codiciadas del sureste de la isla. La <strong data-start=\"727\" data-end=\"746\">arenisca<\/strong> local <strong data-start=\"727\" data-end=\"746\">de Mar\u00e9s<\/strong> es especialmente caracter\u00edstica, y da a las casas su tono c\u00e1lido y meloso, desde la hist\u00f3rica puerta del pueblo de <strong data-start=\"833\" data-end=\"849\">Porta Murada<\/strong> hasta la iglesia.  <\/p>\n<h2 data-start=\"905\" data-end=\"939\">Casco antiguo, Porta Murada y mercados<\/h2>\n<p data-start=\"940\" data-end=\"1238\">Al pasear por el casco antiguo, dif\u00edcilmente se puede eludir <strong data-start=\"997\" data-end=\"1013\">la Porta Murada<\/strong>, vestigio de las antiguas fortificaciones de la ciudad que anta\u00f1o proteg\u00edan Santany\u00ed de los piratas. Hoy es un punto de referencia fotog\u00e9nico y un hermoso punto de partida para cualquier paseo por la ciudad. <\/p>\n<p data-start=\"1240\" data-end=\"1513\"><strong data-start=\"1240\" data-end=\"1256\"><a href=\"https:\/\/www.lucasfroeserealestate.com\/es\/cuando-es-el-mercado-en-santanyi\/\">Mercado semanal en Santany\u00ed<\/a>:<\/strong> Los mi\u00e9rcoles y s\u00e1bados (aprox. <strong data-start=\"1285\" data-end=\"1297\">de 9 a 13 h<\/strong>), el casco antiguo se llena de m\u00e1s de 150 puestos: Fruta y verdura directamente de los agricultores, artesan\u00eda, flores, moda. Un animado lugar de encuentro para lugare\u00f1os y nuevos mallorquines. Para desayunar te recomendamos Sa Botiga o el Caf\u00e9 VAL, en la plaza, pero es mejor que llegues pronto, \u00a1de lo contrario ser\u00e1 dif\u00edcil conseguir sitio!  <\/p>\n<div id=\"attachment_72285\" style=\"width: 1210px\" class=\"wp-caption alignnone\"><img decoding=\"async\" aria-describedby=\"caption-attachment-72285\" class=\"size-full wp-image-72285\" src=\"https:\/\/www.lucasfroeserealestate.com\/wp-content\/uploads\/2025\/08\/Diseno-sin-titulo-2025-08-16T091338758.jpg\" alt=\"El pueblo de Santanyi para el mercado semanal\" width=\"1200\" height=\"800\" title=\"\" srcset=\"https:\/\/www.lucasfroeserealestate.com\/wp-content\/uploads\/2025\/08\/Diseno-sin-titulo-2025-08-16T091338758.jpg 1200w, https:\/\/www.lucasfroeserealestate.com\/wp-content\/uploads\/2025\/08\/Diseno-sin-titulo-2025-08-16T091338758-300x200.jpg 300w, https:\/\/www.lucasfroeserealestate.com\/wp-content\/uploads\/2025\/08\/Diseno-sin-titulo-2025-08-16T091338758-1024x683.jpg 1024w, https:\/\/www.lucasfroeserealestate.com\/wp-content\/uploads\/2025\/08\/Diseno-sin-titulo-2025-08-16T091338758-768x512.jpg 768w, https:\/\/www.lucasfroeserealestate.com\/wp-content\/uploads\/2025\/08\/Diseno-sin-titulo-2025-08-16T091338758-150x100.jpg 150w, https:\/\/www.lucasfroeserealestate.com\/wp-content\/uploads\/2025\/08\/Diseno-sin-titulo-2025-08-16T091338758-488x326.jpg 488w\" sizes=\"(max-width: 1200px) 100vw, 1200px\" \/><p id=\"caption-attachment-72285\" class=\"wp-caption-text\">El pueblo de Santanyi para el mercado semanal<\/p><\/div>\n<h2 data-start=\"1515\" data-end=\"1566\">Playas y naturaleza: Santany\u00ed como \u00abcampamento base\u00bb junto al mar<\/h2>\n<p data-start=\"1567\" data-end=\"1670\">Santany\u00ed tiene una ubicaci\u00f3n ideal si quieres tener muchas de las <strong data-start=\"1607\" data-end=\"1638\">bah\u00edas m\u00e1s hermosas de<\/strong> Mallorca a la puerta de casa:<\/p>\n<ul data-start=\"1672\" data-end=\"2260\">\n<li data-start=\"1672\" data-end=\"1816\">\n<p data-start=\"1674\" data-end=\"1816\"><strong data-start=\"1674\" data-end=\"1691\">Cal\u00f3 des Moro<\/strong> - bah\u00eda verde esmeralda de postal (acceso por Cala Llombards). Merece la pena llegar pronto. <\/p>\n<\/li>\n<li data-start=\"1817\" data-end=\"1918\">\n<p data-start=\"1819\" data-end=\"1918\"><a href=\"https:\/\/www.lucasfroeserealestate.com\/es\/cala-santanyi\/\"><strong data-start=\"1819\" data-end=\"1836\">Cala Santany\u00ed<\/strong><\/a> - Cala familiar con arena fina, deportes acu\u00e1ticos y distancias cortas.<\/p>\n<\/li>\n<li data-start=\"1919\" data-end=\"2053\">\n<p data-start=\"1921\" data-end=\"2053\"><strong data-start=\"1921\" data-end=\"1939\">Cala Llombards<\/strong> - amplia bah\u00eda de arena, tranquila y relajada; a pocos minutos del centro de la ciudad. El chiringuito es conocido por su deliciosa comida y pescado fresco (consejo personal: los mejillones \u00abNavajas\u00bb, \u00a1un sue\u00f1o!) <\/p>\n<\/li>\n<li data-start=\"2054\" data-end=\"2260\">\n<p data-start=\"2056\" data-end=\"2260\"><strong data-start=\"2056\" data-end=\"2078\">Parque Natural de Mondrag\u00f3<\/strong> - dos bah\u00edas de ensue\u00f1o<strong data-start=\"2100\" data-end=\"2117\">(Cala Mondrag\u00f3<\/strong> y <strong data-start=\"2120\" data-end=\"2134\">S&#8217;Amarador<\/strong>) y f\u00e1ciles senderos costeros a trav\u00e9s de pinares; ideal para ir de playa en playa y hacer peque\u00f1as excursiones.<\/p>\n<\/li>\n<\/ul>\n<div id=\"attachment_72288\" style=\"width: 1210px\" class=\"wp-caption alignnone\"><img decoding=\"async\" aria-describedby=\"caption-attachment-72288\" class=\"size-full wp-image-72288\" src=\"https:\/\/www.lucasfroeserealestate.com\/wp-content\/uploads\/2025\/08\/Diseno-sin-titulo-2025-08-16T091512569.jpg\" alt=\"Cala Santany\u00ed\" width=\"1200\" height=\"800\" title=\"\" srcset=\"https:\/\/www.lucasfroeserealestate.com\/wp-content\/uploads\/2025\/08\/Diseno-sin-titulo-2025-08-16T091512569.jpg 1200w, https:\/\/www.lucasfroeserealestate.com\/wp-content\/uploads\/2025\/08\/Diseno-sin-titulo-2025-08-16T091512569-300x200.jpg 300w, https:\/\/www.lucasfroeserealestate.com\/wp-content\/uploads\/2025\/08\/Diseno-sin-titulo-2025-08-16T091512569-1024x683.jpg 1024w, https:\/\/www.lucasfroeserealestate.com\/wp-content\/uploads\/2025\/08\/Diseno-sin-titulo-2025-08-16T091512569-768x512.jpg 768w, https:\/\/www.lucasfroeserealestate.com\/wp-content\/uploads\/2025\/08\/Diseno-sin-titulo-2025-08-16T091512569-150x100.jpg 150w, https:\/\/www.lucasfroeserealestate.com\/wp-content\/uploads\/2025\/08\/Diseno-sin-titulo-2025-08-16T091512569-488x326.jpg 488w\" sizes=\"(max-width: 1200px) 100vw, 1200px\" \/><p id=\"caption-attachment-72288\" class=\"wp-caption-text\">Cala Santany\u00ed<\/p><\/div>\n<ul>\n<li data-start=\"2262\" data-end=\"2308\"><a href=\"https:\/\/www.lucasfroeserealestate.com\/es\/immobilien-santanyi\/\">Comprar una propiedad en Santanyi<\/a><\/li>\n<\/ul>\n<h2 data-start=\"2262\" data-end=\"2308\">Cala Figuera: el pueblo pesquero de postal<\/h2>\n<p data-start=\"2309\" data-end=\"2593\">A poca distancia en coche de Santany\u00ed se encuentra <a href=\"https:\/\/www.lucasfroeserealestate.com\/es\/cala-figuera-el-encantador-pueblecito-pesquero-del-sureste\/\"><strong data-start=\"2366\" data-end=\"2382\">Cala Figuera<\/strong><\/a> enclavada en la tierra como un fiordo en forma de \u00abY\u00bb: barcas de pesca (\u00abLla\u00fcts\u00bb), agua que se mece suavemente, viejos cobertizos para barcas - maravilloso para pasear, hacer fotos y disfrutar de un caf\u00e9 en el muelle.<\/p>\n<div id=\"attachment_72291\" style=\"width: 1210px\" class=\"wp-caption alignnone\"><img decoding=\"async\" aria-describedby=\"caption-attachment-72291\" class=\"size-full wp-image-72291\" src=\"https:\/\/www.lucasfroeserealestate.com\/wp-content\/uploads\/2025\/08\/Diseno-sin-titulo-2025-08-16T091855597.jpg\" alt=\"Puerto de Santanyi Cala Figuera\" width=\"1200\" height=\"800\" title=\"\" srcset=\"https:\/\/www.lucasfroeserealestate.com\/wp-content\/uploads\/2025\/08\/Diseno-sin-titulo-2025-08-16T091855597.jpg 1200w, https:\/\/www.lucasfroeserealestate.com\/wp-content\/uploads\/2025\/08\/Diseno-sin-titulo-2025-08-16T091855597-300x200.jpg 300w, https:\/\/www.lucasfroeserealestate.com\/wp-content\/uploads\/2025\/08\/Diseno-sin-titulo-2025-08-16T091855597-1024x683.jpg 1024w, https:\/\/www.lucasfroeserealestate.com\/wp-content\/uploads\/2025\/08\/Diseno-sin-titulo-2025-08-16T091855597-768x512.jpg 768w, https:\/\/www.lucasfroeserealestate.com\/wp-content\/uploads\/2025\/08\/Diseno-sin-titulo-2025-08-16T091855597-150x100.jpg 150w, https:\/\/www.lucasfroeserealestate.com\/wp-content\/uploads\/2025\/08\/Diseno-sin-titulo-2025-08-16T091855597-488x326.jpg 488w\" sizes=\"(max-width: 1200px) 100vw, 1200px\" \/><p id=\"caption-attachment-72291\" class=\"wp-caption-text\">Puerto de Santanyi Cala Figuera<\/p><\/div>\n<h2 data-start=\"2595\" data-end=\"2616\">Conexi\u00f3n y vida cotidiana<\/h2>\n<p data-start=\"2617\" data-end=\"2856\">Dependiendo del tr\u00e1fico, se tarda unos <strong data-start=\"2680\" data-end=\"2697\">40-50 minutos<\/strong> en coche hasta <strong data-start=\"2621\" data-end=\"2646\">el aeropuerto de Palma (PMI)<\/strong> (unos 45-55 km). Hay conexiones de autob\u00fas v\u00eda Campos\/Palma, pero el coche sigue siendo c\u00f3modo para la vida cotidiana. <\/p>\n<h2 data-start=\"2858\" data-end=\"2912\">Vivienda e inmuebles en Santany\u00ed: \u00bfqu\u00e9 te conviene?<\/h2>\n<p data-start=\"2913\" data-end=\"2993\">Santany\u00ed ofrece una experiencia vital polifac\u00e9tica: desde tranquila y rural hasta mar\u00edtima:<\/p>\n<ul data-start=\"2995\" data-end=\"3574\">\n<li data-start=\"2995\" data-end=\"3191\">\n<p data-start=\"2997\" data-end=\"3191\"><strong data-start=\"2997\" data-end=\"3024\">Casco antiguo y casas adosadas:<\/strong> aut\u00e9nticas casas adosadas de piedra de Mar\u00e9s, a menudo con patios, azoteas y mucho encanto, ideales si te gusta \u00abvivir a pie\u00bb.<\/p>\n<\/li>\n<li data-start=\"3192\" data-end=\"3355\">\n<p data-start=\"3194\" data-end=\"3355\"><strong data-start=\"3194\" data-end=\"3267\"><a href=\"https:\/\/www.lucasfroeserealestate.com\/es\/comprar-una-finca-en-mallorca\/\">Fincas en Mallorca<\/a> en los alrededores (por ejemplo, entre Santany\u00ed, Cas Concos, Es Llombards):<\/strong> Vistas lejanas, olivares y almendros, intimidad: el cl\u00e1sico anhelo mallorqu\u00edn.<\/p>\n<\/li>\n<li data-start=\"3356\" data-end=\"3574\">\n<p data-start=\"3358\" data-end=\"3574\"><strong data-start=\"3358\" data-end=\"3432\">Lugares costeros (Cala Santany\u00ed, Cala Figuera, Cala Llombards, Portopetro):<\/strong> Mar, calas de ba\u00f1o y embarcadero a poca distancia; popular para uso vacacional y como \u00abencierra y deja\u00bb.<\/p>\n<\/li>\n<\/ul>\n<p data-start=\"3576\" data-end=\"3858\"><strong data-start=\"3576\" data-end=\"3619\">Nuestra impresi\u00f3n desde nuestra consulta:<\/strong> Son especialmente populares las casas adosadas reformadas en el casco antiguo (distancias cortas, mercado a la puerta) y las fincas con aire vacacional, adem\u00e1s de los pisos o chalets en las calas para los que quieren la bah\u00eda literalmente \u00abal final de la calle\u00bb.<\/p>\n<h2 data-start=\"3860\" data-end=\"3887\">Breve explicaci\u00f3n de las microcapas<\/h2>\n<ul data-start=\"3888\" data-end=\"4419\">\n<li data-start=\"3888\" data-end=\"3981\">\n<p data-start=\"3890\" data-end=\"3981\"><strong data-start=\"3890\" data-end=\"3911\">Centro de Santany\u00ed:<\/strong> m\u00e1ximo confort cotidiano, restaurantes y mercado, animado todo el a\u00f1o.<\/p>\n<ul data-start=\"3888\" data-end=\"4419\">\n<li data-start=\"3888\" data-end=\"3981\">Pla\u00e7a Major - punto de encuentro central; la iglesia y el ayuntamiento se encuentran aqu\u00ed, tambi\u00e9n hay mercado los mi\u00e9rcoles y s\u00e1bados.<\/li>\n<li data-start=\"3888\" data-end=\"3981\">Esgl\u00e9sia de Sant Andreu (Pla\u00e7a Major 31) - iglesia parroquial con el famoso \u00f3rgano barroco de Jordi Bosch.<\/li>\n<li data-start=\"3888\" data-end=\"3981\">Ajuntament de Santany\u00ed (Pla\u00e7a Major 12) - Ayuntamiento en la plaza mayor.<\/li>\n<li data-start=\"3888\" data-end=\"3981\">Teatre Principal de Santany\u00ed - centro cultural, inaugurado como cine en 1925.<\/li>\n<li data-start=\"3888\" data-end=\"3981\">Casa de Cultura \u00abSes Cases Noves\u00bb - exposiciones y programa cultural.<\/li>\n<li data-start=\"3888\" data-end=\"3981\">Galer\u00eda a66 (C\/ de Cas Majoral 8) - arte contempor\u00e1neo.<\/li>\n<li data-start=\"3888\" data-end=\"3981\">Galeria Frank Kr\u00fcger (C\/ d&#8217;es Centro 18) - nueva sucursal en Santany\u00ed.<\/li>\n<li data-start=\"3888\" data-end=\"3981\">Galer\u00eda LW (LW Contemporary Art Gallery) - Carrer de la Mar 16, 07650 Santany\u00ed - arte contempor\u00e1neo, c\u00e9ntrica (cerca de un gran aparcamiento gratuito). Muy recomendable \u00a1LW Gallery es tambi\u00e9n una de nuestras favoritas! <\/li>\n<li data-start=\"3888\" data-end=\"3981\">Boutique de arte Britta Hurter (Studio Santany\u00ed) - Carrer del Centro 5, 07650 Santany\u00ed - Estudio\/galer\u00eda con obras contempor\u00e1neas, en pleno casco antiguo. Te encantar\u00e1 especialmente el arte de Britta, nosotros mismos tenemos varios de sus grandes cuadros expuestos en nuestra oficina (como \u00abel Riueto\u00bb o el colorido \u00abtoro\u00bb). <\/li>\n<\/ul>\n<\/li>\n<li data-start=\"3982\" data-end=\"4114\">\n<p data-start=\"3984\" data-end=\"4114\"><strong data-start=\"3984\" data-end=\"4019\">Cala Santany\u00ed y Cala Llombards:<\/strong> Cerca de la playa, familiar; m\u00e1s animada en verano.<\/p>\n<\/li>\n<li data-start=\"4115\" data-end=\"4269\">\n<p data-start=\"4117\" data-end=\"4269\"><strong data-start=\"4117\" data-end=\"4134\">Cala Figuera:<\/strong> pintoresca, con aires mar\u00edtimos en lugar de la cl\u00e1sica playa de ba\u00f1o, perfecta para pasear por el puerto.<\/p>\n<\/li>\n<li data-start=\"4270\" data-end=\"4419\">\n<p data-start=\"4272\" data-end=\"4419\"><strong data-start=\"4272\" data-end=\"4300\">Cerca del Parque Natural de Mondrag\u00f3:<\/strong> bah\u00edas de ba\u00f1o + naturaleza, paisajes de primera para corredores, senderistas, SUP y snorkel.<\/p>\n<\/li>\n<\/ul>\n<div id=\"attachment_72294\" style=\"width: 2410px\" class=\"wp-caption alignnone\"><img decoding=\"async\" aria-describedby=\"caption-attachment-72294\" class=\"size-full wp-image-72294\" src=\"https:\/\/www.lucasfroeserealestate.com\/wp-content\/uploads\/2025\/08\/Diseno-sin-titulo-2025-08-16T091424982.jpg\" alt=\"El pueblo de Santany\u00ed\" width=\"2400\" height=\"1600\" title=\"\" srcset=\"https:\/\/www.lucasfroeserealestate.com\/wp-content\/uploads\/2025\/08\/Diseno-sin-titulo-2025-08-16T091424982.jpg 2400w, https:\/\/www.lucasfroeserealestate.com\/wp-content\/uploads\/2025\/08\/Diseno-sin-titulo-2025-08-16T091424982-300x200.jpg 300w, https:\/\/www.lucasfroeserealestate.com\/wp-content\/uploads\/2025\/08\/Diseno-sin-titulo-2025-08-16T091424982-1024x683.jpg 1024w, https:\/\/www.lucasfroeserealestate.com\/wp-content\/uploads\/2025\/08\/Diseno-sin-titulo-2025-08-16T091424982-768x512.jpg 768w, https:\/\/www.lucasfroeserealestate.com\/wp-content\/uploads\/2025\/08\/Diseno-sin-titulo-2025-08-16T091424982-1536x1024.jpg 1536w, https:\/\/www.lucasfroeserealestate.com\/wp-content\/uploads\/2025\/08\/Diseno-sin-titulo-2025-08-16T091424982-2048x1365.jpg 2048w, https:\/\/www.lucasfroeserealestate.com\/wp-content\/uploads\/2025\/08\/Diseno-sin-titulo-2025-08-16T091424982-150x100.jpg 150w, https:\/\/www.lucasfroeserealestate.com\/wp-content\/uploads\/2025\/08\/Diseno-sin-titulo-2025-08-16T091424982-488x326.jpg 488w\" sizes=\"(max-width: 2400px) 100vw, 2400px\" \/><p id=\"caption-attachment-72294\" class=\"wp-caption-text\">El pueblo de Santany\u00ed<\/p><\/div>\n<h2 data-start=\"4421\" data-end=\"4464\">Vive como un lugare\u00f1o - 5 consejos relajados<\/h2>\n<ol data-start=\"4465\" data-end=\"5128\">\n<li data-start=\"4465\" data-end=\"4569\">\n<p data-start=\"4468\" data-end=\"4569\"><strong data-start=\"4468\" data-end=\"4496\">Mi\u00e9rcoles por la ma\u00f1ana al mercado y desayuno<\/strong> (menos concurrido, mejor selecci\u00f3n).<\/p>\n<\/li>\n<li data-start=\"4570\" data-end=\"4691\">\n<p data-start=\"4573\" data-end=\"4691\"><strong data-start=\"4573\" data-end=\"4610\">Puesta de sol en los acantilados<\/strong> entre Cala Llombards y Es Pont\u00e0s.<\/p>\n<\/li>\n<li data-start=\"4692\" data-end=\"4826\">\n<p data-start=\"4695\" data-end=\"4826\"><strong data-start=\"4695\" data-end=\"4730\">Sendero costero en el Parque Natural de Mondrag\u00f3<\/strong>: sendero corto y familiar con fant\u00e1sticas vistas.<\/p>\n<\/li>\n<li data-start=\"4827\" data-end=\"4939\">\n<p data-start=\"4830\" data-end=\"4939\"><strong data-start=\"4830\" data-end=\"4861\">Pasea por el puerto de Cala Figuera<\/strong>, al atardecer, cuando la luz es suave.<\/p>\n<\/li>\n<li data-start=\"4940\" data-end=\"5128\">\n<p data-start=\"4943\" data-end=\"5128\"><strong data-start=\"4943\" data-end=\"4967\">Disfruta todo el a\u00f1o:<\/strong> Muchos caf\u00e9s y restaurantes abren tambi\u00e9n fuera de temporada: el mejor momento para vivir Santany\u00ed \u00abpor ti mismo\u00bb.<\/p>\n<\/li>\n<\/ol>\n<div id=\"attachment_72297\" style=\"width: 310px\" class=\"wp-caption alignright\"><img decoding=\"async\" aria-describedby=\"caption-attachment-72297\" class=\"wp-image-72297 size-medium\" src=\"https:\/\/www.lucasfroeserealestate.com\/wp-content\/uploads\/2025\/08\/Diseno-sin-titulo-2025-08-16T092025592-300x200.jpg\" alt=\"Desayuno Pamboli en Santanyi\" width=\"300\" height=\"200\" title=\"\" srcset=\"https:\/\/www.lucasfroeserealestate.com\/wp-content\/uploads\/2025\/08\/Diseno-sin-titulo-2025-08-16T092025592-300x200.jpg 300w, https:\/\/www.lucasfroeserealestate.com\/wp-content\/uploads\/2025\/08\/Diseno-sin-titulo-2025-08-16T092025592-1024x683.jpg 1024w, https:\/\/www.lucasfroeserealestate.com\/wp-content\/uploads\/2025\/08\/Diseno-sin-titulo-2025-08-16T092025592-768x512.jpg 768w, https:\/\/www.lucasfroeserealestate.com\/wp-content\/uploads\/2025\/08\/Diseno-sin-titulo-2025-08-16T092025592-150x100.jpg 150w, https:\/\/www.lucasfroeserealestate.com\/wp-content\/uploads\/2025\/08\/Diseno-sin-titulo-2025-08-16T092025592-488x326.jpg 488w, https:\/\/www.lucasfroeserealestate.com\/wp-content\/uploads\/2025\/08\/Diseno-sin-titulo-2025-08-16T092025592.jpg 1200w\" sizes=\"(max-width: 300px) 100vw, 300px\" \/><p id=\"caption-attachment-72297\" class=\"wp-caption-text\">Desayuno Pamboli en Santanyi<\/p><\/div>\n<h2 data-start=\"5135\" data-end=\"5153\">Preguntas frecuentes sobre Santany\u00ed<\/h2>\n<p data-start=\"5155\" data-end=\"5397\"><strong data-start=\"5155\" data-end=\"5194\">\u00bfVale la pena vivir en Santany\u00ed todo el a\u00f1o?<\/strong><br data-start=\"5194\" data-end=\"5197\">S\u00ed, el casco antiguo permanece activo incluso en invierno, el clima es suave y la situaci\u00f3n del abastecimiento es buena. Las playas y senderos del Parque Natural de Mondrag\u00f3 son especialmente tranquilos entonces. <\/p>\n<p data-start=\"5399\" data-end=\"5646\"><strong data-start=\"5399\" data-end=\"5438\">\u00bfQu\u00e9 playas pertenecen a Santany\u00ed?<\/strong><br data-start=\"5438\" data-end=\"5441\">Entre otras <a href=\"https:\/\/www.lucasfroeserealestate.com\/es\/cala-santanyi\/\"><strong data-start=\"5455\" data-end=\"5472\">Cala Santany\u00ed<\/strong><\/a><strong data-start=\"5474\" data-end=\"5492\">Cala Llombards<\/strong>, <strong data-start=\"5494\" data-end=\"5511\">Cal\u00f3 des Moro<\/strong> y las calas de <strong data-start=\"5569\" data-end=\"5586\">Cala Mondrag\u00f3<\/strong> y <strong data-start=\"5591\" data-end=\"5605\">S&#8217;Amarador<\/strong> en el vecino <strong data-start=\"5534\" data-end=\"5556\">Parque Natural de Mondrag\u00f3<\/strong>.<\/p>\n<p data-start=\"5648\" data-end=\"5841\"><strong data-start=\"5648\" data-end=\"5694\">\u00bfC\u00f3mo llego del aeropuerto a Santany\u00ed?<\/strong><br data-start=\"5694\" data-end=\"5697\">En coche, en unos <strong data-start=\"5718\" data-end=\"5735\">40-50 minutos<\/strong>; alternativamente, hay conexiones de autob\u00fas con transbordo (por ejemplo, v\u00eda Campos\/Palma).<\/p>\n<h2 data-start=\"5848\" data-end=\"5903\"><\/h2>\n<h2 data-start=\"5848\" data-end=\"5903\">Tu pr\u00f3ximo paso - con Lucas Froese Inmobiliaria<\/h2>\n<p data-start=\"5904\" data-end=\"6297\">Ya sea una <strong data-start=\"5907\" data-end=\"5936\">casa de pueblo en el casco antiguo<\/strong>, una <strong data-start=\"5938\" data-end=\"5964\">finca moderna con piscina<\/strong> o <strong data-start=\"5970\" data-end=\"5991\">una casa con vistas al mar<\/strong> en las calas: conocemos Santany\u00ed gracias a nuestras visitas diarias, incluidas las microlocalizaciones, los permisos de obra, los asuntos relacionados con el alquiler vacacional y una red de comerciantes.<\/p>\n<div id=\"attachment_72052\" style=\"width: 410px\" class=\"wp-caption alignright\"><img decoding=\"async\" aria-describedby=\"caption-attachment-72052\" class=\"size-full wp-image-72052\" src=\"https:\/\/www.lucasfroeserealestate.com\/wp-content\/uploads\/2025\/08\/immobilien-mallorca-lucas-froese-011-1.jpg\" alt=\"Inmobiliaria Mallorca Lucas Froese\" width=\"400\" height=\"600\" title=\"\" srcset=\"https:\/\/www.lucasfroeserealestate.com\/wp-content\/uploads\/2025\/08\/immobilien-mallorca-lucas-froese-011-1.jpg 400w, https:\/\/www.lucasfroeserealestate.com\/wp-content\/uploads\/2025\/08\/immobilien-mallorca-lucas-froese-011-1-200x300.jpg 200w, https:\/\/www.lucasfroeserealestate.com\/wp-content\/uploads\/2025\/08\/immobilien-mallorca-lucas-froese-011-1-100x150.jpg 100w\" sizes=\"(max-width: 400px) 100vw, 400px\" \/><p id=\"caption-attachment-72052\" class=\"wp-caption-text\">Inmobiliaria Mallorca Lucas Froese<\/p><\/div>\n<p data-start=\"5904\" data-end=\"6297\">Cualquiera que busque una propiedad en <strong data-start=\"759\" data-end=\"771\">Santany\u00ed<\/strong> se dar\u00e1 cuenta enseguida: el mercado despeg\u00f3 de verdad hace mucho tiempo. La ciudad es muy popular, sobre todo entre los compradores alemanes, y algunos precios han subido <strong data-start=\"975\" data-end=\"996\">entre un 40% y un 50%<\/strong> en pocos a\u00f1os. <\/p>\n<ul>\n<li data-start=\"5904\" data-end=\"6297\"><a href=\"https:\/\/www.lucasfroeserealestate.com\/es\/immobilien-santanyi\/\">Inmuebles en Santanyi<\/a><\/li>\n<li data-start=\"5904\" data-end=\"6297\"><a href=\"https:\/\/www.lucasfroeserealestate.com\/es\/comprar-una-finca-en-mallorca\/\">Comprar una finca en Mallorca<\/a><\/li>\n<li data-start=\"5904\" data-end=\"6297\"><a href=\"https:\/\/www.lucasfroeserealestate.com\/es\/immobilien-in-cala-dor\/\">Inmobiliaria en Cala d&#8217;Or<\/a><\/li>\n<li data-start=\"5904\" data-end=\"6297\"><a href=\"https:\/\/www.lucasfroeserealestate.com\/es\/immobilien-in-ses-salines\/\">Propiedades en Ses Salines<\/a><\/li>\n<\/ul>\n<p data-start=\"5904\" data-end=\"6297\"><strong data-start=\"6150\" data-end=\"6165\">Dinos<\/strong> qu\u00e9 tipo de vivienda buscas: encontraremos inmuebles adecuados para ti y te apoyaremos <strong data-start=\"6249\" data-end=\"6296\">desde la primera exposici\u00f3n hasta la entrega de las llaves.<\/strong><\/p>\n<p data-start=\"5904\" data-end=\"6297\">\n<p data-start=\"5904\" data-end=\"6297\">Mis mejores deseos desde la soleada isla,<br data-start=\"227\" data-end=\"230\">Tus <strong>Lucas<\/strong><\/p>\n<div id=\"gtx-trans\" style=\"position: absolute; left: 34px; top: 2113.08px;\">\n<div class=\"gtx-trans-icon\"><\/div>\n<\/div>\n","protected":false},"excerpt":{"rendered":"<p>Por qu\u00e9 Santany\u00ed conquista tantos corazones Santany\u00ed representa esa especial \u00absensaci\u00f3n de vida lenta\u00bb del sureste de Mallorca: casas de piedra dorada, plazas solitarias, peque\u00f1os estudios y una gastronom\u00eda relajada en lugar de ruidosa. Aqu\u00ed puedes sentir el encanto en las callejuelas, y las propiedades de Santany\u00ed llevan a\u00f1os entre las m\u00e1s codiciadas del sureste&#8230;<\/p>\n","protected":false},"author":1,"featured_media":72282,"comment_status":"closed","ping_status":"closed","sticky":false,"template":"","format":"standard","meta":{"footnotes":""},"categories":[4140,4143,4139],"tags":[],"class_list":["post-72302","post","type-post","status-publish","format-standard","has-post-thumbnail","hentry","category-actividades","category-gastronomia","category-ubicaciones"],"_links":{"self":[{"href":"https:\/\/www.lucasfroeserealestate.com\/es\/wp-json\/wp\/v2\/posts\/72302","targetHints":{"allow":["GET"]}}],"collection":[{"href":"https:\/\/www.lucasfroeserealestate.com\/es\/wp-json\/wp\/v2\/posts"}],"about":[{"href":"https:\/\/www.lucasfroeserealestate.com\/es\/wp-json\/wp\/v2\/types\/post"}],"author":[{"embeddable":true,"href":"https:\/\/www.lucasfroeserealestate.com\/es\/wp-json\/wp\/v2\/users\/1"}],"replies":[{"embeddable":true,"href":"https:\/\/www.lucasfroeserealestate.com\/es\/wp-json\/wp\/v2\/comments?post=72302"}],"version-history":[{"count":0,"href":"https:\/\/www.lucasfroeserealestate.com\/es\/wp-json\/wp\/v2\/posts\/72302\/revisions"}],"wp:featuredmedia":[{"embeddable":true,"href":"https:\/\/www.lucasfroeserealestate.com\/es\/wp-json\/wp\/v2\/media\/72282"}],"wp:attachment":[{"href":"https:\/\/www.lucasfroeserealestate.com\/es\/wp-json\/wp\/v2\/media?parent=72302"}],"wp:term":[{"taxonomy":"category","embeddable":true,"href":"https:\/\/www.lucasfroeserealestate.com\/es\/wp-json\/wp\/v2\/categories?post=72302"},{"taxonomy":"post_tag","embeddable":true,"href":"https:\/\/www.lucasfroeserealestate.com\/es\/wp-json\/wp\/v2\/tags?post=72302"}],"curies":[{"name":"wp","href":"https:\/\/api.w.org\/{rel}","templated":true}]}}