{"id":71376,"date":"2025-07-26T13:35:11","date_gmt":"2025-07-26T11:35:11","guid":{"rendered":"https:\/\/www.lucasfroeserealestate.com\/cuevas-del-dragon-mallorca-en-portocristo\/"},"modified":"2025-07-26T13:35:11","modified_gmt":"2025-07-26T11:35:11","slug":"cuevas-del-dragon-mallorca-en-portocristo","status":"publish","type":"post","link":"https:\/\/www.lucasfroeserealestate.com\/es\/cuevas-del-dragon-mallorca-en-portocristo\/","title":{"rendered":"Cuevas del Drag\u00f3n Mallorca en Portocristo"},"content":{"rendered":"<h1 data-start=\"0\" data-end=\"81\">Las cuevas del drag\u00f3n de Mallorca: una fascinante maravilla natural en la costa este<\/h1>\n<h2 data-start=\"83\" data-end=\"129\">Una experiencia inolvidable bajo tierra<\/h2>\n<p data-start=\"131\" data-end=\"592\">Bienvenido a un mundo de piedra, silencio y asombro: las <strong data-start=\"192\" data-end=\"212\">Cuevas del Drach<\/strong>, las famosas cuevas del drag\u00f3n de Mallorca. Enclavadas en el pintoresco paisaje cerca de <strong data-start=\"299\" data-end=\"315\">Porto Cristo<\/strong>, a los visitantes no s\u00f3lo les esperan impresionantes formaciones de estalactitas, sino tambi\u00e9n un lago subterr\u00e1neo que invita a dar un atmosf\u00e9rico paseo en barca. Las cuevas son un lugar lleno de magia y maravillas geol\u00f3gicas que deleitan a miles de visitantes cada a\u00f1o, y con raz\u00f3n.  <\/p>\n<h2 data-start=\"599\" data-end=\"635\"><\/h2>\n<h2 data-start=\"599\" data-end=\"635\">Las Cuevas del Drach de un vistazo<\/h2>\n<h3 data-start=\"637\" data-end=\"678\">Datos impresionantes de un vistazo<\/h3>\n<ul data-start=\"680\" data-end=\"1083\">\n<li data-start=\"680\" data-end=\"734\">\n<p data-start=\"682\" data-end=\"734\"><strong data-start=\"685\" data-end=\"693\">Ubicaci\u00f3n<\/strong>: Cerca de Porto Cristo, costa este de Mallorca<\/p>\n<\/li>\n<li data-start=\"735\" data-end=\"796\">\n<p data-start=\"737\" data-end=\"796\"><strong data-start=\"740\" data-end=\"758\">Horario de apertura<\/strong>: Todo el a\u00f1o (excepto 25.12. y 01.01.)<\/p>\n<\/li>\n<li data-start=\"797\" data-end=\"863\">\n<p data-start=\"799\" data-end=\"863\"><strong data-start=\"803\" data-end=\"815\">Entrada<\/strong>: 15 euros adultos, 8 euros ni\u00f1os (reserva en l\u00ednea)<\/p>\n<\/li>\n<li data-start=\"864\" data-end=\"923\">\n<p data-start=\"866\" data-end=\"923\"><strong data-start=\"869\" data-end=\"882\">Incluye<\/strong>: paseo en barco y concierto de m\u00fasica cl\u00e1sica en directo<\/p>\n<\/li>\n<li data-start=\"924\" data-end=\"990\">\n<p data-start=\"926\" data-end=\"990\"><strong data-start=\"929\" data-end=\"954\">Se permite hacer fotograf\u00edas<\/strong> (sin flash, excepto en los conciertos)<\/p>\n<\/li>\n<li data-start=\"991\" data-end=\"1041\">\n<p data-start=\"993\" data-end=\"1041\"><strong data-start=\"996\" data-end=\"1006\">Aparcamiento<\/strong>: Plazas de aparcamiento gratuitas disponibles<\/p>\n<\/li>\n<li data-start=\"1042\" data-end=\"1083\">\n<p data-start=\"1044\" data-end=\"1083\"><strong data-start=\"1048\" data-end=\"1069\">Duraci\u00f3n de la visita<\/strong>: 1 hora aprox.<\/p>\n<\/li>\n<\/ul>\n<h2 data-start=\"1090\" data-end=\"1136\"><\/h2>\n<h2 data-start=\"1090\" data-end=\"1136\">Un laberinto de estalactitas y leyendas<\/h2>\n<p data-start=\"1138\" data-end=\"1479\">El sistema de cuevas se extiende a lo largo de <strong data-start=\"1175\" data-end=\"1199\">m\u00e1s de 1.700 metros<\/strong> y fascina a los visitantes con sus innumerables estalactitas y estalagmitas, ambientadas por una iluminaci\u00f3n atmosf\u00e9rica. Las cuevas del drag\u00f3n ya se conoc\u00edan en el siglo XIV; hoy se han explorado cient\u00edficamente, pero su magia original permanece. <\/p>\n<h3 data-start=\"1481\" data-end=\"1533\">Lago Martel - Un lago de otro mundo<\/h3>\n<p data-start=\"1535\" data-end=\"1823\">Un lugar destacado es <strong data-start=\"1557\" data-end=\"1572\">el Lago Martel<\/strong>, uno de los mayores lagos subterr\u00e1neos de Europa. Los visitantes experimentan un suave paseo en barco acompa\u00f1ado de m\u00fasica cl\u00e1sica en directo. La ac\u00fastica del auditorio natural es incomparable: un concierto que se te mete en la piel.  <\/p>\n<div id=\"attachment_71368\" style=\"width: 1610px\" class=\"wp-caption alignnone\"><img decoding=\"async\" aria-describedby=\"caption-attachment-71368\" class=\"size-full wp-image-71368\" src=\"https:\/\/www.lucasfroeserealestate.com\/wp-content\/uploads\/2025\/07\/Diseno-sin-titulo-2025-07-26T133308442.jpg\" alt=\"Cueva del drag\u00f3n de Portocristo en Mallorca\" width=\"1600\" height=\"400\" title=\"\" srcset=\"https:\/\/www.lucasfroeserealestate.com\/wp-content\/uploads\/2025\/07\/Diseno-sin-titulo-2025-07-26T133308442.jpg 1600w, https:\/\/www.lucasfroeserealestate.com\/wp-content\/uploads\/2025\/07\/Diseno-sin-titulo-2025-07-26T133308442-300x75.jpg 300w, https:\/\/www.lucasfroeserealestate.com\/wp-content\/uploads\/2025\/07\/Diseno-sin-titulo-2025-07-26T133308442-1024x256.jpg 1024w, https:\/\/www.lucasfroeserealestate.com\/wp-content\/uploads\/2025\/07\/Diseno-sin-titulo-2025-07-26T133308442-768x192.jpg 768w, https:\/\/www.lucasfroeserealestate.com\/wp-content\/uploads\/2025\/07\/Diseno-sin-titulo-2025-07-26T133308442-1536x384.jpg 1536w, https:\/\/www.lucasfroeserealestate.com\/wp-content\/uploads\/2025\/07\/Diseno-sin-titulo-2025-07-26T133308442-150x38.jpg 150w\" sizes=\"(max-width: 1600px) 100vw, 1600px\" \/><p id=\"caption-attachment-71368\" class=\"wp-caption-text\">Cueva del drag\u00f3n de Portocristo en Mallorca<\/p><\/div>\n<h2 data-start=\"1830\" data-end=\"1870\">Horarios de visita e informaci\u00f3n estacional<\/h2>\n<p data-start=\"1872\" data-end=\"2036\">Las cuevas pueden visitarse sin gu\u00eda, lo que resulta ideal para quienes deseen experimentar esta maravilla natural a su propio ritmo. Los horarios de visita var\u00edan seg\u00fan la temporada: <\/p>\n<h3 data-start=\"2038\" data-end=\"2079\">Temporada alta (del 13 de marzo al 31 de octubre):<\/h3>\n<ul data-start=\"2080\" data-end=\"2143\">\n<li data-start=\"2080\" data-end=\"2143\">\n<p data-start=\"2082\" data-end=\"2143\">Horario de admisi\u00f3n: 10:00, 11:00, 12:00, 14:00, 15:00, 17:00<\/p>\n<\/li>\n<\/ul>\n<h3 data-start=\"2145\" data-end=\"2186\">Temporada baja (1 de noviembre - 12 de marzo):<\/h3>\n<ul data-start=\"2187\" data-end=\"2234\">\n<li data-start=\"2187\" data-end=\"2234\">\n<p data-start=\"2189\" data-end=\"2234\">Horario de admisi\u00f3n: 10:45, 12:00, 14:00, 15:30<\/p>\n<\/li>\n<\/ul>\n<blockquote data-start=\"2236\" data-end=\"2331\">\n<p data-start=\"2238\" data-end=\"2331\"><strong data-start=\"2238\" data-end=\"2249\">Nota<\/strong>: La entrada es puntual. Te recomendamos estar en el sitio con 30 minutos de antelaci\u00f3n. <\/p>\n<\/blockquote>\n<h2 data-start=\"2338\" data-end=\"2370\"><\/h2>\n<h2 data-start=\"2338\" data-end=\"2370\">Consejos de llegada y combinaci\u00f3n<\/h2>\n<h3 data-start=\"2372\" data-end=\"2403\">C\u00f3mo llegar a las cuevas<\/h3>\n<p data-start=\"2405\" data-end=\"2603\">A las cuevas del drag\u00f3n se llega desde <strong data-start=\"2432\" data-end=\"2453\">Palma de Mallorca<\/strong> en unos <strong data-start=\"2466\" data-end=\"2493\">60 minutos en coche<\/strong>. Tambi\u00e9n hay una conexi\u00f3n directa en autob\u00fas. Son f\u00e1ciles de encontrar gracias a una buena se\u00f1alizaci\u00f3n.  <\/p>\n<div id=\"attachment_71371\" style=\"width: 1610px\" class=\"wp-caption alignnone\"><img decoding=\"async\" aria-describedby=\"caption-attachment-71371\" class=\"size-full wp-image-71371\" src=\"https:\/\/www.lucasfroeserealestate.com\/wp-content\/uploads\/2025\/07\/Diseno-sin-titulo-2025-07-26T133430431.jpg\" alt=\"Cueva del drag\u00f3n de Portocristo en Mallorca\" width=\"1600\" height=\"400\" title=\"\" srcset=\"https:\/\/www.lucasfroeserealestate.com\/wp-content\/uploads\/2025\/07\/Diseno-sin-titulo-2025-07-26T133430431.jpg 1600w, https:\/\/www.lucasfroeserealestate.com\/wp-content\/uploads\/2025\/07\/Diseno-sin-titulo-2025-07-26T133430431-300x75.jpg 300w, https:\/\/www.lucasfroeserealestate.com\/wp-content\/uploads\/2025\/07\/Diseno-sin-titulo-2025-07-26T133430431-1024x256.jpg 1024w, https:\/\/www.lucasfroeserealestate.com\/wp-content\/uploads\/2025\/07\/Diseno-sin-titulo-2025-07-26T133430431-768x192.jpg 768w, https:\/\/www.lucasfroeserealestate.com\/wp-content\/uploads\/2025\/07\/Diseno-sin-titulo-2025-07-26T133430431-1536x384.jpg 1536w, https:\/\/www.lucasfroeserealestate.com\/wp-content\/uploads\/2025\/07\/Diseno-sin-titulo-2025-07-26T133430431-150x38.jpg 150w\" sizes=\"(max-width: 1600px) 100vw, 1600px\" \/><p id=\"caption-attachment-71371\" class=\"wp-caption-text\">Cueva del drag\u00f3n de Portocristo en Mallorca<\/p><\/div>\n<h2 data-start=\"2610\" data-end=\"2662\">Porto Cristo - Encantadora ciudad costera con car\u00e1cter<\/h2>\n<p data-start=\"2664\" data-end=\"2910\">Combina tu visita a las cuevas con un paseo por la vecina <strong data-start=\"2743\" data-end=\"2759\">Porto Cristo<\/strong>. Este peque\u00f1o pueblo pesquero cuenta con un bonito puerto, acogedores caf\u00e9s y un ambiente tranquilo que resulta especialmente atractivo para familias y parejas. <\/p>\n<h3 data-start=\"2912\" data-end=\"2950\">Otros puntos destacados en los alrededores<\/h3>\n<ul data-start=\"2952\" data-end=\"3130\">\n<li data-start=\"2952\" data-end=\"3013\">\n<p data-start=\"2954\" data-end=\"3013\"><strong data-start=\"2954\" data-end=\"2969\">Cala Mandia<\/strong> - Bah\u00eda id\u00edlica para nadar y relajarse<\/p>\n<\/li>\n<li data-start=\"3014\" data-end=\"3076\">\n<p data-start=\"3016\" data-end=\"3076\"><strong data-start=\"3016\" data-end=\"3027\">Manacor<\/strong> - Mercados aut\u00e9nticos y ambiente mallorqu\u00edn<\/p>\n<\/li>\n<li data-start=\"3077\" data-end=\"3130\">\n<p data-start=\"3079\" data-end=\"3130\"><strong data-start=\"3079\" data-end=\"3097\">Cala Rom\u00e0ntica<\/strong> - Ideal para un picnic junto al mar<\/p>\n<\/li>\n<\/ul>\n<h2 data-start=\"3137\" data-end=\"3167\"><\/h2>\n<h2 data-start=\"3137\" data-end=\"3167\">Mejor momento para una visita<\/h2>\n<p data-start=\"3169\" data-end=\"3424\">Las cuevas est\u00e1n <strong data-start=\"3185\" data-end=\"3208\">abiertas todo el a\u00f1o<\/strong> y ofrecen un agradable refresco incluso en los calurosos d\u00edas de verano: la temperatura se mantiene constante en torno a <strong data-start=\"3316\" data-end=\"3324\">los 21\u00b0C<\/strong>. En invierno, sin embargo, puedes experimentar esta maravilla natural en un ambiente m\u00e1s tranquilo, lejos de las multitudes de turistas. <\/p>\n<h2 data-start=\"3431\" data-end=\"3456\"><\/h2>\n<h2 data-start=\"3431\" data-end=\"3456\">Consejos para tu visita<\/h2>\n<ul data-start=\"3458\" data-end=\"3787\">\n<li data-start=\"3458\" data-end=\"3536\">\n<p data-start=\"3460\" data-end=\"3536\"><strong data-start=\"3463\" data-end=\"3494\">Reserva los billetes por Internet con antelaci\u00f3n<\/strong> - especialmente necesario en temporada alta<\/p>\n<\/li>\n<li data-start=\"3537\" data-end=\"3620\">\n<p data-start=\"3539\" data-end=\"3620\"><strong data-start=\"3542\" data-end=\"3571\">No utilices flash<\/strong> - Para proteger las sensibles formaciones rocosas<\/p>\n<\/li>\n<li data-start=\"3621\" data-end=\"3685\">\n<p data-start=\"3623\" data-end=\"3685\"><strong data-start=\"3626\" data-end=\"3651\">Lleva calzado c\u00f3modo<\/strong>: los caminos pueden estar resbaladizos<\/p>\n<\/li>\n<li data-start=\"3686\" data-end=\"3787\">\n<p data-start=\"3688\" data-end=\"3787\"><strong data-start=\"3691\" data-end=\"3753\">Por favor, no grabes ni hagas fotos durante el concierto<\/strong> - respeta el ambiente<\/p>\n<\/li>\n<\/ul>\n<h2 data-start=\"3794\" data-end=\"3842\"><\/h2>\n<h2 data-start=\"3794\" data-end=\"3842\">Un lugar que inspira - en cualquier \u00e9poca del a\u00f1o<\/h2>\n<p data-start=\"3844\" data-end=\"4075\">Ya sea una excursi\u00f3n familiar, una escapada rom\u00e1ntica en pareja o un momento cultural destacado de tus vacaciones en Mallorca, las cuevas del Drag\u00f3n te deleitar\u00e1n con su belleza natural, su sofisticaci\u00f3n t\u00e9cnica y su singular presentaci\u00f3n subterr\u00e1nea.<\/p>\n<p data-start=\"4372\" data-end=\"4727\">Las <strong data-start=\"4376\" data-end=\"4396\">Cuevas del Drach<\/strong> son sin duda una de las maravillas naturales m\u00e1s impresionantes de Mallorca. Si te pierdes este espect\u00e1culo subterr\u00e1neo, te perder\u00e1s una de las impresiones m\u00e1s aut\u00e9nticas y bellas de la isla. Te invitamos a sumergirte en este fascinante mundo y a dejarte hechizar por la <strong data-start=\"4663\" data-end=\"4705\">m\u00e1gica atm\u00f3sfera de las cuevas del drag\u00f3n<\/strong>.  <\/p>\n","protected":false},"excerpt":{"rendered":"<p>Las cuevas del drag\u00f3n de Mallorca: una fascinante maravilla natural en la costa este Una experiencia inolvidable bajo tierra Bienvenido a un mundo de piedra, silencio y asombro: las Cuevas del Drach, las famosas cuevas del drag\u00f3n de Mallorca. Enclavadas en el pintoresco paisaje cerca de Porto Cristo, a los visitantes no s\u00f3lo les esperan&#8230;<\/p>\n","protected":false},"author":1,"featured_media":71365,"comment_status":"closed","ping_status":"closed","sticky":false,"template":"","format":"standard","meta":{"footnotes":""},"categories":[4140],"tags":[],"class_list":["post-71376","post","type-post","status-publish","format-standard","has-post-thumbnail","hentry","category-actividades"],"_links":{"self":[{"href":"https:\/\/www.lucasfroeserealestate.com\/es\/wp-json\/wp\/v2\/posts\/71376","targetHints":{"allow":["GET"]}}],"collection":[{"href":"https:\/\/www.lucasfroeserealestate.com\/es\/wp-json\/wp\/v2\/posts"}],"about":[{"href":"https:\/\/www.lucasfroeserealestate.com\/es\/wp-json\/wp\/v2\/types\/post"}],"author":[{"embeddable":true,"href":"https:\/\/www.lucasfroeserealestate.com\/es\/wp-json\/wp\/v2\/users\/1"}],"replies":[{"embeddable":true,"href":"https:\/\/www.lucasfroeserealestate.com\/es\/wp-json\/wp\/v2\/comments?post=71376"}],"version-history":[{"count":0,"href":"https:\/\/www.lucasfroeserealestate.com\/es\/wp-json\/wp\/v2\/posts\/71376\/revisions"}],"wp:featuredmedia":[{"embeddable":true,"href":"https:\/\/www.lucasfroeserealestate.com\/es\/wp-json\/wp\/v2\/media\/71365"}],"wp:attachment":[{"href":"https:\/\/www.lucasfroeserealestate.com\/es\/wp-json\/wp\/v2\/media?parent=71376"}],"wp:term":[{"taxonomy":"category","embeddable":true,"href":"https:\/\/www.lucasfroeserealestate.com\/es\/wp-json\/wp\/v2\/categories?post=71376"},{"taxonomy":"post_tag","embeddable":true,"href":"https:\/\/www.lucasfroeserealestate.com\/es\/wp-json\/wp\/v2\/tags?post=71376"}],"curies":[{"name":"wp","href":"https:\/\/api.w.org\/{rel}","templated":true}]}}