{"id":67709,"date":"2025-05-13T18:15:51","date_gmt":"2025-05-13T16:15:51","guid":{"rendered":"https:\/\/www.lucasfroeserealestate.com\/mallorca-land-paisajes-versatiles-naturales-y-pintorescos\/"},"modified":"2025-05-13T18:15:51","modified_gmt":"2025-05-13T16:15:51","slug":"mallorca-land-paisajes-versatiles-naturales-y-pintorescos","status":"publish","type":"post","link":"https:\/\/www.lucasfroeserealestate.com\/es\/mallorca-land-paisajes-versatiles-naturales-y-pintorescos\/","title":{"rendered":"Mallorca Land: Paisajes vers\u00e1tiles, naturales y pintorescos"},"content":{"rendered":"<h1 data-start=\"0\" data-end=\"41\">Los diversos paisajes de Mallorca<\/h1>\n<p data-start=\"43\" data-end=\"404\">Mallorca, la mayor de las Baleares, presume de una impresionante variedad de paisajes. Desde majestuosas cadenas monta\u00f1osas hasta f\u00e9rtiles llanuras e id\u00edlicos tramos de costa, la isla ofrece una gran riqueza de experiencias naturales. A continuaci\u00f3n te ofrecemos una visi\u00f3n detallada de las distintas zonas paisaj\u00edsticas de Mallorca.  <\/p>\n<h2 data-start=\"406\" data-end=\"452\">Serra de Tramuntana: La columna vertebral de Mallorca<\/h2>\n<p data-start=\"454\" data-end=\"573\"><span class=\"relative -mx-px my-[-0.2rem] rounded px-px py-[0.2rem]\">La <strong data-start=\"4\" data-end=\"27\">Serra de Tramuntana<\/strong> se extiende unos 90 kil\u00f3metros a lo largo de la costa noroeste de Mallorca y constituye la llamativa espina dorsal de la isla.<\/span> <span class=\"relative -mx-px my-[-0.2rem] rounded px-px py-[0.2rem]\">Esta sierra fue reconocida como Patrimonio de la Humanidad por la UNESCO en 2011 y se caracteriza por su impresionante geomorfolog\u00eda y paisaje cultural.<\/span><\/p>\n<h3 data-start=\"575\" data-end=\"599\">Geograf\u00eda y cumbres<\/h3>\n<p data-start=\"601\" data-end=\"796\"><span class=\"relative -mx-px my-[-0.2rem] rounded px-px py-[0.2rem]\">Con una superficie de unos 1.067 kil\u00f3metros cuadrados, la Serra de Tramuntana alberga un total de 54 picos que superan los mil metros de altura.<\/span> <span class=\"relative -mx-px my-[-0.2rem] rounded px-px py-[0.2rem]\">El m\u00e1s alto es <strong data-start=\"32\" data-end=\"46\">el Puig Major<\/strong>, con 1.445 metros, seguido <strong data-start=\"77\" data-end=\"99\">del Puig de Massanella<\/strong> (1.364 m), <strong data-start=\"111\" data-end=\"125\">el Puig Tomir<\/strong> (1.103 m) y <strong data-start=\"140\" data-end=\"158\">el Puig de l&#8217;Ofre<\/strong> (1.093 m).<\/span> <span class=\"relative -mx-px my-[-0.2rem] rounded px-px py-[0.2rem]\">Debajo del Puig Major est\u00e1n los dos embalses de agua potable <strong data-start=\"64\" data-end=\"88\">Embassament de C\u00faber<\/strong> y <strong data-start=\"93\" data-end=\"122\">Embassament des Gorg Blau<\/strong>, que no s\u00f3lo sirven para el suministro de agua, sino que tambi\u00e9n tienen un gran atractivo paisaj\u00edstico.<\/span><\/p>\n<h3 data-start=\"798\" data-end=\"817\">Flora y fauna<\/h3>\n<p data-start=\"819\" data-end=\"1060\"><span class=\"relative -mx-px my-[-0.2rem] rounded px-px py-[0.2rem]\">La Serra de Tramuntana alberga una rica flora y fauna.<\/span> <span class=\"relative -mx-px my-[-0.2rem] rounded px-px py-[0.2rem]\">Los encinares (Quercus ilex) dominan a mayor altitud, mientras que los pinos carrascos (Pinus halepensis) predominan cerca del mar.<\/span> <span class=\"relative -mx-px my-[-0.2rem] rounded px-px py-[0.2rem]\">Numerosas especies vegetales end\u00e9micas, como la hierba de San Juan balear (Hypericum balearicum) y la dedalera balear (Digitalis minor), son aut\u00f3ctonas de la zona.<\/span> <span class=\"relative -mx-px my-[-0.2rem] rounded px-px py-[0.2rem]\">Las crestas karstificadas y los barrancos inaccesibles tambi\u00e9n constituyen un h\u00e1bitat para el sapo partero end\u00e9mico de Mallorca (Alytes muletensis).<\/span><\/p>\n<h3 data-start=\"1062\" data-end=\"1087\">Aspectos culturales destacados<\/h3>\n<p data-start=\"1089\" data-end=\"1334\"><span class=\"relative -mx-px my-[-0.2rem] rounded px-px py-[0.2rem]\">La regi\u00f3n es rica en tesoros culturales.<\/span> <span class=\"relative -mx-px my-[-0.2rem] rounded px-px py-[0.2rem]\">Pueblos hist\u00f3ricos como <strong data-start=\"23\" data-end=\"33\">S\u00f3ller<\/strong>, <strong data-start=\"35\" data-end=\"48\">Fornalutx<\/strong>, <strong data-start=\"50\" data-end=\"58\">Dei\u00e0<\/strong> y <strong data-start=\"63\" data-end=\"78\">Valldemossa<\/strong> encantan a los visitantes con su arquitectura tradicional y sus calles estrechas.<\/span> <span class=\"relative -mx-px my-[-0.2rem] rounded px-px py-[0.2rem]\">Los paisajes en terrazas que se remontan a la \u00e9poca \u00e1rabe caracterizan el paisaje, especialmente en lugares como <strong data-start=\"111\" data-end=\"126\">Banyalbufar<\/strong>.<\/span> <span class=\"relative -mx-px my-[-0.2rem] rounded px-px py-[0.2rem]\">Estas terrazas se crearon para hacer utilizables las empinadas laderas para el cultivo y evitar la erosi\u00f3n.<\/span><\/p>\n<h3 data-start=\"1336\" data-end=\"1361\">Para\u00edso del senderismo GR 221<\/h3>\n<p data-start=\"1363\" data-end=\"1528\"><span class=\"relative -mx-px my-[-0.2rem] rounded px-px py-[0.2rem]\">Para los entusiastas del senderismo, el sendero de gran recorrido <strong data-start=\"43\" data-end=\"53\">GR 221<\/strong>, tambi\u00e9n conocido como la \u00abRuta de Pedra en Sec\u00bb (ruta de piedra seca), es una forma excelente de explorar la Serra de Tramuntana.<\/span> <span class=\"relative -mx-px my-[-0.2rem] rounded px-px py-[0.2rem]\">El sendero atraviesa paisajes impresionantes, pasa junto a muros hist\u00f3ricos de piedra seca y ofrece vistas impresionantes del Mediterr\u00e1neo.<\/span><\/p>\n<h2 data-start=\"1530\" data-end=\"1573\">Es Raiguer: La f\u00e9rtil zona de transici\u00f3n<\/h2>\n<p data-start=\"1575\" data-end=\"1700\"><span class=\"relative -mx-px my-[-0.2rem] rounded px-px py-[0.2rem]\">La comarca <strong data-start=\"84\" data-end=\"98\">de Es Raiguer<\/strong> se encuentra entre la Serra de Tramuntana y la llanura central de Mallorca.<\/span> <span class=\"relative -mx-px my-[-0.2rem] rounded px-px py-[0.2rem]\">Esta zona forma una regi\u00f3n natural de transici\u00f3n y se extiende desde la pen\u00ednsula de La Victoria hasta la capital de la isla, Palma.<\/span><\/p>\n<h3 data-start=\"1702\" data-end=\"1733\">Agricultura y artesan\u00eda<\/h3>\n<p data-start=\"1735\" data-end=\"1980\"><span class=\"relative -mx-px my-[-0.2rem] rounded px-px py-[0.2rem]\">La agricultura es menos intensiva en Es Raiguer debido a la topograf\u00eda monta\u00f1osa.<\/span> <span class=\"relative -mx-px my-[-0.2rem] rounded px-px py-[0.2rem]\">Sin embargo, hay importantes zonas vin\u00edcolas, sobre todo alrededor de las localidades de <strong data-start=\"68\" data-end=\"92\">Santa Maria del Cam\u00ed<\/strong>, <strong data-start=\"94\" data-end=\"108\">Binissalem<\/strong> y <strong data-start=\"113\" data-end=\"122\">Alar\u00f3<\/strong>.<\/span> <span class=\"relative -mx-px my-[-0.2rem] rounded px-px py-[0.2rem]\">Estas regiones son conocidas por sus vinos de alta calidad, apreciados tanto local como internacionalmente.<\/span> <span class=\"relative -mx-px my-[-0.2rem] rounded px-px py-[0.2rem]\">Adem\u00e1s de la viticultura, Es Raiguer tambi\u00e9n tiene una larga tradici\u00f3n artesanal.<\/span> <span class=\"relative -mx-px my-[-0.2rem] rounded px-px py-[0.2rem]\">La ciudad de <strong data-start=\"10\" data-end=\"18\">Inca<\/strong>, centro de la comarca, es especialmente conocida por su producci\u00f3n de art\u00edculos de cuero y a menudo se la conoce como la \u00abcapital del cuero de Mallorca\u00bb.<\/span><\/p>\n<h2 data-start=\"1982\" data-end=\"2026\">Pla de Mallorca: El granero de la isla<\/h2>\n<p data-start=\"2028\" data-end=\"2153\"><span class=\"relative -mx-px my-[-0.2rem] rounded px-px py-[0.2rem]\">En el coraz\u00f3n de Mallorca se encuentra el <strong data-start=\"38\" data-end=\"57\">Pla de Mallorca<\/strong>, una vasta llanura considerada el centro agr\u00edcola de la isla.<\/span> <span class=\"relative -mx-px my-[-0.2rem] rounded px-px py-[0.2rem]\">Con una superficie de unos 600 kil\u00f3metros cuadrados, se la suele llamar el \u00abgranero de Mallorca\u00bb.<\/span><\/p>\n<h3 data-start=\"2155\" data-end=\"2188\">Importancia agr\u00edcola<\/h3>\n<p data-start=\"2190\" data-end=\"2435\"><span class=\"relative -mx-px my-[-0.2rem] rounded px-px py-[0.2rem]\">Los f\u00e9rtiles suelos del Pla de Mallorca permiten el cultivo de una gran variedad de productos.<\/span> <span class=\"relative -mx-px my-[-0.2rem] rounded px-px py-[0.2rem]\">Adem\u00e1s de cereales, aqu\u00ed se cultivan almendras, vino, patatas, hortalizas, arroz y ma\u00edz.<\/span> <span class=\"relative -mx-px my-[-0.2rem] rounded px-px py-[0.2rem]\">Gracias al clima suave y a la ubicaci\u00f3n resguardada, en algunas regiones son posibles hasta cuatro cosechas al a\u00f1o.<\/span> <span class=\"relative -mx-px my-[-0.2rem] rounded px-px py-[0.2rem]\">Adem\u00e1s de la agricultura tradicional, <strong data-start=\"52\" data-end=\"69\">el agroturismo<\/strong> es cada vez m\u00e1s importante.<\/span> <span class=\"relative -mx-px my-[-0.2rem] rounded px-px py-[0.2rem]\">Muchas fincas ofrecen alojamiento a los turistas que quieren experimentar de cerca la vida rural y la cultura mallorquina.<\/span><\/p>\n<h2 data-start=\"2437\" data-end=\"2481\">Llevant: La variada regi\u00f3n oriental<\/h2>\n<p data-start=\"2483\" data-end=\"2568\"><span class=\"relative -mx-px my-[-0.2rem] rounded px-px py-[0.2rem]\">La comarca <strong data-start=\"11\" data-end=\"22\">de Llevant<\/strong>, en el este de Mallorca, se caracteriza por un paisaje diverso que abarca desde onduladas colinas hasta impresionantes extensiones de costa.<\/span><\/p>\n<h3 data-start=\"2570\" data-end=\"2593\">Geograf\u00eda y naturaleza<\/h3>\n<p data-start=\"2595\" data-end=\"3055\">La <strong data-start=\"2599\" data-end=\"2619\">Serra de Llevant<\/strong>, una cadena monta\u00f1osa con picos que raramente superan los 500 metros, caracteriza la regi\u00f3n. El variado paisaje incluye campos f\u00e9rtiles, acantilados, bah\u00edas y playas de arena. Conocidas localidades costeras como <strong data-start=\"2831\" data-end=\"2846\">Cala Millor<\/strong>, <strong data-start=\"2848\" data-end=\"2863\">Son Servera<\/strong>, <strong data-start=\"2865\" data-end=\"2876\">Sa Coma<\/strong> y <strong data-start=\"2881\" data-end=\"2897\">Cala Ratjada<\/strong> atraen a numerosos visitantes con sus hermosas playas. La regi\u00f3n tambi\u00e9n alberga impresionantes cuevas naturales, como <strong data-start=\"3019\" data-end=\"3037\">las Coves del Drac<\/strong>.   <\/p>\n","protected":false},"excerpt":{"rendered":"<p>Los diversos paisajes de Mallorca Mallorca, la mayor de las Baleares, presume de una impresionante variedad de paisajes. Desde majestuosas cadenas monta\u00f1osas hasta f\u00e9rtiles llanuras e id\u00edlicos tramos de costa, la isla ofrece una gran riqueza de experiencias naturales. A continuaci\u00f3n te ofrecemos una visi\u00f3n detallada de las distintas zonas paisaj\u00edsticas de Mallorca. Serra de&#8230;<\/p>\n","protected":false},"author":1,"featured_media":64718,"comment_status":"closed","ping_status":"closed","sticky":false,"template":"","format":"standard","meta":{"footnotes":""},"categories":[4140,4139],"tags":[],"class_list":["post-67709","post","type-post","status-publish","format-standard","has-post-thumbnail","hentry","category-actividades","category-ubicaciones"],"_links":{"self":[{"href":"https:\/\/www.lucasfroeserealestate.com\/es\/wp-json\/wp\/v2\/posts\/67709","targetHints":{"allow":["GET"]}}],"collection":[{"href":"https:\/\/www.lucasfroeserealestate.com\/es\/wp-json\/wp\/v2\/posts"}],"about":[{"href":"https:\/\/www.lucasfroeserealestate.com\/es\/wp-json\/wp\/v2\/types\/post"}],"author":[{"embeddable":true,"href":"https:\/\/www.lucasfroeserealestate.com\/es\/wp-json\/wp\/v2\/users\/1"}],"replies":[{"embeddable":true,"href":"https:\/\/www.lucasfroeserealestate.com\/es\/wp-json\/wp\/v2\/comments?post=67709"}],"version-history":[{"count":0,"href":"https:\/\/www.lucasfroeserealestate.com\/es\/wp-json\/wp\/v2\/posts\/67709\/revisions"}],"wp:featuredmedia":[{"embeddable":true,"href":"https:\/\/www.lucasfroeserealestate.com\/es\/wp-json\/wp\/v2\/media\/64718"}],"wp:attachment":[{"href":"https:\/\/www.lucasfroeserealestate.com\/es\/wp-json\/wp\/v2\/media?parent=67709"}],"wp:term":[{"taxonomy":"category","embeddable":true,"href":"https:\/\/www.lucasfroeserealestate.com\/es\/wp-json\/wp\/v2\/categories?post=67709"},{"taxonomy":"post_tag","embeddable":true,"href":"https:\/\/www.lucasfroeserealestate.com\/es\/wp-json\/wp\/v2\/tags?post=67709"}],"curies":[{"name":"wp","href":"https:\/\/api.w.org\/{rel}","templated":true}]}}