{"id":67607,"date":"2025-05-10T19:30:56","date_gmt":"2025-05-10T17:30:56","guid":{"rendered":"https:\/\/www.lucasfroeserealestate.com\/los-mejores-retiros-de-yoga-y-meditacion-en-mallorca\/"},"modified":"2025-05-10T19:30:56","modified_gmt":"2025-05-10T17:30:56","slug":"los-mejores-retiros-de-yoga-y-meditacion-en-mallorca","status":"publish","type":"post","link":"https:\/\/www.lucasfroeserealestate.com\/es\/los-mejores-retiros-de-yoga-y-meditacion-en-mallorca\/","title":{"rendered":"Los mejores retiros de yoga y meditaci\u00f3n en Mallorca"},"content":{"rendered":"<p class=\"\" data-start=\"0\" data-end=\"126\"><span class=\"relative -mx-px my-[-0.2rem] rounded px-px py-[0.2rem] transition-colors duration-100 ease-in-out\">Mallorca, la perla del Mediterr\u00e1neo, ofrece una variedad de exquisitos retiros de yoga que armonizan cuerpo, mente y alma.<\/span> <span class=\"relative -mx-px my-[-0.2rem] rounded px-px py-[0.2rem] transition-colors duration-100 ease-in-out\">En esta completa gu\u00eda, te presentamos los retiros de yoga m\u00e1s destacados de la isla, que se caracterizan por su singularidad y calidad.<\/span><\/p>\n<h2 class=\"\" data-start=\"128\" data-end=\"185\">Yoga de la Tierra: Un centro de armon\u00eda en Santa Catalina<\/h2>\n<p class=\"\" data-start=\"187\" data-end=\"344\"><span class=\"relative -mx-px my-[-0.2rem] rounded px-px py-[0.2rem] transition-colors duration-100 ease-in-out\">El renombrado Estudio de Yoga Tierra est\u00e1 situado en el vibrante barrio de Santa Catalina de Palma.<\/span> <span class=\"relative -mx-px my-[-0.2rem] rounded px-px py-[0.2rem] transition-colors duration-100 ease-in-out\">Desde su fundaci\u00f3n en 2009, se ha consolidado como un oasis de calma y ofrece una amplia gama de clases, que incluyen yoga Yin, Ashtanga y Vinyasa para todos los niveles de experiencia.<\/span> <span class=\"relative -mx-px my-[-0.2rem] rounded px-px py-[0.2rem] transition-colors duration-100 ease-in-out\">El estudio se caracteriza por sus luminosas salas y su ambiente c\u00e1lido y acogedor, que lo convierten en un popular punto de encuentro para los entusiastas del yoga.<\/span><\/p>\n<h2 class=\"\" data-start=\"346\" data-end=\"416\">Sadhana Works Healthy Hub: Escuela de Conciencia en el coraz\u00f3n de Palma<\/h2>\n<p class=\"\" data-start=\"418\" data-end=\"577\"><span class=\"relative -mx-px my-[-0.2rem] rounded px-px py-[0.2rem] transition-colors duration-100 ease-in-out\">Escondido en el encantador Carrer de Sant Feliu se encuentra el Sadhana Works Healthy Hub, tambi\u00e9n conocido como la \u00abEscuela de la Conciencia\u00bb.<\/span> <span class=\"relative -mx-px my-[-0.2rem] rounded px-px py-[0.2rem] transition-colors duration-100 ease-in-out\">Este centro promueve el autodescubrimiento y el cambio social mediante una variada gama de cursos, desde Kundalini y power yoga hasta meditaci\u00f3n y danza.<\/span> <span class=\"relative -mx-px my-[-0.2rem] rounded px-px py-[0.2rem] transition-colors duration-100 ease-in-out\">El entorno inspirador y el equipo dedicado crean un espacio para el crecimiento personal y la comunidad.<\/span><\/p>\n<h2 class=\"\" data-start=\"579\" data-end=\"633\">La Serran\u00eda: Retiro en la Serra de Tramuntana<\/h2>\n<p class=\"\" data-start=\"635\" data-end=\"800\"><span class=\"relative -mx-px my-[-0.2rem] rounded px-px py-[0.2rem] transition-colors duration-100 ease-in-out\">Al norte de Pollen\u00e7a, enclavada en las estribaciones de la Serra de Tramuntana, se encuentra La Serran\u00eda.<\/span> <span class=\"relative -mx-px my-[-0.2rem] rounded px-px py-[0.2rem] transition-colors duration-100 ease-in-out\">Este retiro ofrece diez habitaciones dobles amuebladas con gusto, una piscina y un estudio de yoga con impresionantes vistas de las monta\u00f1as.<\/span> <span class=\"relative -mx-px my-[-0.2rem] rounded px-px py-[0.2rem] transition-colors duration-100 ease-in-out\">Las sesiones diarias de yoga y pranayama, complementadas con masajes relajantes y comidas vegetarianas ecol\u00f3gicas, hacen de este lugar un para\u00edso para quienes buscan paz y tranquilidad.<\/span><\/p>\n<h2 class=\"\" data-start=\"802\" data-end=\"859\">Tramuntana Flow: Yoga con vistas panor\u00e1micas en Sa Cabaneta<\/h2>\n<p class=\"\" data-start=\"861\" data-end=\"1309\">Tramuntana Flow est\u00e1 situado a s\u00f3lo diez minutos de Palma, en Sa Cabaneta. El retiro cuenta con una espaciosa shala de yoga interior y una terraza exterior con impresionantes vistas del valle y las monta\u00f1as. Adem\u00e1s de las clases de yoga, los hu\u00e9spedes pueden disfrutar de la piscina y de las id\u00edlicas zonas ajardinadas y de picnic, donde se sirven comidas ecol\u00f3gicas y ayurv\u00e9dicas.  <\/p>\n<h2 class=\"\" data-start=\"1311\" data-end=\"1384\">Centro de Bienestar Bodhana: Bienestar hol\u00edstico en Puerto Portals<\/h2>\n<p class=\"\" data-start=\"1386\" data-end=\"1756\">En el suroeste de Puerto Portals, el Centro de Bienestar Bodhana te invita a revitalizantes clases de yoga Vinyasa, meditaciones y masajes. Adem\u00e1s de los retiros regulares en Mallorca e Ibiza, Bodhana tambi\u00e9n ofrece jornadas de bienestar personalizadas en el lugar que desees, ya sea en casa, en tu barco o en otro lugar especial. <\/p>\n<h2 class=\"\" data-start=\"1758\" data-end=\"1810\">The Body Camp: Transformaci\u00f3n en el coraz\u00f3n de Mallorca<\/h2>\n<p class=\"\" data-start=\"1812\" data-end=\"2204\">El Body Camp, situado en el centro rural de la isla, promete una experiencia transformadora mediante una combinaci\u00f3n de yoga, ejercicios y actividades creativas como la b\u00fasqueda del tesoro en la finca de 25 acres. El retiro hace hincapi\u00e9 en la forma f\u00edsica, la confianza y la diversi\u00f3n, acompa\u00f1adas de comidas vegetales reci\u00e9n preparadas a diario. <\/p>\n<h2 class=\"\" data-start=\"2206\" data-end=\"2250\">Cal Reiet: Retiro boutique cerca de Santany\u00ed<\/h2>\n<p class=\"\" data-start=\"2252\" data-end=\"2687\">A las afueras de Santany\u00ed se encuentra Cal Reiet, un retiro boutique hol\u00edstico. Aqu\u00ed, la belleza del edificio hist\u00f3rico se funde con la tranquilidad del yoga, la meditaci\u00f3n y la atenci\u00f3n plena. Profesores internacionales y expertos en bienestar dirigen retiros centrados en el bienestar f\u00edsico, mental y emocional, y ofrecen a los hu\u00e9spedes experiencias transformadoras.  <\/p>\n<h2 class=\"\" data-start=\"2689\" data-end=\"2745\">Escapada Health: Salud y bienestar en Capdepera<\/h2>\n<p class=\"\" data-start=\"2747\" data-end=\"2912\"><span class=\"relative -mx-px my-[-0.2rem] rounded px-px py-[0.2rem] transition-colors duration-100 ease-in-out\">Situada en una mas\u00eda hist\u00f3rica de Capdepera, Escapada Health ofrece un retiro centrado en la medicina china.<\/span> <span class=\"relative -mx-px my-[-0.2rem] rounded px-px py-[0.2rem] transition-colors duration-100 ease-in-out\">Los hu\u00e9spedes reciben asesoramiento personalizado sobre estilo de vida y nutrici\u00f3n, acupuntura, masajes y comidas vegetarianas.<\/span> <span class=\"relative -mx-px my-[-0.2rem] rounded px-px py-[0.2rem] transition-colors duration-100 ease-in-out\">Las clases diarias de yoga, las meditaciones al amanecer y los paseos por la costa completan el programa, mientras que la sauna y la piscina proporcionan relajaci\u00f3n adicional.<\/span><\/p>\n<h2 class=\"\" data-start=\"2914\" data-end=\"2976\">Son Bunyola: lujo y aventura en la Serra de Tramuntana<\/h2>\n<p class=\"\" data-start=\"2978\" data-end=\"3183\"><span class=\"relative -mx-px my-[-0.2rem] rounded px-px py-[0.2rem] transition-colors duration-100 ease-in-out\">Son Bunyola, reci\u00e9n inaugurado por Richard Branson, est\u00e1 situado en la Serra de Tramuntana y ofrece una exquisita mezcla de lujo y naturaleza.<\/span> <span class=\"relative -mx-px my-[-0.2rem] rounded px-px py-[0.2rem] transition-colors duration-100 ease-in-out\">La propiedad consta de una finca del siglo XVI cuidadosamente renovada con villas adicionales, un total de 26 habitaciones y numerosos servicios como piscina, restaurantes, pistas de tenis y salas de tratamientos de spa.<\/span> <span class=\"relative -mx-px my-[-0.2rem] rounded px-px py-[0.2rem] transition-colors duration-100 ease-in-out\">Los hu\u00e9spedes pueden disfrutar de actividades como senderismo, ciclismo de monta\u00f1a, yoga y paddleboard mientras experimentan el impresionante paisaje y la filosof\u00eda sostenible de la propiedad.<\/span><\/p>\n<h2 class=\"\" data-start=\"3185\" data-end=\"3242\">Finca Serena: Excelente spa y yoga en Montu\u00efri<\/h2>\n<p class=\"\" data-start=\"3244\" data-end=\"3449\"><span class=\"relative -mx-px my-[-0.2rem] rounded px-px py-[0.2rem] transition-colors duration-100 ease-in-out\">El \u00danico Spa de Finca Serena, situado en Montu\u00efri, ha sido reconocido como el mejor spa de un complejo tur\u00edstico espa\u00f1ol.<\/span> <span class=\"relative -mx-px my-[-0.2rem] rounded px-px py-[0.2rem] transition-colors duration-100 ease-in-out\">Con una superficie de 250 m\u00b2, ofrece una sauna panor\u00e1mica, una piscina climatizada y un completo programa de bienestar con clases de yoga y sesiones de hammam.<\/span> <span class=\"relative -mx-px my-[-0.2rem] rounded px-px py-[0.2rem] transition-colors duration-100 ease-in-out\">Las 25 elegantes habitaciones del hotel, rodeadas de 40 hect\u00e1reas de naturaleza mediterr\u00e1nea, crean un ambiente de paz y relajaci\u00f3n.<\/span><\/p>\n<h2 class=\"\" data-start=\"3451\" data-end=\"3506\">The Lodge Mallorca: Elegante refugio en la naturaleza<\/h2>\n<p class=\"\" data-start=\"3508\" data-end=\"3713\"><span class=\"relative -mx-px my-[-0.2rem] rounded px-px py-[0.2rem] transition-colors duration-100 ease-in-out\">The Lodge Mallorca es un elegante refugio rural que personifica el estilo y la tranquilidad.<\/span> <span class=\"relative -mx-px my-[-0.2rem] rounded px-px py-[0.2rem] transition-colors duration-100 ease-in-out\">El hotel, que forma parte de la colecci\u00f3n de hoteles de dise\u00f1o Unico Hotels, ofrece 24 suites, algunas en el edificio principal y otras repartidas por la finca, accesibles a pie, en bici o en carrito de golf.<\/span> <span class=\"relative -mx-px my-[-0.2rem] rounded px-px py-[0.2rem] transition-colors duration-100 ease-in-out\">Con piscina infinita, suite de bienestar y zonas de yoga al aire libre, invita a los hu\u00e9spedes a explorar y disfrutar de la belleza de la Sierra de Tramuntana.<\/span><\/p>\n<div id=\"gtx-trans\" style=\"position: absolute; left: 130px; top: 1743.28px;\">\n<div class=\"gtx-trans-icon\"><\/div>\n<\/div>\n","protected":false},"excerpt":{"rendered":"<p>Mallorca, la perla del Mediterr\u00e1neo, ofrece una variedad de exquisitos retiros de yoga que armonizan cuerpo, mente y alma. En esta completa gu\u00eda, te presentamos los retiros de yoga m\u00e1s destacados de la isla, que se caracterizan por su singularidad y calidad. Yoga de la Tierra: Un centro de armon\u00eda en Santa Catalina El renombrado&#8230;<\/p>\n","protected":false},"author":1,"featured_media":66501,"comment_status":"closed","ping_status":"closed","sticky":false,"template":"","format":"standard","meta":{"footnotes":""},"categories":[990],"tags":[],"class_list":["post-67607","post","type-post","status-publish","format-standard","has-post-thumbnail","hentry","category-lifestyle-es"],"_links":{"self":[{"href":"https:\/\/www.lucasfroeserealestate.com\/es\/wp-json\/wp\/v2\/posts\/67607","targetHints":{"allow":["GET"]}}],"collection":[{"href":"https:\/\/www.lucasfroeserealestate.com\/es\/wp-json\/wp\/v2\/posts"}],"about":[{"href":"https:\/\/www.lucasfroeserealestate.com\/es\/wp-json\/wp\/v2\/types\/post"}],"author":[{"embeddable":true,"href":"https:\/\/www.lucasfroeserealestate.com\/es\/wp-json\/wp\/v2\/users\/1"}],"replies":[{"embeddable":true,"href":"https:\/\/www.lucasfroeserealestate.com\/es\/wp-json\/wp\/v2\/comments?post=67607"}],"version-history":[{"count":0,"href":"https:\/\/www.lucasfroeserealestate.com\/es\/wp-json\/wp\/v2\/posts\/67607\/revisions"}],"wp:featuredmedia":[{"embeddable":true,"href":"https:\/\/www.lucasfroeserealestate.com\/es\/wp-json\/wp\/v2\/media\/66501"}],"wp:attachment":[{"href":"https:\/\/www.lucasfroeserealestate.com\/es\/wp-json\/wp\/v2\/media?parent=67607"}],"wp:term":[{"taxonomy":"category","embeddable":true,"href":"https:\/\/www.lucasfroeserealestate.com\/es\/wp-json\/wp\/v2\/categories?post=67607"},{"taxonomy":"post_tag","embeddable":true,"href":"https:\/\/www.lucasfroeserealestate.com\/es\/wp-json\/wp\/v2\/tags?post=67607"}],"curies":[{"name":"wp","href":"https:\/\/api.w.org\/{rel}","templated":true}]}}