{"id":67597,"date":"2025-05-08T18:08:53","date_gmt":"2025-05-08T16:08:53","guid":{"rendered":"https:\/\/www.lucasfroeserealestate.com\/el-mercat-de-santa-catalina-de-palma\/"},"modified":"2025-05-08T18:08:53","modified_gmt":"2025-05-08T16:08:53","slug":"el-mercat-de-santa-catalina-de-palma","status":"publish","type":"post","link":"https:\/\/www.lucasfroeserealestate.com\/es\/el-mercat-de-santa-catalina-de-palma\/","title":{"rendered":"El Mercat de Santa Catalina de Palma"},"content":{"rendered":"<p data-start=\"40\" data-end=\"121\"><span class=\"relative -mx-px my-[-0.2rem] rounded px-px py-[0.2rem]\">El Mercat de Santa Catalina: un animado punto de encuentro en el barrio de moda de Palma<\/span><\/p>\n<p data-start=\"123\" data-end=\"280\"><span class=\"relative -mx-px my-[-0.2rem] rounded px-px py-[0.2rem]\">El Mercat de Santa Catalina es el coraz\u00f3n palpitante del barrio del mismo nombre de Palma de Mallorca.<\/span> <span class=\"relative -mx-px my-[-0.2rem] rounded px-px py-[0.2rem]\">Como el mercado m\u00e1s antiguo de la ciudad, fundado en 1905, refleja la rica historia y tradici\u00f3n de este antiguo barrio de pescadores.<\/span> <\/p>\n<h2 data-start=\"282\" data-end=\"338\">Antecedentes hist\u00f3ricos del Mercat de Santa Catalina<\/h2>\n<p data-start=\"340\" data-end=\"539\"><span class=\"relative -mx-px my-[-0.2rem] rounded px-px py-[0.2rem]\">Originalmente, el mercado serv\u00eda para abastecer a la poblaci\u00f3n local de productos frescos como fruta, verdura, pescado y carne.<\/span> <span class=\"relative -mx-px my-[-0.2rem] rounded px-px py-[0.2rem]\">La proximidad al mar y a la lonja siempre garantiz\u00f3 la excelente calidad del marisco que se ofrec\u00eda.<\/span> <span class=\"relative -mx-px my-[-0.2rem] rounded px-px py-[0.2rem]\">Con el paso de los a\u00f1os, la oferta se ha ampliado, aunque sigue centr\u00e1ndose en los productos regionales y de temporada.<\/span> <\/p>\n<h2 data-start=\"541\" data-end=\"592\">Oferta diversa y experiencias culinarias<\/h2>\n<p data-start=\"594\" data-end=\"799\"><span class=\"relative -mx-px my-[-0.2rem] rounded px-px py-[0.2rem]\">Hoy en d\u00eda, el Mercat de Santa Catalina es un mercado moderno y cosmopolita que atrae tanto a lugare\u00f1os como a visitantes de todo el mundo.<\/span> <span class=\"relative -mx-px my-[-0.2rem] rounded px-px py-[0.2rem]\">Adem\u00e1s de los puestos tradicionales del mercado con pescado fresco, carne, fruta y verdura, tambi\u00e9n hay frutas ex\u00f3ticas y delicias internacionales.<\/span> <span class=\"relative -mx-px my-[-0.2rem] rounded px-px py-[0.2rem]\">Numerosos puestos de comida te invitan a probar marisco y otros manjares in situ, acompa\u00f1ados de un vaso de vino blanco mallorqu\u00edn.<\/span> <\/p>\n<h2 data-start=\"801\" data-end=\"848\">Horarios de apertura y eventos especiales<\/h2>\n<p data-start=\"850\" data-end=\"1015\"><span class=\"relative -mx-px my-[-0.2rem] rounded px-px py-[0.2rem]\">El mercado est\u00e1 abierto de lunes a s\u00e1bado, con horario comercial de 7.00 a 15.00 y horario de restaurante de 7.00 a 17.00.<\/span> <span class=\"relative -mx-px my-[-0.2rem] rounded px-px py-[0.2rem]\">De vez en cuando tambi\u00e9n se organizan talleres de cocina para dar a conocer a los visitantes la gastronom\u00eda local.<\/span> <\/p>\n<h2 data-start=\"1017\" data-end=\"1063\">Un lugar de encuentro para gourmets y chefs estrella<\/h2>\n<p data-start=\"1065\" data-end=\"1230\"><span class=\"relative -mx-px my-[-0.2rem] rounded px-px py-[0.2rem]\">Gracias a la alta calidad de los productos que ofrece, el Mercat de Santa Catalina tambi\u00e9n es popular entre los chefs estrella de renombre de la isla, que compran aqu\u00ed sus ingredientes.<\/span> <span class=\"relative -mx-px my-[-0.2rem] rounded px-px py-[0.2rem]\">En el \u00abBar des Mercat\u00bb puedes comer pescado o carne reci\u00e9n comprados, colocados directamente en la parrilla, y disfrutar de un vino a juego.<\/span><\/p>\n<h2 data-start=\"1232\" data-end=\"1253\">Consejos para los visitantes<\/h2>\n<p data-start=\"1255\" data-end=\"1374\"><span class=\"relative -mx-px my-[-0.2rem] rounded px-px py-[0.2rem]\">Se recomienda visitar el mercado sobre todo los d\u00edas laborables, ya que muchos lugare\u00f1os acuden aqu\u00ed los s\u00e1bados despu\u00e9s de hacer la compra para comer tapas y tomar algo.<\/span> <span class=\"relative -mx-px my-[-0.2rem] rounded px-px py-[0.2rem]\">Tambi\u00e9n hay un departamento de ropa a la salida del mercado.<\/span><\/p>\n<p data-start=\"1376\" data-end=\"1461\"><span class=\"relative -mx-px my-[-0.2rem] rounded px-px py-[0.2rem]\">El Mercat de Santa Catalina es m\u00e1s que un lugar donde comprar; es un animado punto de encuentro que refleja el alma del barrio y ofrece a los visitantes una visi\u00f3n aut\u00e9ntica del modo de vida mallorqu\u00edn.<\/span><\/p>\n<div id=\"gtx-trans\" style=\"position: absolute; left: 522px; top: 727.312px;\">\n<div class=\"gtx-trans-icon\"><\/div>\n<\/div>\n","protected":false},"excerpt":{"rendered":"<p>El Mercat de Santa Catalina: un animado punto de encuentro en el barrio de moda de Palma El Mercat de Santa Catalina es el coraz\u00f3n palpitante del barrio del mismo nombre de Palma de Mallorca. Como el mercado m\u00e1s antiguo de la ciudad, fundado en 1905, refleja la rica historia y tradici\u00f3n de este antiguo&#8230;<\/p>\n","protected":false},"author":1,"featured_media":64712,"comment_status":"closed","ping_status":"closed","sticky":false,"template":"","format":"standard","meta":{"footnotes":""},"categories":[4140],"tags":[],"class_list":["post-67597","post","type-post","status-publish","format-standard","has-post-thumbnail","hentry","category-actividades"],"_links":{"self":[{"href":"https:\/\/www.lucasfroeserealestate.com\/es\/wp-json\/wp\/v2\/posts\/67597","targetHints":{"allow":["GET"]}}],"collection":[{"href":"https:\/\/www.lucasfroeserealestate.com\/es\/wp-json\/wp\/v2\/posts"}],"about":[{"href":"https:\/\/www.lucasfroeserealestate.com\/es\/wp-json\/wp\/v2\/types\/post"}],"author":[{"embeddable":true,"href":"https:\/\/www.lucasfroeserealestate.com\/es\/wp-json\/wp\/v2\/users\/1"}],"replies":[{"embeddable":true,"href":"https:\/\/www.lucasfroeserealestate.com\/es\/wp-json\/wp\/v2\/comments?post=67597"}],"version-history":[{"count":0,"href":"https:\/\/www.lucasfroeserealestate.com\/es\/wp-json\/wp\/v2\/posts\/67597\/revisions"}],"wp:featuredmedia":[{"embeddable":true,"href":"https:\/\/www.lucasfroeserealestate.com\/es\/wp-json\/wp\/v2\/media\/64712"}],"wp:attachment":[{"href":"https:\/\/www.lucasfroeserealestate.com\/es\/wp-json\/wp\/v2\/media?parent=67597"}],"wp:term":[{"taxonomy":"category","embeddable":true,"href":"https:\/\/www.lucasfroeserealestate.com\/es\/wp-json\/wp\/v2\/categories?post=67597"},{"taxonomy":"post_tag","embeddable":true,"href":"https:\/\/www.lucasfroeserealestate.com\/es\/wp-json\/wp\/v2\/tags?post=67597"}],"curies":[{"name":"wp","href":"https:\/\/api.w.org\/{rel}","templated":true}]}}