{"id":67355,"date":"2025-04-29T18:05:05","date_gmt":"2025-04-29T16:05:05","guid":{"rendered":"https:\/\/www.lucasfroeserealestate.com\/valldemossa-el-encantador-pueblo-en-medio-de-la-sierra-de-tramuntana\/"},"modified":"2025-04-29T18:05:05","modified_gmt":"2025-04-29T16:05:05","slug":"valldemossa-el-encantador-pueblo-en-medio-de-la-sierra-de-tramuntana","status":"publish","type":"post","link":"https:\/\/www.lucasfroeserealestate.com\/es\/valldemossa-el-encantador-pueblo-en-medio-de-la-sierra-de-tramuntana\/","title":{"rendered":"Valldemossa, el encantador pueblo en medio de la Sierra de Tramuntana"},"content":{"rendered":"<p data-start=\"40\" data-end=\"159\"><span class=\"relative -mx-px my-[-0.2rem] rounded px-px py-[0.2rem]\">Valldemossa, un pintoresco pueblo en el coraz\u00f3n de la Serra de Tramuntana de Mallorca, se caracteriza por su rica historia, su importancia cultural y sus impresionantes paisajes.<\/span> <span class=\"relative -mx-px my-[-0.2rem] rounded px-px py-[0.2rem]\">Con sus calles estrechas y empedradas, sus casas tradicionales de piedra y sus balcones exuberantemente floridos, atrae cada a\u00f1o a numerosos visitantes.<\/span><\/p>\n<h2 data-start=\"161\" data-end=\"188\">Antecedentes hist\u00f3ricos<\/h2>\n<p data-start=\"190\" data-end=\"385\"><span class=\"relative -mx-px my-[-0.2rem] rounded px-px py-[0.2rem]\">Los or\u00edgenes de Valldemossa se remontan al siglo XIV, cuando el rey Jaime II mand\u00f3 construir un palacio para su hijo asm\u00e1tico Sancho.<\/span> <span class=\"relative -mx-px my-[-0.2rem] rounded px-px py-[0.2rem]\">\u00c9ste sirvi\u00f3 m\u00e1s tarde de base a la <strong data-start=\"65\" data-end=\"96\">Cartuja<\/strong>, la <strong data-start=\"65\" data-end=\"96\">Real Cartuja de Valldemossa<\/strong>, fundada en 1399<\/span> <span class=\"relative -mx-px my-[-0.2rem] rounded px-px py-[0.2rem]\">, habitada durante siglos por monjes cartujos y que hoy constituye el centro cultural de la ciudad.<\/span><\/p>\n<h2 data-start=\"387\" data-end=\"418\">La Cartuja de Valldemossa<\/h2>\n<p data-start=\"420\" data-end=\"703\"><span class=\"relative -mx-px my-[-0.2rem] rounded px-px py-[0.2rem]\">La <strong data-start=\"4\" data-end=\"32\">Cartuja de Valldemossa<\/strong> es sin duda la principal atracci\u00f3n del pueblo.<\/span> <span class=\"relative -mx-px my-[-0.2rem] rounded px-px py-[0.2rem]\">Construida originalmente como palacio real, m\u00e1s tarde se convirti\u00f3 en monasterio.<\/span> <span class=\"relative -mx-px my-[-0.2rem] rounded px-px py-[0.2rem]\">El complejo incluye una iglesia neocl\u00e1sica, un claustro hist\u00f3rico, la antigua farmacia del monasterio y las celdas de los monjes.<\/span> <span class=\"relative -mx-px my-[-0.2rem] rounded px-px py-[0.2rem]\">Cabe destacar las celdas n\u00ba 2 y n\u00ba 4, donde el famoso compositor Fr\u00e9d\u00e9ric Chopin y la escritora George Sand pasaron el invierno de 1838\/39.<\/span> <span class=\"relative -mx-px my-[-0.2rem] rounded px-px py-[0.2rem]\">En la actualidad, en estas habitaciones se exponen objetos personales de ambos artistas, como el piano Pleyel de Chopin.<\/span> <\/p>\n<h2 data-start=\"705\" data-end=\"756\">Santa Catalina Thom\u00e1s - La Santa de Mallorca<\/h2>\n<p data-start=\"758\" data-end=\"963\"><span class=\"relative -mx-px my-[-0.2rem] rounded px-px py-[0.2rem]\">Valldemossa es tambi\u00e9n el lugar de nacimiento de la \u00fanica santa de Mallorca, <strong data-start=\"69\" data-end=\"94\">Santa Catalina Thom\u00e1s<\/strong>.<\/span> <span class=\"relative -mx-px my-[-0.2rem] rounded px-px py-[0.2rem]\">Naci\u00f3 en 1531 en una modesta casa de la calle Rectoria, que hoy sirve de lugar de peregrinaci\u00f3n.<\/span> <span class=\"relative -mx-px my-[-0.2rem] rounded px-px py-[0.2rem]\">Por todo el pueblo hay azulejos y altares en su honor, que conmemoran su piadosa vida.<\/span><\/p>\n<h2 data-start=\"965\" data-end=\"992\">Arquitectura y paisaje urbano<\/h2>\n<p data-start=\"994\" data-end=\"1199\"><span class=\"relative -mx-px my-[-0.2rem] rounded px-px py-[0.2rem]\">El pueblo se encuentra a 436 metros de altitud sobre el nivel del mar y est\u00e1 dispuesto en terrazas.<\/span> <span class=\"relative -mx-px my-[-0.2rem] rounded px-px py-[0.2rem]\">La mayor\u00eda de los edificios datan de los siglos XVI y XVII y est\u00e1n decorados con azulejos de colores y adelfas en flor.  <\/span> <span class=\"relative -mx-px my-[-0.2rem] rounded px-px py-[0.2rem]\">Las sinuosas callejuelas, libres de coches, te invitan a pasear tranquilamente y ofrecen numerosas oportunidades para hacer fotos.<\/span> <\/p>\n<h2 data-start=\"1201\" data-end=\"1230\">Especialidades culinarias<\/h2>\n<p data-start=\"1232\" data-end=\"1357\"><span class=\"relative -mx-px my-[-0.2rem] rounded px-px py-[0.2rem]\">Una visita a Valldemossa no estar\u00eda completa sin probar la especialidad local, <strong data-start=\"98\" data-end=\"116\">la coca de patata<\/strong>.<\/span> <span class=\"relative -mx-px my-[-0.2rem] rounded px-px py-[0.2rem]\">Esta suave masa de patata se sirve tradicionalmente con una taza de chocolate caliente o una bebida de almendras, y est\u00e1 disponible en las panader\u00edas locales.<\/span><\/p>\n<h2 data-start=\"1359\" data-end=\"1387\">Festivales y eventos<\/h2>\n<p data-start=\"1389\" data-end=\"1554\"><span class=\"relative -mx-px my-[-0.2rem] rounded px-px py-[0.2rem]\">El pueblo celebra cada a\u00f1o varias fiestas en honor de su patrona, Santa Catalina Thom\u00e1s.<\/span> <span class=\"relative -mx-px my-[-0.2rem] rounded px-px py-[0.2rem]\">Durante esta \u00e9poca, las calles se decoran festivamente y se celebran procesiones y bailes tradicionales.<\/span> <span class=\"relative -mx-px my-[-0.2rem] rounded px-px py-[0.2rem]\">Estas fiestas ofrecen a los visitantes una visi\u00f3n profunda de la cultura y la tradici\u00f3n mallorquinas.<\/span><\/p>\n<h2 data-start=\"1556\" data-end=\"1586\">Senderismo y experiencias en la naturaleza<\/h2>\n<p data-start=\"1588\" data-end=\"1753\"><span class=\"relative -mx-px my-[-0.2rem] rounded px-px py-[0.2rem]\">Rodeada por el impresionante paisaje monta\u00f1oso de la Serra de Tramuntana, Valldemossa es un punto de partida ideal para hacer senderismo.<\/span> <span class=\"relative -mx-px my-[-0.2rem] rounded px-px py-[0.2rem]\">Hay rutas populares que llevan al cercano pueblo de Dei\u00e0 o al Puig des Teix, por ejemplo.<\/span> <span class=\"relative -mx-px my-[-0.2rem] rounded px-px py-[0.2rem]\">Los senderos ofrecen impresionantes vistas de la costa y las monta\u00f1as.<\/span><\/p>\n<p data-start=\"1588\" data-end=\"1753\">\n<p data-start=\"1588\" data-end=\"1753\"><span class=\"relative -mx-px my-[-0.2rem] rounded px-px py-[0.2rem]\">Valldemossa es un lugar que combina historia, cultura y naturaleza de una forma \u00fanica.<\/span> <span class=\"relative -mx-px my-[-0.2rem] rounded px-px py-[0.2rem]\">Una visita a este encantador pueblo ofrece una visi\u00f3n de la Mallorca tradicional y la oportunidad de seguir los pasos de grandes personalidades.<\/span><\/p>\n","protected":false},"excerpt":{"rendered":"<p>Valldemossa, un pintoresco pueblo en el coraz\u00f3n de la Serra de Tramuntana de Mallorca, se caracteriza por su rica historia, su importancia cultural y sus impresionantes paisajes. Con sus calles estrechas y empedradas, sus casas tradicionales de piedra y sus balcones exuberantemente floridos, atrae cada a\u00f1o a numerosos visitantes. Antecedentes hist\u00f3ricos Los or\u00edgenes de Valldemossa&#8230;<\/p>\n","protected":false},"author":1,"featured_media":64707,"comment_status":"closed","ping_status":"closed","sticky":false,"template":"","format":"standard","meta":{"footnotes":""},"categories":[4139],"tags":[],"class_list":["post-67355","post","type-post","status-publish","format-standard","has-post-thumbnail","hentry","category-ubicaciones"],"_links":{"self":[{"href":"https:\/\/www.lucasfroeserealestate.com\/es\/wp-json\/wp\/v2\/posts\/67355","targetHints":{"allow":["GET"]}}],"collection":[{"href":"https:\/\/www.lucasfroeserealestate.com\/es\/wp-json\/wp\/v2\/posts"}],"about":[{"href":"https:\/\/www.lucasfroeserealestate.com\/es\/wp-json\/wp\/v2\/types\/post"}],"author":[{"embeddable":true,"href":"https:\/\/www.lucasfroeserealestate.com\/es\/wp-json\/wp\/v2\/users\/1"}],"replies":[{"embeddable":true,"href":"https:\/\/www.lucasfroeserealestate.com\/es\/wp-json\/wp\/v2\/comments?post=67355"}],"version-history":[{"count":0,"href":"https:\/\/www.lucasfroeserealestate.com\/es\/wp-json\/wp\/v2\/posts\/67355\/revisions"}],"wp:featuredmedia":[{"embeddable":true,"href":"https:\/\/www.lucasfroeserealestate.com\/es\/wp-json\/wp\/v2\/media\/64707"}],"wp:attachment":[{"href":"https:\/\/www.lucasfroeserealestate.com\/es\/wp-json\/wp\/v2\/media?parent=67355"}],"wp:term":[{"taxonomy":"category","embeddable":true,"href":"https:\/\/www.lucasfroeserealestate.com\/es\/wp-json\/wp\/v2\/categories?post=67355"},{"taxonomy":"post_tag","embeddable":true,"href":"https:\/\/www.lucasfroeserealestate.com\/es\/wp-json\/wp\/v2\/tags?post=67355"}],"curies":[{"name":"wp","href":"https:\/\/api.w.org\/{rel}","templated":true}]}}