{"id":66546,"date":"2025-04-12T09:49:38","date_gmt":"2025-04-12T07:49:38","guid":{"rendered":"https:\/\/www.lucasfroeserealestate.com\/excursiones-por-mallorca-con-ninos\/"},"modified":"2025-04-12T09:49:38","modified_gmt":"2025-04-12T07:49:38","slug":"excursiones-por-mallorca-con-ninos","status":"publish","type":"post","link":"https:\/\/www.lucasfroeserealestate.com\/es\/excursiones-por-mallorca-con-ninos\/","title":{"rendered":"Excursiones por Mallorca con ni\u00f1os"},"content":{"rendered":"<h1 data-start=\"0\" data-end=\"126\">Excursiones por Mallorca con ni\u00f1os<\/h1>\n<p class=\"\" data-start=\"0\" data-end=\"126\"><span class=\"relative -mx-px my-[-0.2rem] rounded px-px py-[0.2rem] transition-colors duration-100 ease-in-out\">Mallorca ofrece una amplia gama de actividades y destinos de excursi\u00f3n para toda la familia, que proporcionar\u00e1n a ni\u00f1os y mayores experiencias inolvidables.<\/span> <span class=\"relative -mx-px my-[-0.2rem] rounded px-px py-[0.2rem] transition-colors duration-100 ease-in-out\">Desde aventureros parques acu\u00e1ticos hasta impresionantes maravillas naturales y descubrimientos culturales: la isla tiene el programa adecuado para cada familia.<\/span><\/p>\n<p class=\"\" data-start=\"0\" data-end=\"126\">\n<div id=\"attachment_66538\" style=\"width: 1210px\" class=\"wp-caption alignnone\"><img decoding=\"async\" aria-describedby=\"caption-attachment-66538\" class=\"size-full wp-image-66538\" src=\"https:\/\/www.lucasfroeserealestate.com\/wp-content\/uploads\/2025\/04\/Sin-titulo-1200-x-300-px-1.jpg\" alt=\"Excursiones por Mallorca con ni\u00f1os\" width=\"1200\" height=\"300\" title=\"\" srcset=\"https:\/\/www.lucasfroeserealestate.com\/wp-content\/uploads\/2025\/04\/Sin-titulo-1200-x-300-px-1.jpg 1200w, https:\/\/www.lucasfroeserealestate.com\/wp-content\/uploads\/2025\/04\/Sin-titulo-1200-x-300-px-1-300x75.jpg 300w, https:\/\/www.lucasfroeserealestate.com\/wp-content\/uploads\/2025\/04\/Sin-titulo-1200-x-300-px-1-1024x256.jpg 1024w, https:\/\/www.lucasfroeserealestate.com\/wp-content\/uploads\/2025\/04\/Sin-titulo-1200-x-300-px-1-768x192.jpg 768w, https:\/\/www.lucasfroeserealestate.com\/wp-content\/uploads\/2025\/04\/Sin-titulo-1200-x-300-px-1-150x38.jpg 150w\" sizes=\"(max-width: 1200px) 100vw, 1200px\" \/><p id=\"caption-attachment-66538\" class=\"wp-caption-text\">Excursiones por Mallorca con ni\u00f1os<\/p><\/div>\n<h2 class=\"\" data-start=\"128\" data-end=\"162\">1. <strong data-start=\"134\" data-end=\"162\">excursiones para ver delfines<\/strong><\/h2>\n<p class=\"\" data-start=\"164\" data-end=\"359\"><span class=\"relative -mx-px my-[-0.2rem] rounded px-px py-[0.2rem] transition-colors duration-100 ease-in-out\">Un punto culminante para muchas familias es ver delfines en su h\u00e1bitat natural.<\/span> <span class=\"relative -mx-px my-[-0.2rem] rounded px-px py-[0.2rem] transition-colors duration-100 ease-in-out\">Varios proveedores de Mallorca ofrecen excursiones en barco en las que, con un poco de suerte, se pueden avistar estos fascinantes mam\u00edferos marinos.<\/span> <span class=\"relative -mx-px my-[-0.2rem] rounded px-px py-[0.2rem] transition-colors duration-100 ease-in-out\">Estas excursiones suelen comenzar a primera hora de la ma\u00f1ana y, adem\u00e1s del avistamiento de delfines, a menudo tambi\u00e9n ofrecen la oportunidad de nadar y bucear.<\/span><\/p>\n<p data-start=\"164\" data-end=\"359\">\n<h2 class=\"\" data-start=\"361\" data-end=\"398\">2. <strong data-start=\"367\" data-end=\"398\">visita a las cuevas de estalactitas<\/strong><\/h2>\n<p class=\"\" data-start=\"400\" data-end=\"601\"><span class=\"relative -mx-px my-[-0.2rem] rounded px-px py-[0.2rem] transition-colors duration-100 ease-in-out\">Las Coves del Drac (Cuevas del Drag\u00f3n), cerca de Porto Cristo, son una maravilla natural impresionante.<\/span> <span class=\"relative -mx-px my-[-0.2rem] rounded px-px py-[0.2rem] transition-colors duration-100 ease-in-out\">Durante una visita guiada, las familias pueden maravillarse ante las fascinantes formaciones de estalactitas y uno de los mayores lagos subterr\u00e1neos de Europa.<\/span> <span class=\"relative -mx-px my-[-0.2rem] rounded px-px py-[0.2rem] transition-colors duration-100 ease-in-out\">El ambiente fresco de las cuevas tambi\u00e9n ofrece un cambio agradable en los calurosos d\u00edas de verano.<\/span><\/p>\n<p data-start=\"400\" data-end=\"601\">\n<h2 class=\"\" data-start=\"603\" data-end=\"627\">3\u00aa <strong data-start=\"609\" data-end=\"627\">Palma Aquarium<\/strong><\/h2>\n<p class=\"\" data-start=\"629\" data-end=\"834\"><span class=\"relative -mx-px my-[-0.2rem] rounded px-px py-[0.2rem] transition-colors duration-100 ease-in-out\">El Palma Aquarium ofrece una visi\u00f3n completa del mundo submarino con m\u00e1s de 8.000 animales marinos de 700 especies.<\/span> <span class=\"relative -mx-px my-[-0.2rem] rounded px-px py-[0.2rem] transition-colors duration-100 ease-in-out\">El tanque de tiburones m\u00e1s profundo de Europa es especialmente impresionante.<\/span> <span class=\"relative -mx-px my-[-0.2rem] rounded px-px py-[0.2rem] transition-colors duration-100 ease-in-out\">Las zonas interactivas y los programas educativos hacen que la visita sea especialmente emocionante y educativa para los ni\u00f1os.<\/span> <\/p>\n<p data-start=\"629\" data-end=\"834\">\n<h2 class=\"\" data-start=\"836\" data-end=\"857\">4. <strong data-start=\"842\" data-end=\"857\">parques acu\u00e1ticos<\/strong><\/h2>\n<p class=\"\" data-start=\"859\" data-end=\"944\"><span class=\"relative -mx-px my-[-0.2rem] rounded px-px py-[0.2rem] transition-colors duration-100 ease-in-out\">Hay varios parques acu\u00e1ticos en la isla para divertirse en el agua:<\/span><\/p>\n<div id=\"attachment_66535\" style=\"width: 310px\" class=\"wp-caption alignleft\"><img decoding=\"async\" aria-describedby=\"caption-attachment-66535\" class=\"size-full wp-image-66535\" src=\"https:\/\/www.lucasfroeserealestate.com\/wp-content\/uploads\/2025\/04\/Diseno-sin-titulo-2025-04-12T091659842.jpg\" alt=\"Excursiones por Mallorca con ni\u00f1os\" width=\"300\" height=\"600\" title=\"\" srcset=\"https:\/\/www.lucasfroeserealestate.com\/wp-content\/uploads\/2025\/04\/Diseno-sin-titulo-2025-04-12T091659842.jpg 300w, https:\/\/www.lucasfroeserealestate.com\/wp-content\/uploads\/2025\/04\/Diseno-sin-titulo-2025-04-12T091659842-150x300.jpg 150w, https:\/\/www.lucasfroeserealestate.com\/wp-content\/uploads\/2025\/04\/Diseno-sin-titulo-2025-04-12T091659842-75x150.jpg 75w\" sizes=\"(max-width: 300px) 100vw, 300px\" \/><p id=\"caption-attachment-66535\" class=\"wp-caption-text\">Excursiones por Mallorca con ni\u00f1os<\/p><\/div>\n<p class=\"\" data-start=\"859\" data-end=\"944\">\n<ul data-start=\"946\" data-end=\"1282\">\n<li class=\"\" data-start=\"946\" data-end=\"1057\">\n<p class=\"\" data-start=\"948\" data-end=\"1057\"><strong data-start=\"948\" data-end=\"970\">Aqualand El Arenal<\/strong>: <span class=\"relative -mx-px my-[-0.2rem] rounded px-px py-[0.2rem] transition-colors duration-100 ease-in-out\">Como uno de los mayores parques acu\u00e1ticos, ofrece numerosos toboganes y atracciones para todas las edades.<\/span><\/p>\n<\/li>\n<li class=\"\" data-start=\"1059\" data-end=\"1170\">\n<p class=\"\" data-start=\"1061\" data-end=\"1170\"><strong data-start=\"1061\" data-end=\"1083\">Parque Acu\u00e1tico del<\/strong> <span class=\"relative -mx-px my-[-0.2rem] rounded px-px py-[0.2rem] transition-colors duration-100 ease-in-out\">Oeste: Situado en Magaluf, este parque combina toboganes acu\u00e1ticos con una tem\u00e1tica del oeste y espect\u00e1culos.<\/span><\/p>\n<\/li>\n<li class=\"\" data-start=\"1172\" data-end=\"1282\">\n<p class=\"\" data-start=\"1174\" data-end=\"1282\"><strong data-start=\"1174\" data-end=\"1195\">Hidroparque Alc\u00fadia<\/strong>: <span class=\"relative -mx-px my-[-0.2rem] rounded px-px py-[0.2rem] transition-colors duration-100 ease-in-out\">Ideal para familias en el norte de la isla, este parque ofrece varios toboganes y piscinas.<\/span><\/p>\n<\/li>\n<\/ul>\n<p class=\"\" data-start=\"1284\" data-end=\"1409\"><span class=\"relative -mx-px my-[-0.2rem] rounded px-px py-[0.2rem] transition-colors duration-100 ease-in-out\">Estos parques ofrecen entretenimiento variado y son un placer refrescante, sobre todo en los d\u00edas calurosos.<\/span> <\/p>\n<p data-start=\"1284\" data-end=\"1409\">\n<h2 class=\"\" data-start=\"1411\" data-end=\"1448\">5. <strong data-start=\"1417\" data-end=\"1448\">playas familiares<\/strong><\/h2>\n<p class=\"\" data-start=\"1450\" data-end=\"1535\"><span class=\"relative -mx-px my-[-0.2rem] rounded px-px py-[0.2rem] transition-colors duration-100 ease-in-out\">Mallorca tiene numerosas playas especialmente adecuadas para las familias:<\/span><\/p>\n<ul data-start=\"1537\" data-end=\"1982\">\n<li class=\"\" data-start=\"1537\" data-end=\"1686\">\n<p class=\"\" data-start=\"1539\" data-end=\"1686\"><strong data-start=\"1539\" data-end=\"1559\">Playa de Alc\u00fadia<\/strong>: <span class=\"relative -mx-px my-[-0.2rem] rounded px-px py-[0.2rem] transition-colors duration-100 ease-in-out\">De arena fina y aguas poco profundas, ideal para los ni\u00f1os.<\/span> <\/p>\n<\/li>\n<li class=\"\" data-start=\"1688\" data-end=\"1834\">\n<p class=\"\" data-start=\"1690\" data-end=\"1834\"><strong data-start=\"1690\" data-end=\"1707\">Playa de Muro<\/strong>: <span class=\"relative -mx-px my-[-0.2rem] rounded px-px py-[0.2rem] transition-colors duration-100 ease-in-out\">Conocida por sus aguas transparentes y su suave oleaje, es perfecta para pasear en familia.<\/span><\/p>\n<\/li>\n<li class=\"\" data-start=\"1836\" data-end=\"1982\">\n<p class=\"\" data-start=\"1838\" data-end=\"1982\"><strong data-start=\"1838\" data-end=\"1855\">Cala Santany\u00ed<\/strong>: <span class=\"relative -mx-px my-[-0.2rem] rounded px-px py-[0.2rem] transition-colors duration-100 ease-in-out\">Una pintoresca bah\u00eda con una playa de arena en suave pendiente, ideal para familias con ni\u00f1os peque\u00f1os.<\/span><\/p>\n<\/li>\n<li data-start=\"1836\" data-end=\"1982\"><strong>Cala Mondrag\u00f3:<\/strong> Una hermosa playa doble en el parque natural de Mondrag\u00f3, en el sureste de Mallorca.<\/li>\n<\/ul>\n<p>&nbsp;<\/p>\n<ul data-start=\"1537\" data-end=\"1982\">\n<li data-start=\"1836\" data-end=\"1982\"><strong>Es Trenc:<\/strong> la playa n\u00famero uno de Mallorca. Todo el mundo conoce esta playa. A los ni\u00f1os les encanta, con sus aguas poco profundas, mucho espacio porque es una playa muy larga y aguas cristalinas. Muy importante; crema solar, gorra y preferiblemente una sombrilla como opci\u00f3n de sombra.   <\/li>\n<\/ul>\n<p>&nbsp;<\/p>\n<h2 class=\"\" data-start=\"1984\" data-end=\"2016\">6\u00ba <strong data-start=\"1990\" data-end=\"2016\">Forestal Park Mallorca<\/strong><\/h2>\n<p class=\"\" data-start=\"2018\" data-end=\"2183\"><span class=\"relative -mx-px my-[-0.2rem] rounded px-px py-[0.2rem] transition-colors duration-100 ease-in-out\">Para los aventureros, el Parque Forestal, cerca de Palma, ofrece recorridos de escalada de varios niveles de dificultad.<\/span> <span class=\"relative -mx-px my-[-0.2rem] rounded px-px py-[0.2rem] transition-colors duration-100 ease-in-out\">Con tirolinas, puentes colgantes y otros retos, es una experiencia emocionante para toda la familia.<\/span> <\/p>\n<p data-start=\"2018\" data-end=\"2183\">\n<h2 class=\"\" data-start=\"2185\" data-end=\"2240\">7\u00ba <strong data-start=\"2191\" data-end=\"2240\">viaje hist\u00f3rico en tren con el \u00abTren de S\u00f3ller<\/strong><\/h2>\n<p class=\"\" data-start=\"2242\" data-end=\"2407\"><span class=\"relative -mx-px my-[-0.2rem] rounded px-px py-[0.2rem] transition-colors duration-100 ease-in-out\">Un viaje en el nost\u00e1lgico tren de Palma a S\u00f3ller te lleva por paisajes pintorescos y ofrece una experiencia especial para grandes y peque\u00f1os.<\/span> <span class=\"relative -mx-px my-[-0.2rem] rounded px-px py-[0.2rem] transition-colors duration-100 ease-in-out\">Una vez que llegues a S\u00f3ller, el encantador casco antiguo te invita a pasear y demorarte.<\/span><\/p>\n<p data-start=\"2242\" data-end=\"2407\">\n<h2 class=\"\" data-start=\"2409\" data-end=\"2449\">8\u00aa <strong data-start=\"2415\" data-end=\"2449\">visita a Marineland Mallorca<\/strong><\/h2>\n<p class=\"\" data-start=\"2451\" data-end=\"2616\"><span class=\"relative -mx-px my-[-0.2rem] rounded px-px py-[0.2rem] transition-colors duration-100 ease-in-out\">Situado en Costa d&#8217;en Blanes, este parque combina espect\u00e1culos de animales marinos con animales ex\u00f3ticos y su propia zona de playa.<\/span> <span class=\"relative -mx-px my-[-0.2rem] rounded px-px py-[0.2rem] transition-colors duration-100 ease-in-out\">Los espect\u00e1culos de delfines y leones marinos son especialmente populares entre los ni\u00f1os.<\/span> <\/p>\n<p data-start=\"2451\" data-end=\"2616\">\n<div id=\"attachment_66532\" style=\"width: 310px\" class=\"wp-caption alignright\"><img decoding=\"async\" aria-describedby=\"caption-attachment-66532\" class=\"size-full wp-image-66532\" src=\"https:\/\/www.lucasfroeserealestate.com\/wp-content\/uploads\/2025\/04\/Diseno-sin-titulo-2025-04-12T091439416.jpg\" alt=\"Excursiones por Mallorca con ni\u00f1os\" width=\"300\" height=\"600\" title=\"\" srcset=\"https:\/\/www.lucasfroeserealestate.com\/wp-content\/uploads\/2025\/04\/Diseno-sin-titulo-2025-04-12T091439416.jpg 300w, https:\/\/www.lucasfroeserealestate.com\/wp-content\/uploads\/2025\/04\/Diseno-sin-titulo-2025-04-12T091439416-150x300.jpg 150w, https:\/\/www.lucasfroeserealestate.com\/wp-content\/uploads\/2025\/04\/Diseno-sin-titulo-2025-04-12T091439416-75x150.jpg 75w\" sizes=\"(max-width: 300px) 100vw, 300px\" \/><p id=\"caption-attachment-66532\" class=\"wp-caption-text\">Excursiones por Mallorca con ni\u00f1os<\/p><\/div>\n<h2 class=\"\" data-start=\"2618\" data-end=\"2654\">9\u00ba <strong data-start=\"2624\" data-end=\"2654\">Jungle Parc en Santa Ponsa<\/strong><\/h2>\n<p class=\"\" data-start=\"2656\" data-end=\"2821\"><span class=\"relative -mx-px my-[-0.2rem] rounded px-px py-[0.2rem] transition-colors duration-100 ease-in-out\">Un parque de escalada en medio del bosque que ofrece varios recorridos para diferentes grupos de edad y niveles de dificultad.<\/span> <span class=\"relative -mx-px my-[-0.2rem] rounded px-px py-[0.2rem] transition-colors duration-100 ease-in-out\">Ideal para familias activas que quieren experimentar la naturaleza de una forma emocionante.<\/span><\/p>\n<p data-start=\"2656\" data-end=\"2821\">\n<h2 class=\"\" data-start=\"2823\" data-end=\"2869\">10. <strong data-start=\"2830\" data-end=\"2869\">visita al Castell de Bellver<\/strong><\/h2>\n<p class=\"\" data-start=\"2871\" data-end=\"3036\"><span class=\"relative -mx-px my-[-0.2rem] rounded px-px py-[0.2rem] transition-colors duration-100 ease-in-out\">Este castillo bien conservado cerca de Palma no s\u00f3lo ofrece una visi\u00f3n de la historia de Mallorca, sino tambi\u00e9n una impresionante vista de la bah\u00eda de Palma.<\/span> <span class=\"relative -mx-px my-[-0.2rem] rounded px-px py-[0.2rem] transition-colors duration-100 ease-in-out\">Los ni\u00f1os pueden explorar las antiguas murallas y aprender jugando.<\/span> <\/p>\n<p class=\"\" data-start=\"3038\" data-end=\"3123\"><span class=\"relative -mx-px my-[-0.2rem] rounded px-px py-[0.2rem] transition-colors duration-100 ease-in-out\">Por eso, Mallorca ofrece una amplia gama de actividades y excursiones que har\u00e1n que tus vacaciones en familia sean variadas e inolvidables.<\/span><\/p>\n<p data-start=\"3038\" data-end=\"3123\">\n<h2 data-start=\"3038\" data-end=\"3123\">11\u00ba Karting Can Picafort en Mallorca<\/h2>\n<p class=\"\" data-start=\"224\" data-end=\"343\"><span class=\"relative -mx-px my-[-0.2rem] rounded px-px py-[0.2rem] transition-colors duration-100 ease-in-out\">Con una impresionante longitud de pista de 1.600 metros, Karting Can Picafort es uno de los circuitos de karting m\u00e1s importantes de Europa.<\/span> <span class=\"relative -mx-px my-[-0.2rem] rounded px-px py-[0.2rem] transition-colors duration-100 ease-in-out\">La instalaci\u00f3n cumple las normas de seguridad m\u00e1s estrictas de acuerdo con la normativa europea vigente y ofrece karts de varias categor\u00edas.<\/span><\/p>\n<ul data-start=\"345\" data-end=\"984\">\n<li class=\"\" data-start=\"345\" data-end=\"445\">\n<p class=\"\" data-start=\"347\" data-end=\"445\"><strong data-start=\"347\" data-end=\"362\">Kiddy karts<\/strong>: <span class=\"relative -mx-px my-[-0.2rem] rounded px-px py-[0.2rem] transition-colors duration-100 ease-in-out\">Para ni\u00f1os a partir de 6 a\u00f1os, con una potencia de 2 CV y una velocidad m\u00e1xima de 25 km\/h<\/span><\/p>\n<\/li>\n<li class=\"\" data-start=\"446\" data-end=\"548\">\n<p class=\"\" data-start=\"448\" data-end=\"548\"><strong data-start=\"448\" data-end=\"463\">Karts cadete<\/strong>: <span class=\"relative -mx-px my-[-0.2rem] rounded px-px py-[0.2rem] transition-colors duration-100 ease-in-out\">Para ni\u00f1os a partir de 7 a\u00f1os, 4 CV, hasta 40 km\/h<\/span>.<\/p>\n<\/li>\n<li class=\"\" data-start=\"549\" data-end=\"653\">\n<p class=\"\" data-start=\"551\" data-end=\"653\"><strong data-start=\"551\" data-end=\"566\">Karts adultos<\/strong>: <span class=\"relative -mx-px my-[-0.2rem] rounded px-px py-[0.2rem] transition-colors duration-100 ease-in-out\">Para j\u00f3venes a partir de 14 a\u00f1os, 7 CV, hasta 60 km\/h.<\/span><\/p>\n<\/li>\n<li class=\"\" data-start=\"654\" data-end=\"764\">\n<p class=\"\" data-start=\"656\" data-end=\"764\"><strong data-start=\"656\" data-end=\"677\">Karts de competici\u00f3n<\/strong>: <span class=\"relative -mx-px my-[-0.2rem] rounded px-px py-[0.2rem] transition-colors duration-100 ease-in-out\">A partir de 16 a\u00f1os, 10 CV, hasta 80 km\/h<\/span>.<\/p>\n<\/li>\n<li class=\"\" data-start=\"765\" data-end=\"876\">\n<p class=\"\" data-start=\"767\" data-end=\"876\"><strong data-start=\"767\" data-end=\"789\">Karts profesionales<\/strong>: <span class=\"relative -mx-px my-[-0.2rem] rounded px-px py-[0.2rem] transition-colors duration-100 ease-in-out\">A partir de 18 a\u00f1os, 14 CV, hasta 90 km\/h<\/span>.<\/p>\n<\/li>\n<li class=\"\" data-start=\"877\" data-end=\"984\">\n<p class=\"\" data-start=\"879\" data-end=\"984\"><strong data-start=\"879\" data-end=\"897\">Karts Bi-Plaza<\/strong>: <span class=\"relative -mx-px my-[-0.2rem] rounded px-px py-[0.2rem] transition-colors duration-100 ease-in-out\">biplaza para un adulto con ni\u00f1o, 15 CV, hasta 80 km\/h<\/span>.<\/p>\n<\/li>\n<\/ul>\n<p>Otros karts de la isla son el Karting de Magaluf, o el Centro Xtremekart, cubierto y situado en el Mallorca Fashion Outlet.<\/p>\n<div id=\"attachment_66541\" style=\"width: 1210px\" class=\"wp-caption alignnone\"><img decoding=\"async\" aria-describedby=\"caption-attachment-66541\" class=\"size-full wp-image-66541\" src=\"https:\/\/www.lucasfroeserealestate.com\/wp-content\/uploads\/2025\/04\/Sin-titulo-1200-x-300-px-2-1.jpg\" alt=\"Excursiones por Mallorca con ni\u00f1os\" width=\"1200\" height=\"300\" title=\"\" srcset=\"https:\/\/www.lucasfroeserealestate.com\/wp-content\/uploads\/2025\/04\/Sin-titulo-1200-x-300-px-2-1.jpg 1200w, https:\/\/www.lucasfroeserealestate.com\/wp-content\/uploads\/2025\/04\/Sin-titulo-1200-x-300-px-2-1-300x75.jpg 300w, https:\/\/www.lucasfroeserealestate.com\/wp-content\/uploads\/2025\/04\/Sin-titulo-1200-x-300-px-2-1-1024x256.jpg 1024w, https:\/\/www.lucasfroeserealestate.com\/wp-content\/uploads\/2025\/04\/Sin-titulo-1200-x-300-px-2-1-768x192.jpg 768w, https:\/\/www.lucasfroeserealestate.com\/wp-content\/uploads\/2025\/04\/Sin-titulo-1200-x-300-px-2-1-150x38.jpg 150w\" sizes=\"(max-width: 1200px) 100vw, 1200px\" \/><p id=\"caption-attachment-66541\" class=\"wp-caption-text\">Excursiones por Mallorca con ni\u00f1os<\/p><\/div>\n<h2>12 excursiones en kayak para toda la familia en Mallorca<\/h2>\n<p><span class=\"relative -mx-px my-[-0.2rem] rounded px-px py-[0.2rem] transition-colors duration-100 ease-in-out\">Mallorca ofrece numerosas oportunidades para hacer excursiones en kayak en familia, aptas tanto para principiantes como para palistas experimentados.<\/span> <span class=\"relative -mx-px my-[-0.2rem] rounded px-px py-[0.2rem] transition-colors duration-100 ease-in-out\">Aqu\u00ed tienes algunos de los mejores lugares y proveedores para practicar pirag\u00fcismo en familia en la isla:<\/span><\/p>\n<p class=\"\" data-start=\"219\" data-end=\"448\"><strong data-start=\"219\" data-end=\"251\">Colonia de Sant Jordi:<\/strong> Lugar privilegiado para excursiones en kayak con toda la familia, o combinadas con paddle surf.<\/p>\n<p class=\"\" data-start=\"450\" data-end=\"677\"><strong data-start=\"450\" data-end=\"472\">Bah\u00eda de Alc\u00fadia:<\/strong> <span class=\"relative -mx-px my-[-0.2rem] rounded px-px py-[0.2rem] transition-colors duration-100 ease-in-out\">Las tranquilas aguas de esta bah\u00eda son especialmente adecuadas para principiantes y familias.<\/span> <span class=\"relative -mx-px my-[-0.2rem] rounded px-px py-[0.2rem] transition-colors duration-100 ease-in-out\">Las excursiones guiadas en kayak llevan por la costa hasta cuevas ocultas y ofrecen la oportunidad de practicar snorkel.<\/span> <span class=\"relative -mx-px my-[-0.2rem] rounded px-px py-[0.2rem] transition-colors duration-100 ease-in-out\">Lo m\u00e1s destacado es la visita a la \u00abGruta Azul\u00bb, una cueva submarina de aguas cristalinas.<\/span><\/p>\n<p class=\"\" data-start=\"679\" data-end=\"875\"><strong data-start=\"679\" data-end=\"708\">Cala Blava (cerca del Arenal):<\/strong> <span class=\"relative -mx-px my-[-0.2rem] rounded px-px py-[0.2rem] transition-colors duration-100 ease-in-out\">La zona de Cala Blava y Son Ver\u00ed ofrece espectaculares paisajes costeros con bah\u00edas y cuevas.<\/span> <span class=\"relative -mx-px my-[-0.2rem] rounded px-px py-[0.2rem] transition-colors duration-100 ease-in-out\">Las excursiones en kayak en esta zona son especialmente adecuadas para familias, ya que el agua es tranquila y las excursiones se combinan a menudo con salidas para bucear<\/span>.<\/p>\n<p class=\"\" data-start=\"1063\" data-end=\"1266\"><strong data-start=\"1063\" data-end=\"1099\">Bah\u00eda de Palma (Ca&#8217;n Pastilla):<\/strong> <span class=\"relative -mx-px my-[-0.2rem] rounded px-px py-[0.2rem] transition-colors duration-100 ease-in-out\">Cerca de Palma, Ca&#8217;n Pastilla ofrece excursiones en kayak para toda la familia, ideales para principiantes.<\/span> <span class=\"relative -mx-px my-[-0.2rem] rounded px-px py-[0.2rem] transition-colors duration-100 ease-in-out\">Las excursiones duran unas dos horas y suelen incluir una sesi\u00f3n de snorkel.<\/span><\/p>\n<blockquote>\n<p class=\"\" data-start=\"1063\" data-end=\"1266\">El juego da a los ni\u00f1os la oportunidad de practicar lo que est\u00e1n aprendiendo.<\/p>\n<\/blockquote>\n<h2><\/h2>\n<h2>13\u00ba rancho de caballos y equitaci\u00f3n en Mallorca<\/h2>\n<p><span class=\"relative -mx-px my-[-0.2rem] rounded px-px py-[0.2rem] transition-colors duration-100 ease-in-out\">En la isla hay varios establos y ranchos de equitaci\u00f3n que atienden espec\u00edficamente las necesidades de los ni\u00f1os.<\/span> <span class=\"relative -mx-px my-[-0.2rem] rounded px-px py-[0.2rem] transition-colors duration-100 ease-in-out\">Muchas de estas instalaciones ofrecen paseos en poni para los m\u00e1s peque\u00f1os, as\u00ed como clases de equitaci\u00f3n para principiantes.<\/span> <span class=\"relative -mx-px my-[-0.2rem] rounded px-px py-[0.2rem] transition-colors duration-100 ease-in-out\">La atenci\u00f3n no se centra s\u00f3lo en la equitaci\u00f3n, sino tambi\u00e9n en la interacci\u00f3n l\u00fadica con los animales, el aprendizaje de la responsabilidad y el placer de hacer ejercicio en la naturaleza.<\/span><\/p>\n<h3 class=\"\" data-start=\"356\" data-end=\"381\">Son Menut en Felanitx<\/h3>\n<p class=\"\" data-start=\"383\" data-end=\"625\"><span class=\"relative -mx-px my-[-0.2rem] rounded px-px py-[0.2rem] transition-colors duration-100 ease-in-out\">La Finca Son Menut es una empresa de agroturismo con una escuela de equitaci\u00f3n anexa, especialmente adecuada para familias.<\/span> <span class=\"relative -mx-px my-[-0.2rem] rounded px-px py-[0.2rem] transition-colors duration-100 ease-in-out\">Con m\u00e1s de 70 caballos y ponis, el centro ofrece clases de equitaci\u00f3n para todas las edades y niveles de experiencia.<\/span> <span class=\"relative -mx-px my-[-0.2rem] rounded px-px py-[0.2rem] transition-colors duration-100 ease-in-out\">Los ni\u00f1os pueden adquirir aqu\u00ed su primera experiencia de equitaci\u00f3n, as\u00ed como mejorar sus habilidades de doma y salto.<\/span> <span class=\"relative -mx-px my-[-0.2rem] rounded px-px py-[0.2rem] transition-colors duration-100 ease-in-out\">Tambi\u00e9n hay paseos a caballo por los alrededores, incluidas excursiones a la cercana playa de Es Trenc.<\/span><\/p>\n<p class=\"\" data-start=\"627\" data-end=\"793\"><span class=\"relative -mx-px my-[-0.2rem] rounded px-px py-[0.2rem] transition-colors duration-100 ease-in-out\">Hay ofertas especiales para los m\u00e1s peque\u00f1os, como el paseo en poni de 30 minutos, en el que los ni\u00f1os pueden montar en poni acompa\u00f1ados de sus padres y disfrutar de un tentempi\u00e9 despu\u00e9s<\/span>. <span class=\"relative -mx-px my-[-0.2rem] rounded px-px py-[0.2rem] transition-colors duration-100 ease-in-out\">La escuela de equitaci\u00f3n concede gran importancia a la atenci\u00f3n personalizada y a un entorno seguro para que ni\u00f1os y padres se sientan igual de a gusto.<\/span><\/p>\n<p class=\"\" data-start=\"795\" data-end=\"921\"><span class=\"relative -mx-px my-[-0.2rem] rounded px-px py-[0.2rem] transition-colors duration-100 ease-in-out\">Adem\u00e1s de las instalaciones para montar a caballo, la finca dispone de alojamiento confortable, restaurante y piscina, lo que la convierte en un lugar ideal para unas vacaciones en familia.<\/span><\/p>\n<p class=\"\" data-start=\"923\" data-end=\"1008\"><span class=\"relative -mx-px my-[-0.2rem] rounded px-px py-[0.2rem] transition-colors duration-100 ease-in-out\">Ya sea como excursi\u00f3n de un d\u00eda o para una estancia m\u00e1s larga, montar a caballo en Mallorca, especialmente en la Finca Son Menut, ofrece a los ni\u00f1os una magn\u00edfica oportunidad de conocer el mundo de los caballos y vivir experiencias inolvidables.<\/span><\/p>\n<p>&nbsp;<\/p>\n<h2>Actividades familiares en la isla<\/h2>\n<p>En general, Mallorca cuenta con una amplia oferta de actividades y excursiones para ni\u00f1os y familias. \u00a1Cu\u00e9ntanos tu plan favorito con toda la familia en Mallorca! <\/p>\n","protected":false},"excerpt":{"rendered":"<p>Excursiones por Mallorca con ni\u00f1os Mallorca ofrece una amplia gama de actividades y destinos de excursi\u00f3n para toda la familia, que proporcionar\u00e1n a ni\u00f1os y mayores experiencias inolvidables. Desde aventureros parques acu\u00e1ticos hasta impresionantes maravillas naturales y descubrimientos culturales: la isla tiene el programa adecuado para cada familia. 1. excursiones para ver delfines Un punto&#8230;<\/p>\n","protected":false},"author":1,"featured_media":66529,"comment_status":"closed","ping_status":"closed","sticky":false,"template":"","format":"standard","meta":{"footnotes":""},"categories":[4140],"tags":[],"class_list":["post-66546","post","type-post","status-publish","format-standard","has-post-thumbnail","hentry","category-actividades"],"_links":{"self":[{"href":"https:\/\/www.lucasfroeserealestate.com\/es\/wp-json\/wp\/v2\/posts\/66546","targetHints":{"allow":["GET"]}}],"collection":[{"href":"https:\/\/www.lucasfroeserealestate.com\/es\/wp-json\/wp\/v2\/posts"}],"about":[{"href":"https:\/\/www.lucasfroeserealestate.com\/es\/wp-json\/wp\/v2\/types\/post"}],"author":[{"embeddable":true,"href":"https:\/\/www.lucasfroeserealestate.com\/es\/wp-json\/wp\/v2\/users\/1"}],"replies":[{"embeddable":true,"href":"https:\/\/www.lucasfroeserealestate.com\/es\/wp-json\/wp\/v2\/comments?post=66546"}],"version-history":[{"count":0,"href":"https:\/\/www.lucasfroeserealestate.com\/es\/wp-json\/wp\/v2\/posts\/66546\/revisions"}],"wp:featuredmedia":[{"embeddable":true,"href":"https:\/\/www.lucasfroeserealestate.com\/es\/wp-json\/wp\/v2\/media\/66529"}],"wp:attachment":[{"href":"https:\/\/www.lucasfroeserealestate.com\/es\/wp-json\/wp\/v2\/media?parent=66546"}],"wp:term":[{"taxonomy":"category","embeddable":true,"href":"https:\/\/www.lucasfroeserealestate.com\/es\/wp-json\/wp\/v2\/categories?post=66546"},{"taxonomy":"post_tag","embeddable":true,"href":"https:\/\/www.lucasfroeserealestate.com\/es\/wp-json\/wp\/v2\/tags?post=66546"}],"curies":[{"name":"wp","href":"https:\/\/api.w.org\/{rel}","templated":true}]}}