{"id":66515,"date":"2025-04-10T19:42:54","date_gmt":"2025-04-10T17:42:54","guid":{"rendered":"https:\/\/www.lucasfroeserealestate.com\/los-mejores-restaurantes-con-vistas-al-mar-de-mallorca\/"},"modified":"2025-04-10T19:42:54","modified_gmt":"2025-04-10T17:42:54","slug":"los-mejores-restaurantes-con-vistas-al-mar-de-mallorca","status":"publish","type":"post","link":"https:\/\/www.lucasfroeserealestate.com\/es\/los-mejores-restaurantes-con-vistas-al-mar-de-mallorca\/","title":{"rendered":"Los mejores restaurantes con vistas al mar de Mallorca"},"content":{"rendered":"<h1 class=\"\" data-start=\"0\" data-end=\"77\">Los 10 restaurantes m\u00e1s exquisitos con impresionantes vistas al mar en Mallorca<\/h1>\n<p class=\"\" data-start=\"79\" data-end=\"535\">Mallorca, la perla del Mediterr\u00e1neo, encanta no s\u00f3lo por sus pintorescas playas y paisajes id\u00edlicos, sino tambi\u00e9n por su excepcional escena gastron\u00f3mica. Son especialmente populares los restaurantes que combinan delicias culinarias con espectaculares vistas al mar. Te presentamos una selecci\u00f3n de los diez restaurantes m\u00e1s exquisitos de Mallorca, que no s\u00f3lo impresionan por su cocina, sino tambi\u00e9n por sus inigualables vistas.  <\/p>\n<h2 class=\"\" data-start=\"537\" data-end=\"607\">1er B\u00e9ns d&#8217;Avall - Excelencia culinaria en la Serra de Tramuntana<\/h2>\n<p class=\"\" data-start=\"609\" data-end=\"804\"><span class=\"relative -mx-px my-[-0.2rem] rounded px-px py-[0.2rem] transition-colors duration-100 ease-in-out\">Enclavado en el impresionante paisaje de la Serra de Tramuntana, entre S\u00f3ller y Dei\u00e0, se encuentra el restaurante B\u00e9ns d&#8217;Avall, galardonado con una estrella Michelin.<\/span> <span class=\"relative -mx-px my-[-0.2rem] rounded px-px py-[0.2rem] transition-colors duration-100 ease-in-out\">La familia Vicens lleva m\u00e1s de 50 a\u00f1os mimando a sus hu\u00e9spedes con interpretaciones innovadoras de la cocina mallorquina.<\/span> <span class=\"relative -mx-px my-[-0.2rem] rounded px-px py-[0.2rem] transition-colors duration-100 ease-in-out\">La terraza ofrece una vista incomparable del resplandeciente Mediterr\u00e1neo, mientras que platos como el pescado reci\u00e9n pescado en costra de sal deleitan el paladar.<\/span><\/p>\n<h2 class=\"\" data-start=\"806\" data-end=\"880\">2\u00ba Cap Rocat - La Fortaleza: El toque hist\u00f3rico se une a la cocina gourmet<\/h2>\n<p class=\"\" data-start=\"882\" data-end=\"1117\"><span class=\"relative -mx-px my-[-0.2rem] rounded px-px py-[0.2rem] transition-colors duration-100 ease-in-out\">El restaurante La Fortaleza est\u00e1 situado en la antigua fortaleza militar de Cap Rocat, cerca de Cala Blava.<\/span> <span class=\"relative -mx-px my-[-0.2rem] rounded px-px py-[0.2rem] transition-colors duration-100 ease-in-out\">Aqu\u00ed, la arquitectura hist\u00f3rica y la alta cocina se fusionan para crear una experiencia \u00fanica.<\/span> <span class=\"relative -mx-px my-[-0.2rem] rounded px-px py-[0.2rem] transition-colors duration-100 ease-in-out\">Bajo la direcci\u00f3n del chef V\u00edctor Garc\u00eda, las recetas tradicionales mallorquinas se reinterpretan con t\u00e9cnicas vanguardistas.<\/span> <span class=\"relative -mx-px my-[-0.2rem] rounded px-px py-[0.2rem] transition-colors duration-100 ease-in-out\">La terraza ofrece una vista impresionante de la bah\u00eda de Palma.<\/span> <\/p>\n<h2 class=\"\" data-start=\"1119\" data-end=\"1192\">3\u00ba Mar de Nudos - Fusi\u00f3n mediterr\u00e1nea y japonesa en el puerto de Palma<\/h2>\n<p class=\"\" data-start=\"1194\" data-end=\"1399\"><span class=\"relative -mx-px my-[-0.2rem] rounded px-px py-[0.2rem] transition-colors duration-100 ease-in-out\">Situado directamente en el puerto del Moll Vell de Palma, el Mar de Nudos impresiona por su elegante interior y su combinaci\u00f3n de cocina mediterr\u00e1nea y japonesa.<\/span> <span class=\"relative -mx-px my-[-0.2rem] rounded px-px py-[0.2rem] transition-colors duration-100 ease-in-out\">Mientras los yates se mecen suavemente en el agua, los invitados saborean creaciones como carpaccio de calamar con crema de r\u00e1bano picante y espuma de aguacate y wasabi.<\/span> <span class=\"relative -mx-px my-[-0.2rem] rounded px-px py-[0.2rem] transition-colors duration-100 ease-in-out\">La terraza orientada al sur ofrece una vista incomparable del mar y del puerto.<\/span><\/p>\n<h2 class=\"\" data-start=\"1401\" data-end=\"1476\">4\u00ba Sa Foradada - Encanto r\u00fastico con vistas a la emblem\u00e1tica formaci\u00f3n rocosa<\/h2>\n<p class=\"\" data-start=\"1478\" data-end=\"1683\"><span class=\"relative -mx-px my-[-0.2rem] rounded px-px py-[0.2rem] transition-colors duration-100 ease-in-out\">S\u00f3lo accesible en barco o tras una caminata, el restaurante Sa Foradada est\u00e1 situado en un acantilado cerca de Dei\u00e0.<\/span> <span class=\"relative -mx-px my-[-0.2rem] rounded px-px py-[0.2rem] transition-colors duration-100 ease-in-out\">Conocido por sus paellas cocinadas al fuego, ofrece una vista incomparable de la famosa formaci\u00f3n rocosa y del profundo mar azul.<\/span> <span class=\"relative -mx-px my-[-0.2rem] rounded px-px py-[0.2rem] transition-colors duration-100 ease-in-out\">Un consejo para viajeros aventureros y gourmets por igual.<\/span><\/p>\n<h2 class=\"\" data-start=\"1685\" data-end=\"1738\">5\u00aa Illeta - Cenando en una isla en Camp de Mar<\/h2>\n<p class=\"\" data-start=\"1740\" data-end=\"1945\"><span class=\"relative -mx-px my-[-0.2rem] rounded px-px py-[0.2rem] transition-colors duration-100 ease-in-out\">El restaurante Illeta est\u00e1 encaramado en una peque\u00f1a isla a la que se llega por una pasarela de madera desde la playa de Camp de Mar.<\/span> <span class=\"relative -mx-px my-[-0.2rem] rounded px-px py-[0.2rem] transition-colors duration-100 ease-in-out\">Rodeados por las aguas turquesas del Mediterr\u00e1neo, los hu\u00e9spedes pueden disfrutar de marisco fresco y especialidades mediterr\u00e1neas.<\/span> <span class=\"relative -mx-px my-[-0.2rem] rounded px-px py-[0.2rem] transition-colors duration-100 ease-in-out\">La vista de 360 grados del mar hace que la experiencia culinaria sea inolvidable.<\/span><\/p>\n<div id=\"attachment_66509\" style=\"width: 310px\" class=\"wp-caption alignright\"><img decoding=\"async\" aria-describedby=\"caption-attachment-66509\" class=\"wp-image-66509 size-medium\" src=\"https:\/\/www.lucasfroeserealestate.com\/wp-content\/uploads\/2025\/04\/Diseno-sin-titulo-2025-04-10T194145158-300x200.jpg\" alt=\"Restaurantes con vistas al mar en Mallorca\" width=\"300\" height=\"200\" title=\"\" srcset=\"https:\/\/www.lucasfroeserealestate.com\/wp-content\/uploads\/2025\/04\/Diseno-sin-titulo-2025-04-10T194145158-300x200.jpg 300w, https:\/\/www.lucasfroeserealestate.com\/wp-content\/uploads\/2025\/04\/Diseno-sin-titulo-2025-04-10T194145158-1024x683.jpg 1024w, https:\/\/www.lucasfroeserealestate.com\/wp-content\/uploads\/2025\/04\/Diseno-sin-titulo-2025-04-10T194145158-768x512.jpg 768w, https:\/\/www.lucasfroeserealestate.com\/wp-content\/uploads\/2025\/04\/Diseno-sin-titulo-2025-04-10T194145158-150x100.jpg 150w, https:\/\/www.lucasfroeserealestate.com\/wp-content\/uploads\/2025\/04\/Diseno-sin-titulo-2025-04-10T194145158-488x326.jpg 488w, https:\/\/www.lucasfroeserealestate.com\/wp-content\/uploads\/2025\/04\/Diseno-sin-titulo-2025-04-10T194145158.jpg 1200w\" sizes=\"(max-width: 300px) 100vw, 300px\" \/><p id=\"caption-attachment-66509\" class=\"wp-caption-text\">Restaurantes con vistas al mar en Mallorca<\/p><\/div>\n<h2 class=\"\" data-start=\"1947\" data-end=\"2013\">6\u00aa Casa de Playa Cassai - Ambiente bohemio en la Colonia de Sant Jordi<\/h2>\n<p class=\"\" data-start=\"2015\" data-end=\"2220\"><span class=\"relative -mx-px my-[-0.2rem] rounded px-px py-[0.2rem] transition-colors duration-100 ease-in-out\">La Casa de la Playa Cassai est\u00e1 situada en una antigua casa de pescadores, justo en el paseo mar\u00edtimo.<\/span> <span class=\"relative -mx-px my-[-0.2rem] rounded px-px py-[0.2rem] transition-colors duration-100 ease-in-out\">Con su dise\u00f1o boho chic y su ambiente relajado, te invita a quedarte.<\/span> <span class=\"relative -mx-px my-[-0.2rem] rounded px-px py-[0.2rem] transition-colors duration-100 ease-in-out\">El men\u00fa ofrece una mezcla de platos mediterr\u00e1neos e internacionales, mientras que las vistas al mar y a la isla de Cabrera redondean la visita.<\/span><\/p>\n<h2 class=\"\" data-start=\"2222\" data-end=\"2289\">7\u00ba Restaurante Mirador de Cabrera - Vista panor\u00e1mica en Vallgornera<\/h2>\n<p class=\"\" data-start=\"2291\" data-end=\"2456\"><span class=\"relative -mx-px my-[-0.2rem] rounded px-px py-[0.2rem] transition-colors duration-100 ease-in-out\">Situado en lo alto de los acantilados de Vallgornera, el restaurante Mirador de Cabrera ofrece unas vistas espectaculares del mar y de la isla de Cabrera, frente a la costa.<\/span> <span class=\"relative -mx-px my-[-0.2rem] rounded px-px py-[0.2rem] transition-colors duration-100 ease-in-out\">La cocina mediterr\u00e1nea, unida a las impresionantes vistas, lo convierten en un lugar especial para cenas rom\u00e1nticas.<\/span><\/p>\n<h2 class=\"\" data-start=\"2458\" data-end=\"2522\">8\u00ba Arrels de Marga Coll - La tradici\u00f3n se une a la modernidad en Illetas<\/h2>\n<p class=\"\" data-start=\"2524\" data-end=\"2729\"><span class=\"relative -mx-px my-[-0.2rem] rounded px-px py-[0.2rem] transition-colors duration-100 ease-in-out\">El lujoso Hotel de Mar Gran Meli\u00e1 de Illetas alberga el restaurante Arrels by Marga Coll.<\/span> <span class=\"relative -mx-px my-[-0.2rem] rounded px-px py-[0.2rem] transition-colors duration-100 ease-in-out\">Aqu\u00ed se sirve cocina tradicional mallorquina con un toque moderno.<\/span> <span class=\"relative -mx-px my-[-0.2rem] rounded px-px py-[0.2rem] transition-colors duration-100 ease-in-out\">La terraza ofrece una magn\u00edfica vista del Mediterr\u00e1neo, mientras que los platos elaborados con ingredientes locales deleitan el paladar.<\/span><\/p>\n<h2 class=\"\" data-start=\"2731\" data-end=\"2792\">9\u00ba Es Fum - Cocina con estrella Michelin y vistas al mar en Costa d&#8217;en Blanes<\/h2>\n<p class=\"\" data-start=\"2794\" data-end=\"2959\"><span class=\"relative -mx-px my-[-0.2rem] rounded px-px py-[0.2rem] transition-colors duration-100 ease-in-out\">El restaurante Es Fum del St. Regis Mardavall Resort, galardonado con una estrella Michelin, ofrece una exquisita selecci\u00f3n de men\u00fas degustaci\u00f3n.<\/span> <span class=\"relative -mx-px my-[-0.2rem] rounded px-px py-[0.2rem] transition-colors duration-100 ease-in-out\">La elegante terraza ofrece amplias vistas del mar, mientras que las creativas creaciones del chef Miguel Navarro son un fest\u00edn para los sentidos.<\/span><\/p>\n<h2 class=\"\" data-start=\"2961\" data-end=\"3012\">10\u00ba La Terraza - Sabores mediterr\u00e1neos en Alcanada<\/h2>\n<p class=\"\" data-start=\"3014\" data-end=\"3219\"><span class=\"relative -mx-px my-[-0.2rem] rounded px-px py-[0.2rem] transition-colors duration-100 ease-in-out\">En el norte de la isla, en Alcanada, cerca de Alc\u00fadia, La Terraza te invita a disfrutar de experiencias culinarias junto al agua.<\/span> <span class=\"relative -mx-px my-[-0.2rem] rounded px-px py-[0.2rem] transition-colors duration-100 ease-in-out\">El variado men\u00fa abarca desde tapas hasta alta cocina, acompa\u00f1adas de una exquisita selecci\u00f3n de vinos.<\/span> <span class=\"relative -mx-px my-[-0.2rem] rounded px-px py-[0.2rem] transition-colors duration-100 ease-in-out\">La terraza ofrece una pintoresca vista de la bah\u00eda y del faro de Alcanada.<\/span><\/p>\n<p class=\"\" data-start=\"3221\" data-end=\"3346\"><span class=\"relative -mx-px my-[-0.2rem] rounded px-px py-[0.2rem] transition-colors duration-100 ease-in-out\">Esta selecci\u00f3n representa la cr\u00e8me de la cr\u00e8me de la gastronom\u00eda mallorquina, donde la excelente cocina y las impresionantes vistas al mar se fusionan para crear experiencias inolvidables.<\/span> <span class=\"relative -mx-px my-[-0.2rem] rounded px-px py-[0.2rem] transition-colors duration-100 ease-in-out\">Ya sea para una cena rom\u00e1ntica, un evento festivo o simplemente para disfrutar del estilo de vida mediterr\u00e1neo, estos restaurantes marcan la pauta en cuanto a delicias culinarias y ambiente.<\/span><\/p>\n","protected":false},"excerpt":{"rendered":"<p>Los 10 restaurantes m\u00e1s exquisitos con impresionantes vistas al mar en Mallorca Mallorca, la perla del Mediterr\u00e1neo, encanta no s\u00f3lo por sus pintorescas playas y paisajes id\u00edlicos, sino tambi\u00e9n por su excepcional escena gastron\u00f3mica. Son especialmente populares los restaurantes que combinan delicias culinarias con espectaculares vistas al mar. Te presentamos una selecci\u00f3n de los diez&#8230;<\/p>\n","protected":false},"author":1,"featured_media":66506,"comment_status":"closed","ping_status":"closed","sticky":false,"template":"","format":"standard","meta":{"footnotes":""},"categories":[4143],"tags":[],"class_list":["post-66515","post","type-post","status-publish","format-standard","has-post-thumbnail","hentry","category-gastronomia"],"_links":{"self":[{"href":"https:\/\/www.lucasfroeserealestate.com\/es\/wp-json\/wp\/v2\/posts\/66515","targetHints":{"allow":["GET"]}}],"collection":[{"href":"https:\/\/www.lucasfroeserealestate.com\/es\/wp-json\/wp\/v2\/posts"}],"about":[{"href":"https:\/\/www.lucasfroeserealestate.com\/es\/wp-json\/wp\/v2\/types\/post"}],"author":[{"embeddable":true,"href":"https:\/\/www.lucasfroeserealestate.com\/es\/wp-json\/wp\/v2\/users\/1"}],"replies":[{"embeddable":true,"href":"https:\/\/www.lucasfroeserealestate.com\/es\/wp-json\/wp\/v2\/comments?post=66515"}],"version-history":[{"count":0,"href":"https:\/\/www.lucasfroeserealestate.com\/es\/wp-json\/wp\/v2\/posts\/66515\/revisions"}],"wp:featuredmedia":[{"embeddable":true,"href":"https:\/\/www.lucasfroeserealestate.com\/es\/wp-json\/wp\/v2\/media\/66506"}],"wp:attachment":[{"href":"https:\/\/www.lucasfroeserealestate.com\/es\/wp-json\/wp\/v2\/media?parent=66515"}],"wp:term":[{"taxonomy":"category","embeddable":true,"href":"https:\/\/www.lucasfroeserealestate.com\/es\/wp-json\/wp\/v2\/categories?post=66515"},{"taxonomy":"post_tag","embeddable":true,"href":"https:\/\/www.lucasfroeserealestate.com\/es\/wp-json\/wp\/v2\/tags?post=66515"}],"curies":[{"name":"wp","href":"https:\/\/api.w.org\/{rel}","templated":true}]}}