{"id":65342,"date":"2025-03-16T15:28:50","date_gmt":"2025-03-16T14:28:50","guid":{"rendered":"https:\/\/www.lucasfroeserealestate.com\/catedral-de-palma\/"},"modified":"2025-04-12T11:10:28","modified_gmt":"2025-04-12T09:10:28","slug":"catedral-de-palma","status":"publish","type":"post","link":"https:\/\/www.lucasfroeserealestate.com\/es\/catedral-de-palma\/","title":{"rendered":"Catedral de Palma"},"content":{"rendered":"<h1 data-start=\"0\" data-end=\"65\">La catedral de Palma de Mallorca: una obra maestra del g\u00f3tico<\/h1>\n<p data-start=\"107\" data-end=\"226\"><span class=\"relative -mx-px my-[-0.2rem] rounded px-px py-[0.2rem]\">La catedral de Palma de Mallorca, tambi\u00e9n conocida como La Seu, es un destacado ejemplo de arquitectura g\u00f3tica y un punto de referencia de la capital balear.<\/span> <span class=\"relative -mx-px my-[-0.2rem] rounded px-px py-[0.2rem]\">Con su imponente presencia sobre los tejados del casco antiguo, atrae a visitantes de todo el mundo y cuenta una rica historia que se remonta al siglo XIII.<\/span><\/p>\n<h2 data-start=\"228\" data-end=\"255\">Antecedentes hist\u00f3ricos<\/h2>\n<p data-start=\"257\" data-end=\"414\"><span class=\"relative -mx-px my-[-0.2rem] rounded px-px py-[0.2rem]\">La construcci\u00f3n de la catedral comenz\u00f3 en 1229 sobre los restos de una mezquita incendiada anteriormente, inmediatamente despu\u00e9s de que el rey Jaime I reconquistara Mallorca.<\/span> <span class=\"relative -mx-px my-[-0.2rem] rounded px-px py-[0.2rem]\">La fachada oeste no se termin\u00f3 hasta 1604, lo que pone de relieve el largo periodo de construcci\u00f3n de este proyecto monumental.<\/span><\/p>\n<h2 data-start=\"416\" data-end=\"450\">Caracter\u00edsticas arquitect\u00f3nicas especiales<\/h2>\n<p data-start=\"452\" data-end=\"653\"><span class=\"relative -mx-px my-[-0.2rem] rounded px-px py-[0.2rem]\">La Seu impresiona por su arquitectura g\u00f3tica con una longitud de 121 metros y una anchura de 40 metros.<\/span> <span class=\"relative -mx-px my-[-0.2rem] rounded px-px py-[0.2rem]\">La nave alcanza una altura de 44 metros, lo que la convierte en una de las naves g\u00f3ticas m\u00e1s altas de Europa.<\/span> <span class=\"relative -mx-px my-[-0.2rem] rounded px-px py-[0.2rem]\">Destaca especialmente el gran roset\u00f3n de casi 14 metros de di\u00e1metro, considerado uno de los rosetones g\u00f3ticos m\u00e1s grandes del mundo.<\/span><\/p>\n<div id=\"attachment_65334\" style=\"width: 610px\" class=\"wp-caption alignright\"><img decoding=\"async\" aria-describedby=\"caption-attachment-65334\" class=\"size-full wp-image-65334\" src=\"https:\/\/www.lucasfroeserealestate.com\/wp-content\/uploads\/2025\/03\/kathedrale-palma-mallorca-02.jpg\" alt=\"Catedral de Palma\" width=\"600\" height=\"256\" title=\"\" srcset=\"https:\/\/www.lucasfroeserealestate.com\/wp-content\/uploads\/2025\/03\/kathedrale-palma-mallorca-02.jpg 600w, https:\/\/www.lucasfroeserealestate.com\/wp-content\/uploads\/2025\/03\/kathedrale-palma-mallorca-02-300x128.jpg 300w, https:\/\/www.lucasfroeserealestate.com\/wp-content\/uploads\/2025\/03\/kathedrale-palma-mallorca-02-150x64.jpg 150w\" sizes=\"(max-width: 600px) 100vw, 600px\" \/><p id=\"caption-attachment-65334\" class=\"wp-caption-text\">Catedral de Palma<\/p><\/div>\n<h2 data-start=\"655\" data-end=\"697\">Interiorismo e influencia de Gaud\u00ed<\/h2>\n<p data-start=\"699\" data-end=\"858\"><span class=\"relative -mx-px my-[-0.2rem] rounded px-px py-[0.2rem]\">Entre 1904 y 1914, el famoso arquitecto catal\u00e1n Antoni Gaud\u00ed realiz\u00f3 importantes cambios en el interior de la catedral.<\/span> <span class=\"relative -mx-px my-[-0.2rem] rounded px-px py-[0.2rem]\">Desplaz\u00f3 el coro hacia delante, hacia la Capilla Real, y dispuso a ambos lados del altar la siller\u00eda del coro del siglo XIV, tallada con ornamentos.<\/span> <span class=\"relative -mx-px my-[-0.2rem] rounded px-px py-[0.2rem]\">Tambi\u00e9n mand\u00f3 decorar algunas paredes con cer\u00e1mica hecha seg\u00fan sus dise\u00f1os por la empresa mallorquina La Roqueta.<\/span><\/p>\n<h2 data-start=\"860\" data-end=\"889\">El milagro de la luz en La Seu<\/h2>\n<p data-start=\"891\" data-end=\"1050\"><span class=\"relative -mx-px my-[-0.2rem] rounded px-px py-[0.2rem]\">Un fen\u00f3meno especial, el llamado milagro de la luz, atrae cada a\u00f1o a numerosos visitantes.<\/span> <span class=\"relative -mx-px my-[-0.2rem] rounded px-px py-[0.2rem]\">El 2 de febrero y el 11 de noviembre, la luz del sol cae por la ma\u00f1ana a trav\u00e9s del roset\u00f3n oriental y crea un colorido reflejo de luz en la pared interior del portal principal, bajo el roset\u00f3n occidental.<\/span> <span class=\"relative -mx-px my-[-0.2rem] rounded px-px py-[0.2rem]\">Este espect\u00e1culo forma visualmente una colorida figura de ocho y es contemplado por miles de espectadores.<\/span><\/p>\n<ul>\n<li data-start=\"891\" data-end=\"1050\"><a href=\"https:\/\/www.lucasfroeserealestate.com\/immobilien-in-palma\/\">Inmobiliaria en Palma<\/a><\/li>\n<li data-start=\"891\" data-end=\"1050\"><a href=\"https:\/\/www.lucasfroeserealestate.com\/immobilien-mallorca\/\">Inmobiliaria en Mallorca<\/a><\/li>\n<\/ul>\n<h2 data-start=\"1052\" data-end=\"1079\">El \u00f3rgano de la catedral<\/h2>\n<p data-start=\"1081\" data-end=\"1326\"><span class=\"relative -mx-px my-[-0.2rem] rounded px-px py-[0.2rem]\">La Seu alberga el \u00f3rgano m\u00e1s grande de Mallorca, construido originalmente en 1328.<\/span> <span class=\"relative -mx-px my-[-0.2rem] rounded px-px py-[0.2rem]\">Tiene cuatro teclados con 56 teclas y un pedal con 30 teclas.<\/span> <span class=\"relative -mx-px my-[-0.2rem] rounded px-px py-[0.2rem]\">Este \u00f3rgano fue decisivo en el desarrollo de la escuela mallorquina de construcci\u00f3n de \u00f3rganos, que es una de las m\u00e1s importantes del mundo.<\/span> <span class=\"relative -mx-px my-[-0.2rem] rounded px-px py-[0.2rem]\">El Festival Internacional de \u00d3rgano se celebra aqu\u00ed desde el a\u00f1o 2000.<\/span><\/p>\n<h2 data-start=\"1328\" data-end=\"1366\">Restauraciones y da\u00f1os por terremotos<\/h2>\n<p data-start=\"1368\" data-end=\"1573\"><span class=\"relative -mx-px my-[-0.2rem] rounded px-px py-[0.2rem]\">En 1851, la catedral sufri\u00f3 graves da\u00f1os a causa de un terremoto.<\/span> <span class=\"relative -mx-px my-[-0.2rem] rounded px-px py-[0.2rem]\">En lugar de restaurar las partes destruidas en el estilo original, se opt\u00f3 por una remodelaci\u00f3n neog\u00f3tica.<\/span> <span class=\"relative -mx-px my-[-0.2rem] rounded px-px py-[0.2rem]\">Esto dio lugar a una mezcla de diferentes estilos arquitect\u00f3nicos que caracterizan el aspecto actual de la catedral.<\/span><\/p>\n<h2 data-start=\"1575\" data-end=\"1610\">Importancia para Palma y Mallorca<\/h2>\n<p data-start=\"1612\" data-end=\"1777\"><span class=\"relative -mx-px my-[-0.2rem] rounded px-px py-[0.2rem]\">La Seu no es s\u00f3lo una obra maestra arquitect\u00f3nica, sino tambi\u00e9n un elemento central de la identidad de Palma y de toda Mallorca.<\/span> <span class=\"relative -mx-px my-[-0.2rem] rounded px-px py-[0.2rem]\">Simboliza la rica historia, la diversidad cultural y la riqueza art\u00edstica de la regi\u00f3n.<\/span> <span class=\"relative -mx-px my-[-0.2rem] rounded px-px py-[0.2rem]\">Una visita a esta catedral ofrece una visi\u00f3n profunda del pasado y el presente de la isla, y es una visita obligada para todo visitante de Mallorca.<\/span><\/p>\n<p data-start=\"1779\" data-end=\"1864\"><span class=\"relative -mx-px my-[-0.2rem] rounded px-px py-[0.2rem]\">La catedral de Palma de Mallorca, La Seu, sigue siendo un testimonio vivo de historia, arte y espiritualidad que ha conmovido e inspirado el coraz\u00f3n de la gente durante siglos.<\/span><\/p>\n","protected":false},"excerpt":{"rendered":"<p>La catedral de Palma de Mallorca: una obra maestra del g\u00f3tico La catedral de Palma de Mallorca, tambi\u00e9n conocida como La Seu, es un destacado ejemplo de arquitectura g\u00f3tica y un punto de referencia de la capital balear. Con su imponente presencia sobre los tejados del casco antiguo, atrae a visitantes de todo el mundo&#8230;<\/p>\n","protected":false},"author":1,"featured_media":65337,"comment_status":"closed","ping_status":"closed","sticky":false,"template":"","format":"standard","meta":{"footnotes":""},"categories":[2982,4139],"tags":[],"class_list":["post-65342","post","type-post","status-publish","format-standard","has-post-thumbnail","hentry","category-arquitecturaeinteriorismo","category-ubicaciones"],"_links":{"self":[{"href":"https:\/\/www.lucasfroeserealestate.com\/es\/wp-json\/wp\/v2\/posts\/65342","targetHints":{"allow":["GET"]}}],"collection":[{"href":"https:\/\/www.lucasfroeserealestate.com\/es\/wp-json\/wp\/v2\/posts"}],"about":[{"href":"https:\/\/www.lucasfroeserealestate.com\/es\/wp-json\/wp\/v2\/types\/post"}],"author":[{"embeddable":true,"href":"https:\/\/www.lucasfroeserealestate.com\/es\/wp-json\/wp\/v2\/users\/1"}],"replies":[{"embeddable":true,"href":"https:\/\/www.lucasfroeserealestate.com\/es\/wp-json\/wp\/v2\/comments?post=65342"}],"version-history":[{"count":0,"href":"https:\/\/www.lucasfroeserealestate.com\/es\/wp-json\/wp\/v2\/posts\/65342\/revisions"}],"wp:featuredmedia":[{"embeddable":true,"href":"https:\/\/www.lucasfroeserealestate.com\/es\/wp-json\/wp\/v2\/media\/65337"}],"wp:attachment":[{"href":"https:\/\/www.lucasfroeserealestate.com\/es\/wp-json\/wp\/v2\/media?parent=65342"}],"wp:term":[{"taxonomy":"category","embeddable":true,"href":"https:\/\/www.lucasfroeserealestate.com\/es\/wp-json\/wp\/v2\/categories?post=65342"},{"taxonomy":"post_tag","embeddable":true,"href":"https:\/\/www.lucasfroeserealestate.com\/es\/wp-json\/wp\/v2\/tags?post=65342"}],"curies":[{"name":"wp","href":"https:\/\/api.w.org\/{rel}","templated":true}]}}