{"id":62129,"date":"2024-02-01T11:19:13","date_gmt":"2024-02-01T10:19:13","guid":{"rendered":"https:\/\/www.lucasfroeserealestate.com\/mercado-semanal-en-cala-dor\/"},"modified":"2025-02-01T11:26:38","modified_gmt":"2025-02-01T10:26:38","slug":"mercado-semanal-en-cala-dor","status":"publish","type":"post","link":"https:\/\/www.lucasfroeserealestate.com\/es\/mercado-semanal-en-cala-dor\/","title":{"rendered":"Mercado semanal en Cala d&#8217;Or"},"content":{"rendered":"<h1>Descubre los mercados de Cala d&#8217;Or y alrededores<\/h1>\n<p><a href=\"https:\/\/www.lucasfroeserealestate.com\/immobilien-in-cala-dor\/\">Cala d&#8217;Or<\/a>, situada en la pintoresca costa sureste de Mallorca, no s\u00f3lo ofrece impresionantes playas y una arquitectura encantadora, sino tambi\u00e9n una gran variedad de mercados que atraen tanto a lugare\u00f1os como a visitantes. Estos mercados son lugares ideales para descubrir productos locales, artesan\u00eda y recuerdos. A continuaci\u00f3n encontrar\u00e1s un resumen de los mercados m\u00e1s importantes de Cala d&#8217;Or y los municipios de alrededor.    <\/p>\n<h2>Mercados de temporada en Cala d&#8217;Or<\/h2>\n<h3>Mercado dominical en el centro de Cala d&#8217;Or<\/h3>\n<p>  De mayo a finales de octubre, todos los domingos por la tarde se celebra un mercado tur\u00edstico en la plaza de Toni Costa, en el centro de Cala d&#8217;Or. El horario del mercado es de 18:00 a 23:00. Los visitantes pueden comprar aqu\u00ed una gran variedad de productos hechos a mano, joyas y recuerdos.    <\/p>\n<h3>Mercado de los jueves en Cala Egos<\/h3>\n<p>  Tambi\u00e9n durante los meses de verano, de mayo a octubre, hay un mercado todos los jueves por la noche en Cala Egos, un barrio de Cala d&#8217;Or. Los puestos est\u00e1n situados a lo largo de la calle principal y ofrecen una selecci\u00f3n de productos locales y artesan\u00eda.   <\/p>\n<h2>Mercados durante todo el a\u00f1o en los alrededores<\/h2>\n<h3>Mercado semanal en Santany\u00ed<\/h3>\n<p>  La cercana localidad de Santany\u00ed es conocida por su animado mercado semanal, que tiene lugar todos los mi\u00e9rcoles y s\u00e1bados por la ma\u00f1ana durante todo el a\u00f1o. El horario del mercado es de 9:00 a 13:00. En el mercado se venden frutas y verduras frescas, ropa, artesan\u00eda y mucho m\u00e1s. Los puestos se extienden a lo largo de las pintorescas calles del pueblo y crean un aut\u00e9ntico ambiente mallorqu\u00edn.     <\/p>\n<h3>Otros mercados de la regi\u00f3n<\/h3>\n<ul>\n<li><strong>Es Llombards<\/strong>: Todos los jueves por la ma\u00f1ana se celebra un peque\u00f1o mercado en la plaza del Pozo, en el que se vende principalmente fruta fresca, verduras y productos artesanos.<\/li>\n<li><strong>S&#8217;Alqueria Blanca<\/strong>: Los martes por la ma\u00f1ana, los visitantes pueden comprar productos locales frescos en este mercado.<\/li>\n<li><strong>Calonge<\/strong>: Todos los jueves por la ma\u00f1ana se celebra en la plaza de Sant Miquel un mercado especializado en frutas y verduras frescas.<\/li>\n<li><strong>Felanitx<\/strong>: Todos los domingos por la ma\u00f1ana, las callejuelas de Felanitx se llenan de puestos de verduras, pescado, carne, queso, figuras y productos locales de barro y puestos normales con productos modernos.<\/li>\n<\/ul>\n<h2>Recomendaciones para tu visita al mercado<\/h2>\n<ul>\n<li><strong>Llega pronto<\/strong>: Especialmente en los mercados matinales, es aconsejable llegar pronto para conseguir los productos m\u00e1s frescos y disfrutar al m\u00e1ximo del ambiente.<\/li>\n<li><strong>Lleva dinero en efectivo<\/strong>: Muchos puestos de mercado s\u00f3lo aceptan dinero en efectivo. Por tanto, es aconsejable que lleves suficiente. <\/li>\n<li><strong>Prueba las especialidades<\/strong> locales: Aprovecha la oportunidad de probar y comprar productos tradicionales mallorquines, como ensaimadas, sobrasada o queso local.<\/li>\n<li><strong>Lleva bolsas sostenibles<\/strong>: Para reducir los residuos de pl\u00e1stico, es mejor que lleves tus propias bolsas reutilizables.<\/li>\n<\/ul>\n<p>  Los mercados de Cala d&#8217;Or y sus alrededores ofrecen una magn\u00edfica oportunidad para sumergirte en la cultura local, descubrir productos regionales y encontrar recuerdos \u00fanicos. Tanto si buscas alimentos frescos, joyas hechas a mano o simplemente una experiencia aut\u00e9ntica, los mercados de esta regi\u00f3n tienen algo para todos. No dudes en pedirnos m\u00e1s consejos sobre <a href=\"https:\/\/www.lucasfroeserealestate.com\/immobilien-in-cala-dor\/\">Cala d&#8217;Or<\/a>, y si despu\u00e9s de tus vacaciones decides comprar una <a href=\"https:\/\/www.lucasfroeserealestate.com\/immobilien-in-cala-dor\/\">propiedad en Cala d&#8217;Or<\/a>, \u00a1por supuesto estaremos encantados de ayudarte! &nbsp; Para tener una impresi\u00f3n visual del mercado de verano en Cala d&#8217;Or, puedes ver este v\u00eddeo:    <\/p>\n<div class=\"not-prose mb-3 flex flex-col gap-4 text-base\">\n<div><iframe class=\"aspect-video w-full rounded-lg\" src=\"https:\/\/www.youtube.com\/embed\/HAn6mN2Rxis\" frameborder=\"0\" allowfullscreen=\"allowfullscreen\" data-mce-fragment=\"1\"><\/iframe><\/div>\n<\/div>\n<div id=\"gtx-trans\" style=\"position: absolute; left: -31px; top: 122.875px;\">\n<div class=\"gtx-trans-icon\"><\/div>\n<\/div>\n","protected":false},"excerpt":{"rendered":"<p>Descubre los mercados de Cala d&#8217;Or y alrededores Cala d&#8217;Or, situada en la pintoresca costa sureste de Mallorca, no s\u00f3lo ofrece impresionantes playas y una arquitectura encantadora, sino tambi\u00e9n una gran variedad de mercados que atraen tanto a lugare\u00f1os como a visitantes. Estos mercados son lugares ideales para descubrir productos locales, artesan\u00eda y recuerdos. A&#8230;<\/p>\n","protected":false},"author":1,"featured_media":62125,"comment_status":"closed","ping_status":"closed","sticky":false,"template":"","format":"standard","meta":{"footnotes":""},"categories":[4140],"tags":[],"class_list":["post-62129","post","type-post","status-publish","format-standard","has-post-thumbnail","hentry","category-actividades"],"_links":{"self":[{"href":"https:\/\/www.lucasfroeserealestate.com\/es\/wp-json\/wp\/v2\/posts\/62129","targetHints":{"allow":["GET"]}}],"collection":[{"href":"https:\/\/www.lucasfroeserealestate.com\/es\/wp-json\/wp\/v2\/posts"}],"about":[{"href":"https:\/\/www.lucasfroeserealestate.com\/es\/wp-json\/wp\/v2\/types\/post"}],"author":[{"embeddable":true,"href":"https:\/\/www.lucasfroeserealestate.com\/es\/wp-json\/wp\/v2\/users\/1"}],"replies":[{"embeddable":true,"href":"https:\/\/www.lucasfroeserealestate.com\/es\/wp-json\/wp\/v2\/comments?post=62129"}],"version-history":[{"count":0,"href":"https:\/\/www.lucasfroeserealestate.com\/es\/wp-json\/wp\/v2\/posts\/62129\/revisions"}],"wp:featuredmedia":[{"embeddable":true,"href":"https:\/\/www.lucasfroeserealestate.com\/es\/wp-json\/wp\/v2\/media\/62125"}],"wp:attachment":[{"href":"https:\/\/www.lucasfroeserealestate.com\/es\/wp-json\/wp\/v2\/media?parent=62129"}],"wp:term":[{"taxonomy":"category","embeddable":true,"href":"https:\/\/www.lucasfroeserealestate.com\/es\/wp-json\/wp\/v2\/categories?post=62129"},{"taxonomy":"post_tag","embeddable":true,"href":"https:\/\/www.lucasfroeserealestate.com\/es\/wp-json\/wp\/v2\/tags?post=62129"}],"curies":[{"name":"wp","href":"https:\/\/api.w.org\/{rel}","templated":true}]}}