{"id":58299,"date":"2024-10-17T09:36:28","date_gmt":"2024-10-17T07:36:28","guid":{"rendered":"https:\/\/www.lucasfroeserealestate.com\/el-autobus-de-manacor-a-palma-y-muchos-mas\/"},"modified":"2025-03-16T16:44:29","modified_gmt":"2025-03-16T15:44:29","slug":"el-autobus-de-manacor-a-palma-y-muchos-mas","status":"publish","type":"post","link":"https:\/\/www.lucasfroeserealestate.com\/es\/el-autobus-de-manacor-a-palma-y-muchos-mas\/","title":{"rendered":"El autob\u00fas de Manacor a Palma \u00a1y muchos m\u00e1s!"},"content":{"rendered":"<h1>Resumen del transporte p\u00fablico en Mallorca<\/h1>\n<h2>El autob\u00fas de Manacor a Palma \u00a1y muchos m\u00e1s!<\/h2>\n<h2>Autobuses metropolitanos (EMT Palma)<\/h2>\n<p>Los autobuses municipales de Palma, conocidos como autobuses de la EMT, conectan el centro de la ciudad con varios barrios y suburbios cercanos. Estos autobuses son f\u00e1cilmente reconocibles por sus colores blanco, azul y verde, y salen principalmente de la Plaza de Espa\u00f1a, lo que facilita el transbordo con los autobuses interurbanos, los trenes y el metro. <\/p>\n<h4>Rutas de autob\u00fas populares:<\/h4>\n<ul>\n<li><strong>L\u00ednea A1<\/strong>: Conecta el aeropuerto con el centro de Palma.<\/li>\n<li><strong>L\u00ednea 1<\/strong>: Va del puerto al centro de la ciudad.<\/li>\n<li><strong>L\u00ednea 2<\/strong>: Ofrece un recorrido circular gratuito por el centro de la ciudad.<\/li>\n<li><strong>L\u00ednea 50<\/strong>: Autob\u00fas tur\u00edstico personalizado para turistas que recorre diversos lugares de inter\u00e9s de Palma.<\/li>\n<\/ul>\n<p><strong>Los billetes<\/strong> se pueden comprar en el autob\u00fas, donde s\u00f3lo se aceptan billetes peque\u00f1os de hasta 10 euros. Tambi\u00e9n puedes comprar una tarjeta de prepago en los puntos de venta designados. <\/p>\n<h2>Autobuses interurbanos (TIB)<\/h2>\n<p>Los autobuses interurbanos, operados por TIB, est\u00e1n marcados en rojo y amarillo y ofrecen una red de transporte regular que cubre toda la isla. Estas l\u00edneas tienen una estructura radial y conectan la Plaza de Espa\u00f1a de Palma con distintas regiones de Mallorca. <\/p>\n<h4>Compra y pago de entradas:<\/h4>\n<p>Puedes pagar directamente en el autob\u00fas con tarjeta bancaria (Visa, Mastercard, Maestro), que es m\u00e1s barata y m\u00e1s flexible para los traslados. Si compras el billete por Internet, puedes ahorrar hasta un 40% sobre el precio a bordo. <\/p>\n<h4>Transporte de bicicletas y animales de compa\u00f1\u00eda:<\/h4>\n<p>La mayor\u00eda de los autobuses interurbanos tienen dos portabicicletas. En general no se admiten animales de compa\u00f1\u00eda, salvo los perros gu\u00eda. <\/p>\n<hr>\n<h2>El Metro de Palma<\/h2>\n<p>El metro de Mallorca, de una sola l\u00ednea (M1), conecta el centro de Palma con la universidad (UIB) y pasa por lugares importantes como Son Oliva y Son Sardina. Esta l\u00ednea es especialmente id\u00f3nea para estudiantes y personas que trabajan o estudian fuera del centro. <\/p>\n<hr>\n<h2>Conexiones ferroviarias<\/h2>\n<p>Palma tiene dos estaciones principales de ferrocarril:<\/p>\n<ul>\n<li><strong>El Tren de S\u00f3ller<\/strong>: Este hist\u00f3rico servicio ferroviario va de Palma a S\u00f3ller y ofrece un nost\u00e1lgico viaje por el pintoresco paisaje.<\/li>\n<li><strong>La estaci\u00f3n intermodal<\/strong>: Desde aqu\u00ed salen trenes a Inca (l\u00ednea T1), sa Pobla (T2) y Manacor (T3).<\/li>\n<\/ul>\n<p>Se <strong>pueden llevar bicicletas en los trenes<\/strong>, pero debes consultar los horarios correspondientes para obtener informaci\u00f3n detallada.<\/p>\n<hr>\n<h2>Consejos para turistas: Explora Mallorca en autob\u00fas<\/h2>\n<p>Mallorca tiene una densa red de rutas de autob\u00fas especialmente dise\u00f1adas para los turistas. Incluyen rutas a las playas y lugares de inter\u00e9s, as\u00ed como autobuses tur\u00edsticos especiales. La ciudad de Palma tambi\u00e9n est\u00e1 excelentemente conectada con el resto de la red de la isla, lo que hace que el uso del transporte p\u00fablico sea especialmente atractivo para los viajeros.  <\/p>\n<p><strong>Rutas de autob\u00fas populares entre los turistas<\/strong>:<\/p>\n<ul>\n<li><strong>L\u00edneas 4, 25, 35<\/strong>: Conexiones con las playas populares de los alrededores de Palma.<\/li>\n<li><strong>L\u00ednea 46<\/strong>: Esta l\u00ednea va a la Fundaci\u00f3n Pilar i Joan Mir\u00f3.<\/li>\n<li><strong>L\u00ednea tur\u00edstica 50<\/strong>: Con varias rutas que cubren las visitas tur\u00edsticas.<\/li>\n<li><strong>L\u00ednea 501:<\/strong> Manacor - Campos - Palma, aqu\u00ed puedes viajar c\u00f3modamente desde el sureste de la isla hasta Palma capital.<\/li>\n<\/ul>\n<h2>Autob\u00fas de Manacor a Palma<\/h2>\n<p>La ruta de autob\u00fas de Manacor a Palma de Mallorca ofrece una forma c\u00f3moda y barata de explorar la isla. El trayecto dura aproximadamente una hora y funciona con regularidad. El autob\u00fas lleva a los pasajeros desde Manacor directamente a la c\u00e9ntrica Plaza de Espa\u00f1a de Palma, donde hay conexiones con otros medios de transporte p\u00fablico, como el tren y el metro. El viaje de ida cuesta entre 7 y 9 euros, y tambi\u00e9n hay conexiones de tren por entre 5 y 7 euros y con una duraci\u00f3n de trayecto similar.   <\/p>\n<ul>\n<li><a href=\"https:\/\/www.lucasfroeserealestate.com\/immobilien-in-manacor\/\">Inmobiliaria en Manacor<\/a><\/li>\n<li><a href=\"https:\/\/www.lucasfroeserealestate.com\/immobilien-in-palma\/\">Inmobiliaria en Palma<\/a><\/li>\n<\/ul>\n<hr>\n<h2>Accesibilidad e informaci\u00f3n adicional<\/h2>\n<p>La mayor\u00eda de los autobuses y paradas de autob\u00fas de Mallorca no tienen barreras y, por tanto, tambi\u00e9n son adecuados para personas con movilidad reducida. Los visitantes pueden planificar sus viajes con flexibilidad y tambi\u00e9n viajar con animales, siempre que se respete la normativa local. <\/p>\n<div id=\"attachment_58290\" style=\"width: 1210px\" class=\"wp-caption alignnone\"><img decoding=\"async\" aria-describedby=\"caption-attachment-58290\" class=\"size-full wp-image-58290\" src=\"https:\/\/www.lucasfroeserealestate.com\/wp-content\/uploads\/2024\/10\/bus-palma-mallorca-1.jpg\" alt=\"Autob\u00fas Manacor Palma\" width=\"1200\" height=\"500\" title=\"\" srcset=\"https:\/\/www.lucasfroeserealestate.com\/wp-content\/uploads\/2024\/10\/bus-palma-mallorca-1.jpg 1200w, https:\/\/www.lucasfroeserealestate.com\/wp-content\/uploads\/2024\/10\/bus-palma-mallorca-1-300x125.jpg 300w, https:\/\/www.lucasfroeserealestate.com\/wp-content\/uploads\/2024\/10\/bus-palma-mallorca-1-1024x427.jpg 1024w, https:\/\/www.lucasfroeserealestate.com\/wp-content\/uploads\/2024\/10\/bus-palma-mallorca-1-768x320.jpg 768w, https:\/\/www.lucasfroeserealestate.com\/wp-content\/uploads\/2024\/10\/bus-palma-mallorca-1-150x63.jpg 150w\" sizes=\"(max-width: 1200px) 100vw, 1200px\" \/><p id=\"caption-attachment-58290\" class=\"wp-caption-text\">Autob\u00fas Manacor Palma<\/p><\/div>\n<p>Esta completa gu\u00eda est\u00e1 pensada para ayudarte a conocer y aprovechar al m\u00e1ximo la red de transporte p\u00fablico de Mallorca. Esperamos que esta informaci\u00f3n te resulte \u00fatil a la hora de planificar tu viaje y tu estancia en la isla. <\/p>\n<div id=\"gtx-trans\" style=\"position: absolute; left: 28px; top: 1971.48px;\">\n<div class=\"gtx-trans-icon\"><\/div>\n<\/div>\n","protected":false},"excerpt":{"rendered":"<p>Resumen del transporte p\u00fablico en Mallorca El autob\u00fas de Manacor a Palma \u00a1y muchos m\u00e1s! Autobuses metropolitanos (EMT Palma) Los autobuses municipales de Palma, conocidos como autobuses de la EMT, conectan el centro de la ciudad con varios barrios y suburbios cercanos. Estos autobuses son f\u00e1cilmente reconocibles por sus colores blanco, azul y verde, y&#8230;<\/p>\n","protected":false},"author":1,"featured_media":58293,"comment_status":"closed","ping_status":"closed","sticky":false,"template":"","format":"standard","meta":{"footnotes":""},"categories":[990],"tags":[],"class_list":["post-58299","post","type-post","status-publish","format-standard","has-post-thumbnail","hentry","category-lifestyle-es"],"_links":{"self":[{"href":"https:\/\/www.lucasfroeserealestate.com\/es\/wp-json\/wp\/v2\/posts\/58299","targetHints":{"allow":["GET"]}}],"collection":[{"href":"https:\/\/www.lucasfroeserealestate.com\/es\/wp-json\/wp\/v2\/posts"}],"about":[{"href":"https:\/\/www.lucasfroeserealestate.com\/es\/wp-json\/wp\/v2\/types\/post"}],"author":[{"embeddable":true,"href":"https:\/\/www.lucasfroeserealestate.com\/es\/wp-json\/wp\/v2\/users\/1"}],"replies":[{"embeddable":true,"href":"https:\/\/www.lucasfroeserealestate.com\/es\/wp-json\/wp\/v2\/comments?post=58299"}],"version-history":[{"count":0,"href":"https:\/\/www.lucasfroeserealestate.com\/es\/wp-json\/wp\/v2\/posts\/58299\/revisions"}],"wp:featuredmedia":[{"embeddable":true,"href":"https:\/\/www.lucasfroeserealestate.com\/es\/wp-json\/wp\/v2\/media\/58293"}],"wp:attachment":[{"href":"https:\/\/www.lucasfroeserealestate.com\/es\/wp-json\/wp\/v2\/media?parent=58299"}],"wp:term":[{"taxonomy":"category","embeddable":true,"href":"https:\/\/www.lucasfroeserealestate.com\/es\/wp-json\/wp\/v2\/categories?post=58299"},{"taxonomy":"post_tag","embeddable":true,"href":"https:\/\/www.lucasfroeserealestate.com\/es\/wp-json\/wp\/v2\/tags?post=58299"}],"curies":[{"name":"wp","href":"https:\/\/api.w.org\/{rel}","templated":true}]}}