{"id":58288,"date":"2024-10-17T09:18:54","date_gmt":"2024-10-17T07:18:54","guid":{"rendered":"https:\/\/www.lucasfroeserealestate.com\/conciertos-y-eventos-en-mallorca-en-otono\/"},"modified":"2025-03-16T16:42:41","modified_gmt":"2025-03-16T15:42:41","slug":"conciertos-y-eventos-en-mallorca-en-otono","status":"publish","type":"post","link":"https:\/\/www.lucasfroeserealestate.com\/es\/conciertos-y-eventos-en-mallorca-en-otono\/","title":{"rendered":"Conciertos y eventos en Mallorca en oto\u00f1o"},"content":{"rendered":"<h1>Conciertos y eventos en Mallorca en oto\u00f1o<\/h1>\n<h2><strong>Mallorca: Eventos de oto\u00f1o<\/strong><\/h2>\n<p>Mallorca no es s\u00f3lo un punto caliente para la <a href=\"https:\/\/www.lucasfroeserealestate.com\/luxusimmobilien-investment-auf-mallorca\/\">inversi\u00f3n inmobiliaria<\/a>, sino tambi\u00e9n una isla con una rica oferta cultural. Desde fiestas tradicionales a festivales de m\u00fasica y acontecimientos deportivos, Mallorca ofrece un variado programa de eventos en octubre, noviembre y diciembre. Es una gran oportunidad para descubrir la isla y su cultura.  <\/p>\n<div id=\"attachment_58279\" style=\"width: 1210px\" class=\"wp-caption aligncenter\"><img decoding=\"async\" aria-describedby=\"caption-attachment-58279\" class=\"size-full wp-image-58279\" src=\"https:\/\/www.lucasfroeserealestate.com\/wp-content\/uploads\/2024\/10\/mallorca-konzerte-herbst-1.jpg\" alt=\"Mallorca Conciertos Oto\u00f1o\" width=\"1200\" height=\"500\" title=\"\" srcset=\"https:\/\/www.lucasfroeserealestate.com\/wp-content\/uploads\/2024\/10\/mallorca-konzerte-herbst-1.jpg 1200w, https:\/\/www.lucasfroeserealestate.com\/wp-content\/uploads\/2024\/10\/mallorca-konzerte-herbst-1-300x125.jpg 300w, https:\/\/www.lucasfroeserealestate.com\/wp-content\/uploads\/2024\/10\/mallorca-konzerte-herbst-1-1024x427.jpg 1024w, https:\/\/www.lucasfroeserealestate.com\/wp-content\/uploads\/2024\/10\/mallorca-konzerte-herbst-1-768x320.jpg 768w, https:\/\/www.lucasfroeserealestate.com\/wp-content\/uploads\/2024\/10\/mallorca-konzerte-herbst-1-150x63.jpg 150w\" sizes=\"(max-width: 1200px) 100vw, 1200px\" \/><p id=\"caption-attachment-58279\" class=\"wp-caption-text\">Mallorca Conciertos Oto\u00f1o<\/p><\/div>\n<h3>Eventos en Mallorca en octubre, noviembre y diciembre:<\/h3>\n<ol>\n<li>\n<h4><strong>Challenge Peguera Mallorca 2024 (Triatl\u00f3n)<\/strong><\/h4>\n<ul>\n<li><strong>Lugar:<\/strong> Peguera<\/li>\n<li><strong>Fecha:<\/strong> 19 de octubre<\/li>\n<li><strong>Info:<\/strong> <a href=\"https:\/\/challenge-mallorca.com\/\" target=\"_blank\" rel=\"nofollow noopener\">challenge-mallorca.com<\/a><\/li>\n<\/ul>\n<\/li>\n<li>\n<h4><strong>TUI Palma Marat\u00f3n Mallorca<\/strong><\/h4>\n<p><img decoding=\"async\" class=\"size-full wp-image-58276\" src=\"https:\/\/www.lucasfroeserealestate.com\/wp-content\/uploads\/2024\/10\/mallorca-events-herbst-2.jpg\" alt=\"Mallorca Eventos Oto\u00f1o\" width=\"1200\" height=\"500\" title=\"\" srcset=\"https:\/\/www.lucasfroeserealestate.com\/wp-content\/uploads\/2024\/10\/mallorca-events-herbst-2.jpg 1200w, https:\/\/www.lucasfroeserealestate.com\/wp-content\/uploads\/2024\/10\/mallorca-events-herbst-2-300x125.jpg 300w, https:\/\/www.lucasfroeserealestate.com\/wp-content\/uploads\/2024\/10\/mallorca-events-herbst-2-1024x427.jpg 1024w, https:\/\/www.lucasfroeserealestate.com\/wp-content\/uploads\/2024\/10\/mallorca-events-herbst-2-768x320.jpg 768w, https:\/\/www.lucasfroeserealestate.com\/wp-content\/uploads\/2024\/10\/mallorca-events-herbst-2-150x63.jpg 150w\" sizes=\"(max-width: 1200px) 100vw, 1200px\" \/><\/p>\n<ul>\n<li><strong>Ubicaci\u00f3n:<\/strong> Parc de la Mar, Palma<\/li>\n<li><strong>Fecha:<\/strong> 20 de octubre, a partir de las 8.00 horas<\/li>\n<li><strong>Informaci\u00f3n e inscripci\u00f3n:<\/strong> <a href=\"https:\/\/www.palmademallorcamarathon.com\" target=\"_blank\" rel=\"nofollow noopener\">palmademallorcamarathon.com<\/a><\/li>\n<\/ul>\n<\/li>\n<li>\n<h4><strong>XXXIX Temporada de \u00d3pera<\/strong><\/h4>\n<ul>\n<li><strong>Lugar:<\/strong> Teatre Principal, Palma<\/li>\n<li><strong>Fecha:<\/strong> 23, 25 y 27 de octubre<\/li>\n<li><strong>Informaci\u00f3n y entradas:<\/strong> <a href=\"https:\/\/www.teatreprincipal.com\" target=\"_blank\" rel=\"nofollow noopener\">teatreprincipal.com<\/a><\/li>\n<\/ul>\n<\/li>\n<li>\n<h4><strong>XIII Festival Internacional de Cine Evolution Mallorca<\/strong><\/h4>\n<ul>\n<li><strong>Lugar:<\/strong> Palma<\/li>\n<li><strong>Fecha:<\/strong> 30 de octubre - 5 de noviembre<\/li>\n<li><strong>Informaci\u00f3n:<\/strong> <a href=\"https:\/\/www.evolutionfilmfestival.com\" target=\"_blank\" rel=\"nofollow noopener\">evolutionfilmfestival.com<\/a><\/li>\n<\/ul>\n<\/li>\n<li>\n<h4><strong>Gran Final del Rolex Challenge Tour (torneo de golf)<\/strong><\/h4>\n<ul>\n<li><strong>Ubicaci\u00f3n:<\/strong> Club de Golf Alcanada, Port d&#8217;Alc\u00fadia<\/li>\n<li><strong>Fecha:<\/strong> 31 de octubre - 3 de noviembre<\/li>\n<li><strong>Info:<\/strong> <a href=\"https:\/\/www.europeantour.com\/challenge-tour\/\" target=\"_blank\" rel=\"nofollow noopener\">europeantour.com<\/a><\/li>\n<\/ul>\n<\/li>\n<li>\n<h4><strong>Mercados de Navidad en Palma y alrededores<\/strong><\/h4>\n<ul>\n<li><strong>Lugar:<\/strong> Varios lugares de Palma y otras partes de Mallorca<\/li>\n<li><strong>Fecha:<\/strong> De finales de noviembre a finales de diciembre<\/li>\n<li><strong>Descripci\u00f3n:<\/strong> Los mercados de Navidad ofrecen un ambiente festivo con productos locales, artesan\u00eda y especialidades culinarias.<\/li>\n<\/ul>\n<\/li>\n<li>\n<h4><strong>Festival de Sant Sebasti\u00e0<\/strong><\/h4>\n<ul>\n<li><strong>Lugar:<\/strong> Palma<\/li>\n<li><strong>Fecha:<\/strong> Desde mediados de diciembre y finaliza en enero<\/li>\n<li><strong>Descripci\u00f3n:<\/strong> Gran fiesta en honor del patr\u00f3n de Palma, Sant Sebasti\u00e0, con m\u00fasica en directo, fuegos artificiales y actos tradicionales.<\/li>\n<\/ul>\n<\/li>\n<\/ol>\n<p>&nbsp;<\/p>\n<div id=\"attachment_58273\" style=\"width: 1210px\" class=\"wp-caption aligncenter\"><img decoding=\"async\" aria-describedby=\"caption-attachment-58273\" class=\"size-full wp-image-58273\" src=\"https:\/\/www.lucasfroeserealestate.com\/wp-content\/uploads\/2024\/10\/mallorca-events-herbst-1.jpg\" alt=\"Mallorca Eventos Oto\u00f1o\" width=\"1200\" height=\"500\" title=\"\" srcset=\"https:\/\/www.lucasfroeserealestate.com\/wp-content\/uploads\/2024\/10\/mallorca-events-herbst-1.jpg 1200w, https:\/\/www.lucasfroeserealestate.com\/wp-content\/uploads\/2024\/10\/mallorca-events-herbst-1-300x125.jpg 300w, https:\/\/www.lucasfroeserealestate.com\/wp-content\/uploads\/2024\/10\/mallorca-events-herbst-1-1024x427.jpg 1024w, https:\/\/www.lucasfroeserealestate.com\/wp-content\/uploads\/2024\/10\/mallorca-events-herbst-1-768x320.jpg 768w, https:\/\/www.lucasfroeserealestate.com\/wp-content\/uploads\/2024\/10\/mallorca-events-herbst-1-150x63.jpg 150w\" sizes=\"(max-width: 1200px) 100vw, 1200px\" \/><p id=\"caption-attachment-58273\" class=\"wp-caption-text\">Mallorca Eventos Oto\u00f1o<\/p><\/div>\n<blockquote><p>Mejor ver algo una vez que o\u00edr hablar de ello mil veces&#8230;<\/p><\/blockquote>\n<h3><\/h3>\n<h3>Conclusi\u00f3n<\/h3>\n<p>Los eventos ofrecen una oportunidad ideal para experimentar la cultura de Mallorca y explorar la isla como lugar inmobiliario al mismo tiempo. Por supuesto, no olvides Halloween, el 31 de octubre. Hay muchas discotecas, restaurantes y lugares donde se celebran eventos esa noche. Tambi\u00e9n puedes pasar una tarde relajada en casa o ir al cine a ver la \u00faltima pel\u00edcula de terror con una bolsa de palomitas (\u00e9sta es tambi\u00e9n mi favorita). Ya sea deporte, arte o m\u00fasica, \u00a1hay algo para todos!    <\/p>\n<p>Divi\u00e9rtete disfrutando de la isla en oto\u00f1o.<\/p>\n<div id=\"attachment_56243\" style=\"width: 360px\" class=\"wp-caption alignnone\"><img decoding=\"async\" aria-describedby=\"caption-attachment-56243\" class=\"wp-image-56243 size-full\" src=\"https:\/\/www.lucasfroeserealestate.com\/wp-content\/uploads\/2024\/09\/lucas-froese-makler.jpg\" alt=\"Lucas Froese\" width=\"350\" height=\"600\" title=\"\" srcset=\"https:\/\/www.lucasfroeserealestate.com\/wp-content\/uploads\/2024\/09\/lucas-froese-makler.jpg 350w, https:\/\/www.lucasfroeserealestate.com\/wp-content\/uploads\/2024\/09\/lucas-froese-makler-175x300.jpg 175w, https:\/\/www.lucasfroeserealestate.com\/wp-content\/uploads\/2024\/09\/lucas-froese-makler-88x150.jpg 88w\" sizes=\"(max-width: 350px) 100vw, 350px\" \/><p id=\"caption-attachment-56243\" class=\"wp-caption-text\">Lucas Froese<\/p><\/div>\n<p>&nbsp;<\/p>\n<div id=\"gtx-trans\" style=\"position: absolute; left: 263px; top: 178.789px;\">\n<div class=\"gtx-trans-icon\"><\/div>\n<\/div>\n","protected":false},"excerpt":{"rendered":"<p>Conciertos y eventos en Mallorca en oto\u00f1o Mallorca: Eventos de oto\u00f1o Mallorca no es s\u00f3lo un punto caliente para la inversi\u00f3n inmobiliaria, sino tambi\u00e9n una isla con una rica oferta cultural. Desde fiestas tradicionales a festivales de m\u00fasica y acontecimientos deportivos, Mallorca ofrece un variado programa de eventos en octubre, noviembre y diciembre. Es una&#8230;<\/p>\n","protected":false},"author":1,"featured_media":58282,"comment_status":"closed","ping_status":"closed","sticky":false,"template":"","format":"standard","meta":{"footnotes":""},"categories":[4171],"tags":[],"class_list":["post-58288","post","type-post","status-publish","format-standard","has-post-thumbnail","hentry","category-eventos"],"_links":{"self":[{"href":"https:\/\/www.lucasfroeserealestate.com\/es\/wp-json\/wp\/v2\/posts\/58288","targetHints":{"allow":["GET"]}}],"collection":[{"href":"https:\/\/www.lucasfroeserealestate.com\/es\/wp-json\/wp\/v2\/posts"}],"about":[{"href":"https:\/\/www.lucasfroeserealestate.com\/es\/wp-json\/wp\/v2\/types\/post"}],"author":[{"embeddable":true,"href":"https:\/\/www.lucasfroeserealestate.com\/es\/wp-json\/wp\/v2\/users\/1"}],"replies":[{"embeddable":true,"href":"https:\/\/www.lucasfroeserealestate.com\/es\/wp-json\/wp\/v2\/comments?post=58288"}],"version-history":[{"count":0,"href":"https:\/\/www.lucasfroeserealestate.com\/es\/wp-json\/wp\/v2\/posts\/58288\/revisions"}],"wp:featuredmedia":[{"embeddable":true,"href":"https:\/\/www.lucasfroeserealestate.com\/es\/wp-json\/wp\/v2\/media\/58282"}],"wp:attachment":[{"href":"https:\/\/www.lucasfroeserealestate.com\/es\/wp-json\/wp\/v2\/media?parent=58288"}],"wp:term":[{"taxonomy":"category","embeddable":true,"href":"https:\/\/www.lucasfroeserealestate.com\/es\/wp-json\/wp\/v2\/categories?post=58288"},{"taxonomy":"post_tag","embeddable":true,"href":"https:\/\/www.lucasfroeserealestate.com\/es\/wp-json\/wp\/v2\/tags?post=58288"}],"curies":[{"name":"wp","href":"https:\/\/api.w.org\/{rel}","templated":true}]}}