{"id":56918,"date":"2024-09-28T12:23:32","date_gmt":"2024-09-28T10:23:32","guid":{"rendered":"https:\/\/www.lucasfroeserealestate.com\/puertos-deportivos-en-mallorca-la-guia-para-propietarios-de-embarcaciones-y-aficionados-a-la-vela\/"},"modified":"2024-10-06T10:10:07","modified_gmt":"2024-10-06T08:10:07","slug":"puertos-deportivos-en-mallorca-la-guia-para-propietarios-de-embarcaciones-y-aficionados-a-la-vela","status":"publish","type":"post","link":"https:\/\/www.lucasfroeserealestate.com\/es\/puertos-deportivos-en-mallorca-la-guia-para-propietarios-de-embarcaciones-y-aficionados-a-la-vela\/","title":{"rendered":"Puertos deportivos en Mallorca: la gu\u00eda para propietarios de embarcaciones y aficionados a la vela"},"content":{"rendered":"\t\t<div data-elementor-type=\"wp-post\" data-elementor-id=\"56918\" class=\"elementor elementor-56918 elementor-56903\" data-elementor-post-type=\"post\">\n\t\t\t\t\t\t<section class=\"elementor-section elementor-top-section elementor-element elementor-element-5bb0f60e elementor-section-boxed elementor-section-height-default elementor-section-height-default\" data-id=\"5bb0f60e\" data-element_type=\"section\" data-e-type=\"section\">\n\t\t\t\t\t\t<div class=\"elementor-container elementor-column-gap-default\">\n\t\t\t\t\t<div class=\"elementor-column elementor-col-100 elementor-top-column elementor-element elementor-element-790c469a\" data-id=\"790c469a\" data-element_type=\"column\" data-e-type=\"column\">\n\t\t\t<div class=\"elementor-widget-wrap elementor-element-populated\">\n\t\t\t\t\t\t<div class=\"elementor-element elementor-element-6da01e71 elementor-widget elementor-widget-text-editor\" data-id=\"6da01e71\" data-element_type=\"widget\" data-e-type=\"widget\" data-widget_type=\"text-editor.default\">\n\t\t\t\t<div class=\"elementor-widget-container\">\n\t\t\t\t\t\t\t\t\t<h1>Puertos deportivos en Mallorca: La gu\u00eda definitiva para propietarios de embarcaciones y aficionados a la vela<\/h1>  Mallorca es un para\u00edso para los entusiastas de los deportes n\u00e1uticos.\nCon sus bellas costas, pintorescas bah\u00edas y numerosos puertos deportivos, la isla balear atrae a\u00f1o tras a\u00f1o a navegantes, propietarios de yates y entusiastas de la navegaci\u00f3n de todo el mundo.\nSi buscas un amarre para tu yate en Mallorca, tendr\u00e1s mucho donde elegir.\nEn esta completa gu\u00eda, te damos una visi\u00f3n general de los mejores puertos deportivos, infraestructuras, tarifas y mucho m\u00e1s.\n\u00a1Vamos a sumergirnos!      <h2>Resumen de los puertos deportivos de Mallorca<\/h2>  Mallorca tiene unos 40 puertos deportivos, que ofrecen un total de unos 15.000 amarres.\nEstos puertos var\u00edan en tama\u00f1o, instalaciones y exclusividad.\n <div id=\"attachment_56907\" style=\"width: 610px\" class=\"wp-caption alignright\"><img decoding=\"async\" aria-describedby=\"caption-attachment-56907\" class=\"size-full wp-image-56907\" src=\"https:\/\/www.lucasfroeserealestate.com\/wp-content\/uploads\/2024\/09\/yachthafen-mallorca-14.jpg\" alt=\"Puerto deportivo de Mallorca\" width=\"600\" height=\"400\" title=\"\" srcset=\"https:\/\/www.lucasfroeserealestate.com\/wp-content\/uploads\/2024\/09\/yachthafen-mallorca-14.jpg 600w, https:\/\/www.lucasfroeserealestate.com\/wp-content\/uploads\/2024\/09\/yachthafen-mallorca-14-300x200.jpg 300w, https:\/\/www.lucasfroeserealestate.com\/wp-content\/uploads\/2024\/09\/yachthafen-mallorca-14-150x100.jpg 150w, https:\/\/www.lucasfroeserealestate.com\/wp-content\/uploads\/2024\/09\/yachthafen-mallorca-14-488x326.jpg 488w\" sizes=\"(max-width: 600px) 100vw, 600px\" \/><p id=\"caption-attachment-56907\" class=\"wp-caption-text\">Hay tres tipos principales de puertos deportivos en la isla:<\/p><\/div>  Puerto deportivo en Mallorca  \n<ul>\n \t<li><strong>Club N\u00e1uticos<\/strong>: Estos puertos pertenecen a clubes n\u00e1uticos y suelen estar abiertos al p\u00fablico.<\/li>\n \t<li><strong>Puertos deportivos privados<\/strong>: Son propiedad de empresas privadas y a menudo requieren la afiliaci\u00f3n a un club n\u00e1utico.<\/li>\n \t<li><strong>Puertos deportivos municipales<\/strong>: Pertenecen al municipio respectivo y tambi\u00e9n est\u00e1n abiertos al p\u00fablico.<\/li>\n<\/ul>\n<h3>Mejores lugares para yates en Mallorca<\/h3>  Los puertos deportivos de Mallorca se extienden por toda la costa, desde Palma en el suroeste hasta Alcudia en el noreste.\nSin embargo, los puertos deportivos de Palma y las regiones circundantes son especialmente populares, y a menudo ofrecen infraestructuras de lujo y servicios lujosos.   <h2>Instalaciones de los puertos deportivos de Mallorca<\/h2>  Tanto si amarras en un puerto peque\u00f1o como en uno lujoso, las instalaciones b\u00e1sicas de los puertos deportivos de Mallorca suelen ser excelentes.\nLos servicios est\u00e1ndar incluyen:   <ul>\n \t<li><strong>Conexiones de electricidad y agua<\/strong><\/li>\n \t<li><strong>Instalaciones sanitarias, incluidas duchas<\/strong><\/li>\n \t<li><strong>Gasolineras, gas\u00f3leos y estaciones de servicio<\/strong><\/li>\n<\/ul>  En los puertos deportivos m\u00e1s grandes y exclusivos, tambi\u00e9n puedes esperar lujosos extras como  <ul>\n \t<li>Vigilancia 24 horas<\/li>\n \t<li>Servicio de conserjer\u00eda<\/li>\n \t<li>Travellift y sistemas de gr\u00faa<\/li>\n \t<li>Servicios de reparaci\u00f3n y limpieza de embarcaciones<\/li>\n<\/ul>\n<div id=\"attachment_56910\" style=\"width: 610px\" class=\"wp-caption alignleft\"><img decoding=\"async\" aria-describedby=\"caption-attachment-56910\" class=\"size-full wp-image-56910\" src=\"https:\/\/www.lucasfroeserealestate.com\/wp-content\/uploads\/2024\/09\/yachthafen-mallorca-13.jpg\" alt=\"\" width=\"600\" height=\"400\" title=\"\" srcset=\"https:\/\/www.lucasfroeserealestate.com\/wp-content\/uploads\/2024\/09\/yachthafen-mallorca-13.jpg 600w, https:\/\/www.lucasfroeserealestate.com\/wp-content\/uploads\/2024\/09\/yachthafen-mallorca-13-300x200.jpg 300w, https:\/\/www.lucasfroeserealestate.com\/wp-content\/uploads\/2024\/09\/yachthafen-mallorca-13-150x100.jpg 150w, https:\/\/www.lucasfroeserealestate.com\/wp-content\/uploads\/2024\/09\/yachthafen-mallorca-13-488x326.jpg 488w\" sizes=\"(max-width: 600px) 100vw, 600px\" \/><p id=\"caption-attachment-56910\" class=\"wp-caption-text\">Puerto deportivo en Mallorca<\/p><\/div>  Algunos de los puertos deportivos de lujo m\u00e1s conocidos, como <strong>Puerto Portals<\/strong> o <strong>Port Adriano<\/strong>, tambi\u00e9n ofrecen restaurantes de primera clase, boutiques e incluso galer\u00edas de arte directamente in situ.  <h2>Tasas portuarias en Mallorca<\/h2>  Las tarifas por un amarre en los puertos deportivos de Mallorca var\u00edan seg\u00fan la temporada, el tama\u00f1o del yate y las instalaciones del puerto.\nEn los meses de verano, sin embargo, normalmente tendr\u00e1s que rascarte m\u00e1s el bolsillo.\nLas tarifas diarias oscilan entre <strong>50 y 350 euros<\/strong>, con costes adicionales por consumo de electricidad y agua.\nSi buscas una soluci\u00f3n m\u00e1s econ\u00f3mica, los puertos municipales suelen ofrecer condiciones m\u00e1s favorables.\nPuedes reservarlas c\u00f3modamente a trav\u00e9s del portal oficial <a href=\"https:\/\/www.portsib.es\" rel=\"nofollow noopener\" target=\"_blank\">portsib.es<\/a>.      <h3>Factores que influyen en las tarifas de amarre<\/h3>  Los precios var\u00edan no s\u00f3lo en funci\u00f3n del tama\u00f1o de tu yate, sino tambi\u00e9n de las especificaciones del puerto respectivo.\nMuchos puertos deportivos tienen restricciones en cuanto a la eslora m\u00e1xima del barco y la profundidad del agua.\nPor eso es aconsejable comprobar de antemano los requisitos del puerto deseado.    <h2>Los puertos deportivos m\u00e1s exclusivos de Mallorca<\/h2>  Quienes valoran el prestigio y el lujo encontrar\u00e1n en Mallorca algunos de los puertos deportivos m\u00e1s exclusivos del Mediterr\u00e1neo.\nAqu\u00ed tienes un resumen de los cuatro puertos deportivos m\u00e1s codiciados de la isla:   <h3>1\u00aa <strong>Puerto de Andratx<\/strong><\/h3>  El pintoresco puerto natural de <strong>Puerto de Andratx<\/strong> est\u00e1 considerado uno de los m\u00e1s bellos de Mallorca.\nOfrece 220 amarres y una excelente infraestructura para yates de hasta 15 metros de eslora y 3 metros de calado.\nEl paseo mar\u00edtimo del puerto est\u00e1 animado con restaurantes, cafeter\u00edas y boutiques que har\u00e1n que tu estancia sea inolvidable.    <h3>2\u00ba <strong>Club de Mar (Palma de Mallorca)<\/strong><\/h3>  Con unos 200 amarres y un servicio excelente, <strong>el Club de Mar<\/strong> lleva m\u00e1s de 40 a\u00f1os atrayendo a propietarios de yates.\nEl puerto deportivo ofrece servicios como conserjer\u00eda, conexi\u00f3n Wi-Fi gratuita y un completo servicio de reparaciones.   <h3>3er <strong>Puerto Portales<\/strong><\/h3>  A pocos minutos de Palma, <strong>Puerto Portals<\/strong> est\u00e1 considerado uno de los puertos deportivos m\u00e1s exclusivos de todo el Mediterr\u00e1neo.  <div id=\"attachment_56913\" style=\"width: 610px\" class=\"wp-caption alignright\"><img decoding=\"async\" aria-describedby=\"caption-attachment-56913\" class=\"size-full wp-image-56913\" src=\"https:\/\/www.lucasfroeserealestate.com\/wp-content\/uploads\/2024\/09\/yachthafen-mallorca-12.jpg\" alt=\"Puerto deportivo de Mallorca\" width=\"600\" height=\"400\" title=\"\" srcset=\"https:\/\/www.lucasfroeserealestate.com\/wp-content\/uploads\/2024\/09\/yachthafen-mallorca-12.jpg 600w, https:\/\/www.lucasfroeserealestate.com\/wp-content\/uploads\/2024\/09\/yachthafen-mallorca-12-300x200.jpg 300w, https:\/\/www.lucasfroeserealestate.com\/wp-content\/uploads\/2024\/09\/yachthafen-mallorca-12-150x100.jpg 150w, https:\/\/www.lucasfroeserealestate.com\/wp-content\/uploads\/2024\/09\/yachthafen-mallorca-12-488x326.jpg 488w\" sizes=\"(max-width: 600px) 100vw, 600px\" \/><p id=\"caption-attachment-56913\" class=\"wp-caption-text\">Puerto deportivo en Mallorca<\/p><\/div>  Aqu\u00ed encontrar\u00e1s 650 amarres para yates de hasta 60 metros de eslora.\nEn los alrededores te esperan boutiques de lujo, restaurantes con estrellas Michelin y un animado paseo mar\u00edtimo.   <h3>4\u00ba <strong>Port Adriano (El Toro)<\/strong><\/h3> <strong>Port Adriano<\/strong> es uno de los puertos deportivos m\u00e1s modernos de Mallorca.\nOfrece espacio para yates de hasta 80 metros de eslora y cuenta con una infraestructura de primera.\nLos gourmets tambi\u00e9n sacan aqu\u00ed partido a su dinero, ya que hay numerosos restaurantes de primera categor\u00eda en las inmediaciones.    <h3>5\u00ba <strong>Cala d&#8217;Or<\/strong><\/h3>  El puerto deportivo de<strong> Cala d&#8217;<\/strong> Or es uno de los puertos deportivos y de yates m\u00e1s conocidos de Mallorca.\nTiene un total de 499 amarres y ocupa una superficie de 30.000 m\u00b2.\nEl puerto deportivo ofrece una amplia infraestructura n\u00e1utica, incluidas instalaciones de servicio mec\u00e1nico y t\u00e9cnico para yates de las marcas Volvo, Cat y Mercruiser.\nLa combinaci\u00f3n de modernas instalaciones, ubicaci\u00f3n tranquila y servicios profesionales hace que el puerto deportivo de Cala d&#8217;Or sea el lugar de amarre favorito de los propietarios de yates de la isla.     &nbsp;\n<h2>Otros puertos recomendados en Mallorca<\/h2>  Adem\u00e1s de los glamurosos puertos deportivos, tambi\u00e9n hay numerosos puertos m\u00e1s peque\u00f1os en Mallorca, ideales para capitanes de recreo y aficionados a la navegaci\u00f3n.\nAqu\u00ed tienes otros puertos recomendados:   <ul>\n \t<li><strong>Club N\u00e1utico Santa Ponsa<\/strong>: 520 amarres para yates de hasta 20 metros de eslora.<\/li>\n \t<li><strong>Puerto de Porto Cristo<\/strong>: 500 amarres para yates de hasta 18 metros de eslora.<\/li>\n \t<li><strong>Club N\u00e1utico El Arenal<\/strong>: 660 amarres para yates de hasta 25 metros de eslora.<\/li>\n<\/ul>\n<h3>Fondeaderos y campos de boyas como alternativa<\/h3>  Adem\u00e1s de los puertos deportivos, tambi\u00e9n hay numerosos fondeaderos y campos de boyas en Mallorca, que son una excelente alternativa para los propietarios de embarcaciones que quieran escapar del ajetreo de los grandes puertos.\nEstos fondeaderos suelen estar situados en bah\u00edas pintorescas y ofrecen un entorno tranquilo, lejos del bullicio tur\u00edstico.   <ul>\n \t<li><a href=\"https:\/\/www.lucasfroeserealestate.com\/es\/immobilien-in-cala-dor\/\" rel=\"nofollow\">Inmobiliaria en Cala d&#8217;Or<\/a><\/li>\n \t<li><a href=\"https:\/\/www.lucasfroeserealestate.com\/es\/inmobiliaria-port-andratx\/\" rel=\"nofollow\">Propiedades en Puerto de Andratx<\/a><\/li>\n \t<li><a href=\"https:\/\/www.lucasfroeserealestate.com\/es\/inmobiliaria-santa-ponsa\/\" rel=\"nofollow\">Propiedades en Santa Ponsa<\/a><\/li>\n<\/ul>\n <div id=\"attachment_5156\" style=\"width: 2010px\" class=\"wp-caption alignnone\"><img decoding=\"async\" aria-describedby=\"caption-attachment-5156\" class=\"size-full wp-image-5156\" src=\"https:\/\/www.lucasfroeserealestate.com\/wp-content\/uploads\/2019\/05\/banner_top_sunset.jpg\" alt=\"Banner Imagen del atardecer\" width=\"2000\" height=\"550\" title=\"\" srcset=\"https:\/\/www.lucasfroeserealestate.com\/wp-content\/uploads\/2019\/05\/banner_top_sunset.jpg 2000w, https:\/\/www.lucasfroeserealestate.com\/wp-content\/uploads\/2019\/05\/banner_top_sunset-300x83.jpg 300w, https:\/\/www.lucasfroeserealestate.com\/wp-content\/uploads\/2019\/05\/banner_top_sunset-1024x282.jpg 1024w, https:\/\/www.lucasfroeserealestate.com\/wp-content\/uploads\/2019\/05\/banner_top_sunset-768x211.jpg 768w, https:\/\/www.lucasfroeserealestate.com\/wp-content\/uploads\/2019\/05\/banner_top_sunset-1536x422.jpg 1536w, https:\/\/www.lucasfroeserealestate.com\/wp-content\/uploads\/2019\/05\/banner_top_sunset-150x41.jpg 150w\" sizes=\"(max-width: 2000px) 100vw, 2000px\" \/><p id=\"caption-attachment-5156\" class=\"wp-caption-text\">Banner Mallorca Sunset<\/p><\/div> Mallorca es el destino perfecto para propietarios de yates y entusiastas de la navegaci\u00f3n, con sus diversos puertos deportivos, amarres exclusivos y fondeaderos alternativos.\nTanto si buscas lujo y glamour como si prefieres la paz y el recogimiento de bah\u00edas m\u00e1s peque\u00f1as, en Mallorca tienes garantizado el amarre perfecto para tu barco. \t\t\t\t\t\t\t\t<\/div>\n\t\t\t\t<\/div>\n\t\t\t\t\t<\/div>\n\t\t<\/div>\n\t\t\t\t\t<\/div>\n\t\t<\/section>\n\t\t\t\t<section class=\"elementor-section elementor-top-section elementor-element elementor-element-bb6c893 elementor-section-boxed elementor-section-height-default elementor-section-height-default\" data-id=\"bb6c893\" data-element_type=\"section\" data-e-type=\"section\">\n\t\t\t\t\t\t<div class=\"elementor-container elementor-column-gap-default\">\n\t\t\t\t\t<div class=\"elementor-column elementor-col-100 elementor-top-column elementor-element elementor-element-7bfd2b5\" data-id=\"7bfd2b5\" data-element_type=\"column\" data-e-type=\"column\">\n\t\t\t<div class=\"elementor-widget-wrap elementor-element-populated\">\n\t\t\t\t\t\t<div class=\"elementor-element elementor-element-a23f663 elementor-widget elementor-widget-rhea-ultra-properties-widget-1\" data-id=\"a23f663\" data-element_type=\"widget\" data-e-type=\"widget\" data-widget_type=\"rhea-ultra-properties-widget-1.default\">\n\t\t\t\t<div class=\"elementor-widget-container\">\n\t\t\t\t\t<section class=\"rhea-ultra-properties-one-section rhea-ultra-tooltip rhea-toolip-light rhea-card-style-4\">\n    <div class=\"rhea-ultra-properties-one-wrapper owl-carousel\" id=\"rhea-carousel-a23f663\">\n\t\t<div class=\"rhea-ultra-property-card-four-wrapper\">\n    <div class=\"rhea-ultra-property-card-four\">\n        <div class=\"rhea-ultra-property-card-four-thumb  \">\n\t\t\t<p class=\"rhea-ultra-property-card-four-price\"><span class=\"ere-price-display\">2.435.000\u20ac<\/span><\/p>\t        <a class=\"rhea_permalink\" href=\"https:\/\/www.lucasfroeserealestate.com\/es\/immobilien\/finca-de-piedra-en-felanitx-mallorca-tranquilidad-privacidad-y-ambiente-mediterraneo\/\">\n\t<img fetchpriority=\"high\" decoding=\"async\" width=\"488\" height=\"326\" src=\"https:\/\/www.lucasfroeserealestate.com\/wp-content\/uploads\/2026\/04\/LF0902-finca-in-felanitx-renoviert-luxusimmobilie-488x326.jpg\" class=\"attachment-property-thumb-image size-property-thumb-image wp-post-image\" alt=\"\" loading=\"eager\" title=\"\"><\/a>            <div class=\"rhea-ultra-top-tags-box\">\n                <div class=\"rhea-ultra-status-box\">\n\t\t\t\t\t\t\t\t<a href=\"https:\/\/www.lucasfroeserealestate.com\/es\/immobilien-status\/venta\/\" class=\"property-status-venta rhea-ultra-status\">Precio<\/a>\n\t\t\t                <\/div>\n\n            <\/div>\n            <div class=\"rhea-ultra-bottom-box rhea-ultra-flex-between rhea-ultra-align-center\">\n\t\t\t\t                    <div class=\"rhea-ultra-media-count-box\">\n\t\t\t\t\t\t<div class=\"rhea_ultra_media_count\">\n\t        <div class=\"rhea_media rhea_media_image\"\n             data-fancybox-trigger=\"gallery-a23f663-83652\"\n             data-this-id=\"83652\">\n\t\t\t<svg xmlns=\"http:\/\/www.w3.org\/2000\/svg\" viewBox=\"0 0 18 18\">\r\n\t<style type=\"text\/css\">\r\n\r\n\t\t.st0{fill-rule:evenodd;clip-rule:evenodd;}\r\n\r\n\t<\/style>\r\n\t<path class=\"st0\" d=\"M3 5h12c1.1 0 2 0.9 2 2v8c0 1.1-0.9 2-2 2H3c-1.1 0-2-0.9-2-2V7C1 5.9 1.9 5 3 5zM7.7 1h2.8c0.8-0.2 1.7 0.4 1.8 1.2 0 0 0 0.1 0 0.1L13 5H5l0.7-2.7C5.9 1.4 6.8 0.8 7.7 1zM9 7.4c2.2 0 4 1.8 4 4s-1.8 4-4 4 -4-1.8-4-4S6.8 7.4 9 7.4zM9 9c1.3 0 2.4 1.1 2.4 2.4s-1.1 2.4-2.4 2.4 -2.4-1.1-2.4-2.4S7.7 9 9 9L9 9zM8.2 2.6h1.6c0.4 0 0.8 0.4 0.7 0.9 0 0.4-0.3 0.7-0.7 0.7H8.2c-0.4 0-0.8-0.3-0.9-0.7 0-0.4 0.3-0.8 0.7-0.9C8.1 2.6 8.2 2.6 8.2 2.6z\"\/>\r\n<\/svg>            <span>44<\/span>\n        <\/div>\n\t\t<\/div>\n<div class=\"rhea_property_images_load\" style=\"display: none\">\n\t                <span style=\"display: none;\"\n                      data-fancybox=\"gallery-a23f663-83652\"\n                      data-src=\"https:\/\/www.lucasfroeserealestate.com\/wp-content\/uploads\/2026\/04\/LF0902-finca-in-felanitx-renoviert-luxusimmobilie-2-1240x720.jpg\"\n                      data-thumb=\"https:\/\/www.lucasfroeserealestate.com\/wp-content\/uploads\/2026\/04\/LF0902-finca-in-felanitx-renoviert-luxusimmobilie-2-1240x720.jpg\"><\/span>\n\t\t\t\t                <span style=\"display: none;\"\n                      data-fancybox=\"gallery-a23f663-83652\"\n                      data-src=\"https:\/\/www.lucasfroeserealestate.com\/wp-content\/uploads\/2026\/04\/LF0902-finca-in-felanitx-renoviert-luxusimmobilie-3-1240x720.jpg\"\n                      data-thumb=\"https:\/\/www.lucasfroeserealestate.com\/wp-content\/uploads\/2026\/04\/LF0902-finca-in-felanitx-renoviert-luxusimmobilie-3-1240x720.jpg\"><\/span>\n\t\t\t\t                <span style=\"display: none;\"\n                      data-fancybox=\"gallery-a23f663-83652\"\n                      data-src=\"https:\/\/www.lucasfroeserealestate.com\/wp-content\/uploads\/2026\/04\/LF0902-finca-in-felanitx-renoviert-luxusimmobilie-4-1240x720.jpg\"\n                      data-thumb=\"https:\/\/www.lucasfroeserealestate.com\/wp-content\/uploads\/2026\/04\/LF0902-finca-in-felanitx-renoviert-luxusimmobilie-4-1240x720.jpg\"><\/span>\n\t\t\t\t                <span style=\"display: none;\"\n                      data-fancybox=\"gallery-a23f663-83652\"\n                      data-src=\"https:\/\/www.lucasfroeserealestate.com\/wp-content\/uploads\/2026\/04\/LF0902-finca-in-felanitx-renoviert-luxusimmobilie-5-1240x720.jpg\"\n                      data-thumb=\"https:\/\/www.lucasfroeserealestate.com\/wp-content\/uploads\/2026\/04\/LF0902-finca-in-felanitx-renoviert-luxusimmobilie-5-1240x720.jpg\"><\/span>\n\t\t\t\t                <span style=\"display: none;\"\n                      data-fancybox=\"gallery-a23f663-83652\"\n                      data-src=\"https:\/\/www.lucasfroeserealestate.com\/wp-content\/uploads\/2026\/04\/LF0902-finca-in-felanitx-renoviert-luxusimmobilie-6-1240x720.jpg\"\n                      data-thumb=\"https:\/\/www.lucasfroeserealestate.com\/wp-content\/uploads\/2026\/04\/LF0902-finca-in-felanitx-renoviert-luxusimmobilie-6-1240x720.jpg\"><\/span>\n\t\t\t\t                <span style=\"display: none;\"\n                      data-fancybox=\"gallery-a23f663-83652\"\n                      data-src=\"https:\/\/www.lucasfroeserealestate.com\/wp-content\/uploads\/2026\/04\/LF0902-finca-in-felanitx-renoviert-luxusimmobilie-7-1240x720.jpg\"\n                      data-thumb=\"https:\/\/www.lucasfroeserealestate.com\/wp-content\/uploads\/2026\/04\/LF0902-finca-in-felanitx-renoviert-luxusimmobilie-7-1240x720.jpg\"><\/span>\n\t\t\t\t                <span style=\"display: none;\"\n                      data-fancybox=\"gallery-a23f663-83652\"\n                      data-src=\"https:\/\/www.lucasfroeserealestate.com\/wp-content\/uploads\/2026\/04\/LF0902-finca-in-felanitx-renoviert-luxusimmobilie-8-1240x720.jpg\"\n                      data-thumb=\"https:\/\/www.lucasfroeserealestate.com\/wp-content\/uploads\/2026\/04\/LF0902-finca-in-felanitx-renoviert-luxusimmobilie-8-1240x720.jpg\"><\/span>\n\t\t\t\t                <span style=\"display: none;\"\n                      data-fancybox=\"gallery-a23f663-83652\"\n                      data-src=\"https:\/\/www.lucasfroeserealestate.com\/wp-content\/uploads\/2026\/04\/LF0902-finca-in-felanitx-renoviert-luxusimmobilie-9-1240x720.jpg\"\n                      data-thumb=\"https:\/\/www.lucasfroeserealestate.com\/wp-content\/uploads\/2026\/04\/LF0902-finca-in-felanitx-renoviert-luxusimmobilie-9-1240x720.jpg\"><\/span>\n\t\t\t\t                <span style=\"display: none;\"\n                      data-fancybox=\"gallery-a23f663-83652\"\n                      data-src=\"https:\/\/www.lucasfroeserealestate.com\/wp-content\/uploads\/2026\/04\/LF0902-finca-in-felanitx-renoviert-luxusimmobilie-10-1240x720.jpg\"\n                      data-thumb=\"https:\/\/www.lucasfroeserealestate.com\/wp-content\/uploads\/2026\/04\/LF0902-finca-in-felanitx-renoviert-luxusimmobilie-10-1240x720.jpg\"><\/span>\n\t\t\t\t                <span style=\"display: none;\"\n                      data-fancybox=\"gallery-a23f663-83652\"\n                      data-src=\"https:\/\/www.lucasfroeserealestate.com\/wp-content\/uploads\/2026\/04\/LF0902-finca-in-felanitx-renoviert-luxusimmobilie-11-1240x720.jpg\"\n                      data-thumb=\"https:\/\/www.lucasfroeserealestate.com\/wp-content\/uploads\/2026\/04\/LF0902-finca-in-felanitx-renoviert-luxusimmobilie-11-1240x720.jpg\"><\/span>\n\t\t\t\t                <span style=\"display: none;\"\n                      data-fancybox=\"gallery-a23f663-83652\"\n                      data-src=\"https:\/\/www.lucasfroeserealestate.com\/wp-content\/uploads\/2026\/04\/LF0902-finca-in-felanitx-renoviert-luxusimmobilie-12-1240x720.jpg\"\n                      data-thumb=\"https:\/\/www.lucasfroeserealestate.com\/wp-content\/uploads\/2026\/04\/LF0902-finca-in-felanitx-renoviert-luxusimmobilie-12-1240x720.jpg\"><\/span>\n\t\t\t\t                <span style=\"display: none;\"\n                      data-fancybox=\"gallery-a23f663-83652\"\n                      data-src=\"https:\/\/www.lucasfroeserealestate.com\/wp-content\/uploads\/2026\/04\/LF0902-finca-in-felanitx-renoviert-luxusimmobilie-13-1240x720.jpg\"\n                      data-thumb=\"https:\/\/www.lucasfroeserealestate.com\/wp-content\/uploads\/2026\/04\/LF0902-finca-in-felanitx-renoviert-luxusimmobilie-13-1240x720.jpg\"><\/span>\n\t\t\t\t                <span style=\"display: none;\"\n                      data-fancybox=\"gallery-a23f663-83652\"\n                      data-src=\"https:\/\/www.lucasfroeserealestate.com\/wp-content\/uploads\/2026\/04\/LF0902-finca-in-felanitx-renoviert-luxusimmobilie-14-1240x720.jpg\"\n                      data-thumb=\"https:\/\/www.lucasfroeserealestate.com\/wp-content\/uploads\/2026\/04\/LF0902-finca-in-felanitx-renoviert-luxusimmobilie-14-1240x720.jpg\"><\/span>\n\t\t\t\t                <span style=\"display: none;\"\n                      data-fancybox=\"gallery-a23f663-83652\"\n                      data-src=\"https:\/\/www.lucasfroeserealestate.com\/wp-content\/uploads\/2026\/04\/LF0902-finca-in-felanitx-renoviert-luxusimmobilie-15-1240x720.jpg\"\n                      data-thumb=\"https:\/\/www.lucasfroeserealestate.com\/wp-content\/uploads\/2026\/04\/LF0902-finca-in-felanitx-renoviert-luxusimmobilie-15-1240x720.jpg\"><\/span>\n\t\t\t\t                <span style=\"display: none;\"\n                      data-fancybox=\"gallery-a23f663-83652\"\n                      data-src=\"https:\/\/www.lucasfroeserealestate.com\/wp-content\/uploads\/2026\/04\/LF0902-finca-in-felanitx-renoviert-luxusimmobilie-16-1240x720.jpg\"\n                      data-thumb=\"https:\/\/www.lucasfroeserealestate.com\/wp-content\/uploads\/2026\/04\/LF0902-finca-in-felanitx-renoviert-luxusimmobilie-16-1240x720.jpg\"><\/span>\n\t\t\t\t                <span style=\"display: none;\"\n                      data-fancybox=\"gallery-a23f663-83652\"\n                      data-src=\"https:\/\/www.lucasfroeserealestate.com\/wp-content\/uploads\/2026\/04\/LF0902-finca-in-felanitx-renoviert-luxusimmobilie-17-1240x720.jpg\"\n                      data-thumb=\"https:\/\/www.lucasfroeserealestate.com\/wp-content\/uploads\/2026\/04\/LF0902-finca-in-felanitx-renoviert-luxusimmobilie-17-1240x720.jpg\"><\/span>\n\t\t\t\t                <span style=\"display: none;\"\n                      data-fancybox=\"gallery-a23f663-83652\"\n                      data-src=\"https:\/\/www.lucasfroeserealestate.com\/wp-content\/uploads\/2026\/04\/LF0902-finca-in-felanitx-renoviert-luxusimmobilie-18-1240x720.jpg\"\n                      data-thumb=\"https:\/\/www.lucasfroeserealestate.com\/wp-content\/uploads\/2026\/04\/LF0902-finca-in-felanitx-renoviert-luxusimmobilie-18-1240x720.jpg\"><\/span>\n\t\t\t\t                <span style=\"display: none;\"\n                      data-fancybox=\"gallery-a23f663-83652\"\n                      data-src=\"https:\/\/www.lucasfroeserealestate.com\/wp-content\/uploads\/2026\/04\/LF0902-finca-in-felanitx-renoviert-luxusimmobilie-19-1240x720.jpg\"\n                      data-thumb=\"https:\/\/www.lucasfroeserealestate.com\/wp-content\/uploads\/2026\/04\/LF0902-finca-in-felanitx-renoviert-luxusimmobilie-19-1240x720.jpg\"><\/span>\n\t\t\t\t                <span style=\"display: none;\"\n                      data-fancybox=\"gallery-a23f663-83652\"\n                      data-src=\"https:\/\/www.lucasfroeserealestate.com\/wp-content\/uploads\/2026\/04\/LF0902-finca-in-felanitx-renoviert-luxusimmobilie-20-1240x720.jpg\"\n                      data-thumb=\"https:\/\/www.lucasfroeserealestate.com\/wp-content\/uploads\/2026\/04\/LF0902-finca-in-felanitx-renoviert-luxusimmobilie-20-1240x720.jpg\"><\/span>\n\t\t\t\t                <span style=\"display: none;\"\n                      data-fancybox=\"gallery-a23f663-83652\"\n                      data-src=\"https:\/\/www.lucasfroeserealestate.com\/wp-content\/uploads\/2026\/04\/LF0902-finca-in-felanitx-renoviert-luxusimmobilie-21-1240x720.jpg\"\n                      data-thumb=\"https:\/\/www.lucasfroeserealestate.com\/wp-content\/uploads\/2026\/04\/LF0902-finca-in-felanitx-renoviert-luxusimmobilie-21-1240x720.jpg\"><\/span>\n\t\t\t\t                <span style=\"display: none;\"\n                      data-fancybox=\"gallery-a23f663-83652\"\n                      data-src=\"https:\/\/www.lucasfroeserealestate.com\/wp-content\/uploads\/2026\/04\/LF0902-finca-in-felanitx-renoviert-luxusimmobilie-22-1240x720.jpg\"\n                      data-thumb=\"https:\/\/www.lucasfroeserealestate.com\/wp-content\/uploads\/2026\/04\/LF0902-finca-in-felanitx-renoviert-luxusimmobilie-22-1240x720.jpg\"><\/span>\n\t\t\t\t                <span style=\"display: none;\"\n                      data-fancybox=\"gallery-a23f663-83652\"\n                      data-src=\"https:\/\/www.lucasfroeserealestate.com\/wp-content\/uploads\/2026\/04\/LF0902-finca-in-felanitx-renoviert-luxusimmobilie-23-1240x720.jpg\"\n                      data-thumb=\"https:\/\/www.lucasfroeserealestate.com\/wp-content\/uploads\/2026\/04\/LF0902-finca-in-felanitx-renoviert-luxusimmobilie-23-1240x720.jpg\"><\/span>\n\t\t\t\t                <span style=\"display: none;\"\n                      data-fancybox=\"gallery-a23f663-83652\"\n                      data-src=\"https:\/\/www.lucasfroeserealestate.com\/wp-content\/uploads\/2026\/04\/LF0902-finca-in-felanitx-renoviert-luxusimmobilie-24-1240x720.jpg\"\n                      data-thumb=\"https:\/\/www.lucasfroeserealestate.com\/wp-content\/uploads\/2026\/04\/LF0902-finca-in-felanitx-renoviert-luxusimmobilie-24-1240x720.jpg\"><\/span>\n\t\t\t\t                <span style=\"display: none;\"\n                      data-fancybox=\"gallery-a23f663-83652\"\n                      data-src=\"https:\/\/www.lucasfroeserealestate.com\/wp-content\/uploads\/2026\/04\/LF0902-finca-in-felanitx-renoviert-luxusimmobilie-25-1240x720.jpg\"\n                      data-thumb=\"https:\/\/www.lucasfroeserealestate.com\/wp-content\/uploads\/2026\/04\/LF0902-finca-in-felanitx-renoviert-luxusimmobilie-25-1240x720.jpg\"><\/span>\n\t\t\t\t                <span style=\"display: none;\"\n                      data-fancybox=\"gallery-a23f663-83652\"\n                      data-src=\"https:\/\/www.lucasfroeserealestate.com\/wp-content\/uploads\/2026\/04\/LF0902-finca-in-felanitx-renoviert-luxusimmobilie-26-1240x720.jpg\"\n                      data-thumb=\"https:\/\/www.lucasfroeserealestate.com\/wp-content\/uploads\/2026\/04\/LF0902-finca-in-felanitx-renoviert-luxusimmobilie-26-1240x720.jpg\"><\/span>\n\t\t\t\t                <span style=\"display: none;\"\n                      data-fancybox=\"gallery-a23f663-83652\"\n                      data-src=\"https:\/\/www.lucasfroeserealestate.com\/wp-content\/uploads\/2026\/04\/LF0902-finca-in-felanitx-renoviert-luxusimmobilie-27-1240x720.jpg\"\n                      data-thumb=\"https:\/\/www.lucasfroeserealestate.com\/wp-content\/uploads\/2026\/04\/LF0902-finca-in-felanitx-renoviert-luxusimmobilie-27-1240x720.jpg\"><\/span>\n\t\t\t\t                <span style=\"display: none;\"\n                      data-fancybox=\"gallery-a23f663-83652\"\n                      data-src=\"https:\/\/www.lucasfroeserealestate.com\/wp-content\/uploads\/2026\/04\/LF0902-finca-in-felanitx-renoviert-luxusimmobilie-28-1240x720.jpg\"\n                      data-thumb=\"https:\/\/www.lucasfroeserealestate.com\/wp-content\/uploads\/2026\/04\/LF0902-finca-in-felanitx-renoviert-luxusimmobilie-28-1240x720.jpg\"><\/span>\n\t\t\t\t                <span style=\"display: none;\"\n                      data-fancybox=\"gallery-a23f663-83652\"\n                      data-src=\"https:\/\/www.lucasfroeserealestate.com\/wp-content\/uploads\/2026\/04\/LF0902-finca-in-felanitx-renoviert-luxusimmobilie-29-1240x720.jpg\"\n                      data-thumb=\"https:\/\/www.lucasfroeserealestate.com\/wp-content\/uploads\/2026\/04\/LF0902-finca-in-felanitx-renoviert-luxusimmobilie-29-1240x720.jpg\"><\/span>\n\t\t\t\t                <span style=\"display: none;\"\n                      data-fancybox=\"gallery-a23f663-83652\"\n                      data-src=\"https:\/\/www.lucasfroeserealestate.com\/wp-content\/uploads\/2026\/04\/LF0902-finca-in-felanitx-renoviert-luxusimmobilie-30-1240x720.jpg\"\n                      data-thumb=\"https:\/\/www.lucasfroeserealestate.com\/wp-content\/uploads\/2026\/04\/LF0902-finca-in-felanitx-renoviert-luxusimmobilie-30-1240x720.jpg\"><\/span>\n\t\t\t\t                <span style=\"display: none;\"\n                      data-fancybox=\"gallery-a23f663-83652\"\n                      data-src=\"https:\/\/www.lucasfroeserealestate.com\/wp-content\/uploads\/2026\/04\/LF0902-finca-in-felanitx-renoviert-luxusimmobilie-31-1240x720.jpg\"\n                      data-thumb=\"https:\/\/www.lucasfroeserealestate.com\/wp-content\/uploads\/2026\/04\/LF0902-finca-in-felanitx-renoviert-luxusimmobilie-31-1240x720.jpg\"><\/span>\n\t\t\t\t                <span style=\"display: none;\"\n                      data-fancybox=\"gallery-a23f663-83652\"\n                      data-src=\"https:\/\/www.lucasfroeserealestate.com\/wp-content\/uploads\/2026\/04\/LF0902-finca-in-felanitx-renoviert-luxusimmobilie-32-1240x720.jpg\"\n                      data-thumb=\"https:\/\/www.lucasfroeserealestate.com\/wp-content\/uploads\/2026\/04\/LF0902-finca-in-felanitx-renoviert-luxusimmobilie-32-1240x720.jpg\"><\/span>\n\t\t\t\t                <span style=\"display: none;\"\n                      data-fancybox=\"gallery-a23f663-83652\"\n                      data-src=\"https:\/\/www.lucasfroeserealestate.com\/wp-content\/uploads\/2026\/04\/LF0902-finca-in-felanitx-renoviert-luxusimmobilie-33-1240x720.jpg\"\n                      data-thumb=\"https:\/\/www.lucasfroeserealestate.com\/wp-content\/uploads\/2026\/04\/LF0902-finca-in-felanitx-renoviert-luxusimmobilie-33-1240x720.jpg\"><\/span>\n\t\t\t\t                <span style=\"display: none;\"\n                      data-fancybox=\"gallery-a23f663-83652\"\n                      data-src=\"https:\/\/www.lucasfroeserealestate.com\/wp-content\/uploads\/2026\/04\/LF0902-finca-in-felanitx-renoviert-luxusimmobilie-34-1240x720.jpg\"\n                      data-thumb=\"https:\/\/www.lucasfroeserealestate.com\/wp-content\/uploads\/2026\/04\/LF0902-finca-in-felanitx-renoviert-luxusimmobilie-34-1240x720.jpg\"><\/span>\n\t\t\t\t                <span style=\"display: none;\"\n                      data-fancybox=\"gallery-a23f663-83652\"\n                      data-src=\"https:\/\/www.lucasfroeserealestate.com\/wp-content\/uploads\/2026\/04\/LF0902-finca-in-felanitx-renoviert-luxusimmobilie-35-1240x720.jpg\"\n                      data-thumb=\"https:\/\/www.lucasfroeserealestate.com\/wp-content\/uploads\/2026\/04\/LF0902-finca-in-felanitx-renoviert-luxusimmobilie-35-1240x720.jpg\"><\/span>\n\t\t\t\t                <span style=\"display: none;\"\n                      data-fancybox=\"gallery-a23f663-83652\"\n                      data-src=\"https:\/\/www.lucasfroeserealestate.com\/wp-content\/uploads\/2026\/04\/LF0902-finca-in-felanitx-renoviert-luxusimmobilie-36-1240x720.jpg\"\n                      data-thumb=\"https:\/\/www.lucasfroeserealestate.com\/wp-content\/uploads\/2026\/04\/LF0902-finca-in-felanitx-renoviert-luxusimmobilie-36-1240x720.jpg\"><\/span>\n\t\t\t\t                <span style=\"display: none;\"\n                      data-fancybox=\"gallery-a23f663-83652\"\n                      data-src=\"https:\/\/www.lucasfroeserealestate.com\/wp-content\/uploads\/2026\/04\/LF0902-finca-in-felanitx-renoviert-luxusimmobilie-37-1240x720.jpg\"\n                      data-thumb=\"https:\/\/www.lucasfroeserealestate.com\/wp-content\/uploads\/2026\/04\/LF0902-finca-in-felanitx-renoviert-luxusimmobilie-37-1240x720.jpg\"><\/span>\n\t\t\t\t                <span style=\"display: none;\"\n                      data-fancybox=\"gallery-a23f663-83652\"\n                      data-src=\"https:\/\/www.lucasfroeserealestate.com\/wp-content\/uploads\/2026\/04\/LF0902-finca-in-felanitx-renoviert-luxusimmobilie-38-1240x720.jpg\"\n                      data-thumb=\"https:\/\/www.lucasfroeserealestate.com\/wp-content\/uploads\/2026\/04\/LF0902-finca-in-felanitx-renoviert-luxusimmobilie-38-1240x720.jpg\"><\/span>\n\t\t\t\t                <span style=\"display: none;\"\n                      data-fancybox=\"gallery-a23f663-83652\"\n                      data-src=\"https:\/\/www.lucasfroeserealestate.com\/wp-content\/uploads\/2026\/04\/LF0902-finca-in-felanitx-renoviert-luxusimmobilie-39-1240x720.jpg\"\n                      data-thumb=\"https:\/\/www.lucasfroeserealestate.com\/wp-content\/uploads\/2026\/04\/LF0902-finca-in-felanitx-renoviert-luxusimmobilie-39-1240x720.jpg\"><\/span>\n\t\t\t\t                <span style=\"display: none;\"\n                      data-fancybox=\"gallery-a23f663-83652\"\n                      data-src=\"https:\/\/www.lucasfroeserealestate.com\/wp-content\/uploads\/2026\/04\/LF0902-finca-in-felanitx-renoviert-luxusimmobilie-40-1240x720.jpg\"\n                      data-thumb=\"https:\/\/www.lucasfroeserealestate.com\/wp-content\/uploads\/2026\/04\/LF0902-finca-in-felanitx-renoviert-luxusimmobilie-40-1240x720.jpg\"><\/span>\n\t\t\t\t                <span style=\"display: none;\"\n                      data-fancybox=\"gallery-a23f663-83652\"\n                      data-src=\"https:\/\/www.lucasfroeserealestate.com\/wp-content\/uploads\/2026\/04\/LF0902-finca-in-felanitx-renoviert-luxusimmobilie-41-1240x720.jpg\"\n                      data-thumb=\"https:\/\/www.lucasfroeserealestate.com\/wp-content\/uploads\/2026\/04\/LF0902-finca-in-felanitx-renoviert-luxusimmobilie-41-1240x720.jpg\"><\/span>\n\t\t\t\t                <span style=\"display: none;\"\n                      data-fancybox=\"gallery-a23f663-83652\"\n                      data-src=\"https:\/\/www.lucasfroeserealestate.com\/wp-content\/uploads\/2026\/04\/LF0902-finca-in-felanitx-renoviert-luxusimmobilie-42-1240x720.jpg\"\n                      data-thumb=\"https:\/\/www.lucasfroeserealestate.com\/wp-content\/uploads\/2026\/04\/LF0902-finca-in-felanitx-renoviert-luxusimmobilie-42-1240x720.jpg\"><\/span>\n\t\t\t\t                <span style=\"display: none;\"\n                      data-fancybox=\"gallery-a23f663-83652\"\n                      data-src=\"https:\/\/www.lucasfroeserealestate.com\/wp-content\/uploads\/2026\/04\/LF0902-finca-in-felanitx-renoviert-luxusimmobilie-43-1240x720.jpg\"\n                      data-thumb=\"https:\/\/www.lucasfroeserealestate.com\/wp-content\/uploads\/2026\/04\/LF0902-finca-in-felanitx-renoviert-luxusimmobilie-43-1240x720.jpg\"><\/span>\n\t\t\t\t                <span style=\"display: none;\"\n                      data-fancybox=\"gallery-a23f663-83652\"\n                      data-src=\"https:\/\/www.lucasfroeserealestate.com\/wp-content\/uploads\/2026\/04\/LF0902-finca-in-felanitx-renoviert-luxusimmobilie-44-1240x720.jpg\"\n                      data-thumb=\"https:\/\/www.lucasfroeserealestate.com\/wp-content\/uploads\/2026\/04\/LF0902-finca-in-felanitx-renoviert-luxusimmobilie-44-1240x720.jpg\"><\/span>\n\t\t\t\t                <span style=\"display: none;\"\n                      data-fancybox=\"gallery-a23f663-83652\"\n                      data-src=\"https:\/\/www.lucasfroeserealestate.com\/wp-content\/uploads\/2026\/04\/LF0902-finca-in-felanitx-renoviert-luxusimmobilie-1240x720.jpg\"\n                      data-thumb=\"https:\/\/www.lucasfroeserealestate.com\/wp-content\/uploads\/2026\/04\/LF0902-finca-in-felanitx-renoviert-luxusimmobilie-1240x720.jpg\"><\/span>\n\t\t\t\t<\/div>                    <\/div>\n\t\t\t\t\t                <div class=\"rhea-ultra-action-buttons rh-ultra-action-light hover-light\">\n\t\t\t\t\t                    <span class=\"favorite-btn-wrap favorite-btn-83652\">\n\t\t\t\t\t\t\t<span class=\"favorite-placeholder highlight__red hide user_not_logged_in rh-ui-tooltip \" data-propertyid=\"83652\"  title=\"A\u00f1adido a favoritos\" >\n\t\t\t\t\t\t\t\t<svg xmlns=\"http:\/\/www.w3.org\/2000\/svg\" width=\"24\" height=\"24\" viewBox=\"0 0 24 24\">\n    <path class=\"rh-ultra-light\" d=\"M2.7 12.8C1.6 11.7 1 10.3 1 8.7s0.6-3 1.7-4.1C3.8 3.6 5.2 3 6.8 3c1.5 0 3 0.6 4.1 1.7 0.1 0.1 0.5 0.5 1.2 0.5 0.4 0 0.9-0.2 1.2-0.6 1.1-1.1 2.5-1.7 4-1.7s3 0.6 4.1 1.7C22.4 5.8 23 7.2 23 8.7s-0.6 3-1.7 4.1L12 21.6 2.7 12.8z\"\/>\n    <path class=\"rh-ultra-dark\" d=\"M17.3 4c1.3 0 2.5 0.5 3.4 1.4C21.5 6.3 22 7.5 22 8.7c0 1.3-0.5 2.4-1.4 3.3L12 20.2l-8.6-8.2C2.5 11.2 2 10 2 8.7c0-1.3 0.5-2.5 1.4-3.4C4.3 4.5 5.5 4 6.7 4 8 4 9.2 4.5 10.1 5.4 10.3 5.6 11 6.2 12 6.2c0.7 0 1.4-0.3 1.9-0.8C14.8 4.5 16 4 17.3 4M17.3 2c-1.7 0-3.5 0.7-4.8 2 -0.2 0.2-0.3 0.2-0.5 0.2 -0.3 0-0.5-0.2-0.5-0.2 -1.3-1.3-3-2-4.8-2S3.3 2.7 2 4c-2.6 2.6-2.6 6.9 0 9.5L12 23l10-9.5c2.6-2.6 2.6-6.9 0-9.5C20.7 2.7 19 2 17.3 2L17.3 2z\"\/>\n<\/svg>\t\t\t\t\t\t\t<\/span>\n\t\t\t\t\t\t\t<a href=\"#\" class=\"favorite add-to-favorite user_not_logged_in rh-ui-tooltip \" data-propertyid=\"83652\"  title=\"A\u00f1adir a favoritos\" >\n\t\t\t\t\t\t\t\t<svg xmlns=\"http:\/\/www.w3.org\/2000\/svg\" width=\"24\" height=\"24\" viewBox=\"0 0 24 24\">\n    <path class=\"rh-ultra-light\" d=\"M2.7 12.8C1.6 11.7 1 10.3 1 8.7s0.6-3 1.7-4.1C3.8 3.6 5.2 3 6.8 3c1.5 0 3 0.6 4.1 1.7 0.1 0.1 0.5 0.5 1.2 0.5 0.4 0 0.9-0.2 1.2-0.6 1.1-1.1 2.5-1.7 4-1.7s3 0.6 4.1 1.7C22.4 5.8 23 7.2 23 8.7s-0.6 3-1.7 4.1L12 21.6 2.7 12.8z\"\/>\n    <path class=\"rh-ultra-dark\" d=\"M17.3 4c1.3 0 2.5 0.5 3.4 1.4C21.5 6.3 22 7.5 22 8.7c0 1.3-0.5 2.4-1.4 3.3L12 20.2l-8.6-8.2C2.5 11.2 2 10 2 8.7c0-1.3 0.5-2.5 1.4-3.4C4.3 4.5 5.5 4 6.7 4 8 4 9.2 4.5 10.1 5.4 10.3 5.6 11 6.2 12 6.2c0.7 0 1.4-0.3 1.9-0.8C14.8 4.5 16 4 17.3 4M17.3 2c-1.7 0-3.5 0.7-4.8 2 -0.2 0.2-0.3 0.2-0.5 0.2 -0.3 0-0.5-0.2-0.5-0.2 -1.3-1.3-3-2-4.8-2S3.3 2.7 2 4c-2.6 2.6-2.6 6.9 0 9.5L12 23l10-9.5c2.6-2.6 2.6-6.9 0-9.5C20.7 2.7 19 2 17.3 2L17.3 2z\"\/>\n<\/svg>\t\t\t\t\t\t\t<\/a>\n\t\t\t\t\t\t<\/span>\n\t\t\t\t\t                <\/div>\n            <\/div>\n        <\/div>\n        <div class=\"rhea-ultra-property-card-four-content\">\n            <h3 class=\"rhea-ultra-property-card-four-title\"><a href=\"https:\/\/www.lucasfroeserealestate.com\/es\/immobilien\/finca-de-piedra-en-felanitx-mallorca-tranquilidad-privacidad-y-ambiente-mediterraneo\/\">Finca de piedra en Felanitx, Mallorca - tranquilidad, privacidad y ambiente mediterr\u00e1neo<\/a><\/h3>\n\t\t\t                <p>Esta finca es m\u00e1s que una casa: es un sentimiento. Enclavado en las suaves colinas entre Campos y Felanitx, con una vista sin obst\u00e1culos<\/p>\n\t\t\t\t            <div class=\"rhea-ultra-property-card-four-footer rhea-ultra-property-hide-meta-label\">\n                <a class=\"rhea-ultra-property-card-four-link\" href=\"https:\/\/www.lucasfroeserealestate.com\/es\/immobilien\/finca-de-piedra-en-felanitx-mallorca-tranquilidad-privacidad-y-ambiente-mediterraneo\/\">\n\t\t\t\t\tVer disponibilidad                <\/a>\n\t\t\t\t    <div class=\"rh_prop_card_meta_wrap_ultra rh-ul-tooltip\">\n\t\t        <div class=\"rhea_ultra_prop_card__meta\" style=\"order: 1\">\n            <div class=\"rhea_ultra_meta_icon_wrapper\">\n                <span class=\"rhea_ultra_meta_icon\" title=\"Dormitorios\"><img decoding=\"async\" class=\"custom-meta-icon custom-meta-icon-image\" src=\"https:\/\/www.lucasfroeserealestate.com\/wp-content\/uploads\/2024\/09\/schlafzimmer-immobilien-mallorca-02.png\" alt=\"Icono meta de la propiedad Habitaciones.\" title=\"\"><\/span>\n                <div class=\"rhea_ultra_meta_box\">\n\t\t\t\t\t<span class=\"figure\">3<\/span>                 <\/div>\n            <\/div>\n        <\/div>\n\t\t        <div class=\"rhea_ultra_prop_card__meta\" style=\"order: 2\">\n            <div class=\"rhea_ultra_meta_icon_wrapper\">\n                <span class=\"rhea_ultra_meta_icon\" title=\"Ba\u00f1os\"><img decoding=\"async\" class=\"custom-meta-icon custom-meta-icon-image\" src=\"https:\/\/www.lucasfroeserealestate.com\/wp-content\/uploads\/2024\/09\/badezimmer-immobilien-mallorca.png\" alt=\"Icono meta de la propiedad Cuartos de ba\u00f1o.\" title=\"\"><\/span>\n                <div class=\"rhea_ultra_meta_box\">\n\t\t\t\t\t<span class=\"figure\">3<\/span>                 <\/div>\n            <\/div>\n        <\/div>\n\t\t        <div class=\"rhea_ultra_prop_card__meta\" style=\"order: 3\">\n            <div class=\"rhea_ultra_meta_icon_wrapper\">\n                <span class=\"rhea_ultra_meta_icon\" title=\"Zona\"><img decoding=\"async\" class=\"custom-meta-icon custom-meta-icon-image\" src=\"https:\/\/www.lucasfroeserealestate.com\/wp-content\/uploads\/2024\/09\/wohnflaeche-immobilien-mallorca.png\" alt=\"Icono meta de la propiedad Tama\u00f1o del \u00c1rea.\" title=\"\"><\/span>\n                <div class=\"rhea_ultra_meta_box\">\n\t\t\t\t\t<span class=\"figure\">331<\/span>                 <\/div>\n            <\/div>\n        <\/div>\n\t\t    <\/div>\n\t            <\/div>\n        <\/div>\n    <\/div><!-- .rhea-ultra-property-card-four -->\n<\/div><!-- .rhea-ultra-property-card-four-wrapper --><div class=\"rhea-ultra-property-card-four-wrapper\">\n    <div class=\"rhea-ultra-property-card-four\">\n        <div class=\"rhea-ultra-property-card-four-thumb  \">\n\t\t\t<p class=\"rhea-ultra-property-card-four-price\">Precio a consultar<\/p>\t        <a class=\"rhea_permalink\" href=\"https:\/\/www.lucasfroeserealestate.com\/es\/immobilien\/se-alquila-edificio-entero-en-felanitx\/\">\n\t<img decoding=\"async\" width=\"488\" height=\"326\" src=\"https:\/\/www.lucasfroeserealestate.com\/wp-content\/uploads\/2026\/04\/WhatsApp-Image-2026-04-15-at-08.52.54-488x326.jpeg\" class=\"attachment-property-thumb-image size-property-thumb-image wp-post-image\" alt=\"\" loading=\"eager\" title=\"\"><\/a>            <div class=\"rhea-ultra-top-tags-box\">\n                <div class=\"rhea-ultra-status-box\">\n\t\t\t\t\t\t\t\t<a href=\"https:\/\/www.lucasfroeserealestate.com\/es\/immobilien-status\/alquiler\/\" class=\"property-status-alquiler rhea-ultra-status\">Alquiler<\/a>\n\t\t\t                <\/div>\n\n            <\/div>\n            <div class=\"rhea-ultra-bottom-box rhea-ultra-flex-between rhea-ultra-align-center\">\n\t\t\t\t                    <div class=\"rhea-ultra-media-count-box\">\n\t\t\t\t\t\t<div class=\"rhea_ultra_media_count\">\n\t        <div class=\"rhea_media rhea_media_image\"\n             data-fancybox-trigger=\"gallery-a23f663-83104\"\n             data-this-id=\"83104\">\n\t\t\t<svg xmlns=\"http:\/\/www.w3.org\/2000\/svg\" viewBox=\"0 0 18 18\">\r\n\t<style type=\"text\/css\">\r\n\r\n\t\t.st0{fill-rule:evenodd;clip-rule:evenodd;}\r\n\r\n\t<\/style>\r\n\t<path class=\"st0\" d=\"M3 5h12c1.1 0 2 0.9 2 2v8c0 1.1-0.9 2-2 2H3c-1.1 0-2-0.9-2-2V7C1 5.9 1.9 5 3 5zM7.7 1h2.8c0.8-0.2 1.7 0.4 1.8 1.2 0 0 0 0.1 0 0.1L13 5H5l0.7-2.7C5.9 1.4 6.8 0.8 7.7 1zM9 7.4c2.2 0 4 1.8 4 4s-1.8 4-4 4 -4-1.8-4-4S6.8 7.4 9 7.4zM9 9c1.3 0 2.4 1.1 2.4 2.4s-1.1 2.4-2.4 2.4 -2.4-1.1-2.4-2.4S7.7 9 9 9L9 9zM8.2 2.6h1.6c0.4 0 0.8 0.4 0.7 0.9 0 0.4-0.3 0.7-0.7 0.7H8.2c-0.4 0-0.8-0.3-0.9-0.7 0-0.4 0.3-0.8 0.7-0.9C8.1 2.6 8.2 2.6 8.2 2.6z\"\/>\r\n<\/svg>            <span>1<\/span>\n        <\/div>\n\t\t<\/div>\n<div class=\"rhea_property_images_load\" style=\"display: none\">\n\t                <span style=\"display: none;\"\n                      data-fancybox=\"gallery-a23f663-83104\"\n                      data-src=\"https:\/\/www.lucasfroeserealestate.com\/wp-content\/uploads\/2026\/04\/WhatsApp-Image-2026-04-15-at-08.52.54-1240x720.jpeg\"\n                      data-thumb=\"https:\/\/www.lucasfroeserealestate.com\/wp-content\/uploads\/2026\/04\/WhatsApp-Image-2026-04-15-at-08.52.54-1240x720.jpeg\"><\/span>\n\t\t\t\t<\/div>                    <\/div>\n\t\t\t\t\t                <div class=\"rhea-ultra-action-buttons rh-ultra-action-light hover-light\">\n\t\t\t\t\t                    <span class=\"favorite-btn-wrap favorite-btn-83104\">\n\t\t\t\t\t\t\t<span class=\"favorite-placeholder highlight__red hide user_not_logged_in rh-ui-tooltip \" data-propertyid=\"83104\"  title=\"A\u00f1adido a favoritos\" >\n\t\t\t\t\t\t\t\t<svg xmlns=\"http:\/\/www.w3.org\/2000\/svg\" width=\"24\" height=\"24\" viewBox=\"0 0 24 24\">\n    <path class=\"rh-ultra-light\" d=\"M2.7 12.8C1.6 11.7 1 10.3 1 8.7s0.6-3 1.7-4.1C3.8 3.6 5.2 3 6.8 3c1.5 0 3 0.6 4.1 1.7 0.1 0.1 0.5 0.5 1.2 0.5 0.4 0 0.9-0.2 1.2-0.6 1.1-1.1 2.5-1.7 4-1.7s3 0.6 4.1 1.7C22.4 5.8 23 7.2 23 8.7s-0.6 3-1.7 4.1L12 21.6 2.7 12.8z\"\/>\n    <path class=\"rh-ultra-dark\" d=\"M17.3 4c1.3 0 2.5 0.5 3.4 1.4C21.5 6.3 22 7.5 22 8.7c0 1.3-0.5 2.4-1.4 3.3L12 20.2l-8.6-8.2C2.5 11.2 2 10 2 8.7c0-1.3 0.5-2.5 1.4-3.4C4.3 4.5 5.5 4 6.7 4 8 4 9.2 4.5 10.1 5.4 10.3 5.6 11 6.2 12 6.2c0.7 0 1.4-0.3 1.9-0.8C14.8 4.5 16 4 17.3 4M17.3 2c-1.7 0-3.5 0.7-4.8 2 -0.2 0.2-0.3 0.2-0.5 0.2 -0.3 0-0.5-0.2-0.5-0.2 -1.3-1.3-3-2-4.8-2S3.3 2.7 2 4c-2.6 2.6-2.6 6.9 0 9.5L12 23l10-9.5c2.6-2.6 2.6-6.9 0-9.5C20.7 2.7 19 2 17.3 2L17.3 2z\"\/>\n<\/svg>\t\t\t\t\t\t\t<\/span>\n\t\t\t\t\t\t\t<a href=\"#\" class=\"favorite add-to-favorite user_not_logged_in rh-ui-tooltip \" data-propertyid=\"83104\"  title=\"A\u00f1adir a favoritos\" >\n\t\t\t\t\t\t\t\t<svg xmlns=\"http:\/\/www.w3.org\/2000\/svg\" width=\"24\" height=\"24\" viewBox=\"0 0 24 24\">\n    <path class=\"rh-ultra-light\" d=\"M2.7 12.8C1.6 11.7 1 10.3 1 8.7s0.6-3 1.7-4.1C3.8 3.6 5.2 3 6.8 3c1.5 0 3 0.6 4.1 1.7 0.1 0.1 0.5 0.5 1.2 0.5 0.4 0 0.9-0.2 1.2-0.6 1.1-1.1 2.5-1.7 4-1.7s3 0.6 4.1 1.7C22.4 5.8 23 7.2 23 8.7s-0.6 3-1.7 4.1L12 21.6 2.7 12.8z\"\/>\n    <path class=\"rh-ultra-dark\" d=\"M17.3 4c1.3 0 2.5 0.5 3.4 1.4C21.5 6.3 22 7.5 22 8.7c0 1.3-0.5 2.4-1.4 3.3L12 20.2l-8.6-8.2C2.5 11.2 2 10 2 8.7c0-1.3 0.5-2.5 1.4-3.4C4.3 4.5 5.5 4 6.7 4 8 4 9.2 4.5 10.1 5.4 10.3 5.6 11 6.2 12 6.2c0.7 0 1.4-0.3 1.9-0.8C14.8 4.5 16 4 17.3 4M17.3 2c-1.7 0-3.5 0.7-4.8 2 -0.2 0.2-0.3 0.2-0.5 0.2 -0.3 0-0.5-0.2-0.5-0.2 -1.3-1.3-3-2-4.8-2S3.3 2.7 2 4c-2.6 2.6-2.6 6.9 0 9.5L12 23l10-9.5c2.6-2.6 2.6-6.9 0-9.5C20.7 2.7 19 2 17.3 2L17.3 2z\"\/>\n<\/svg>\t\t\t\t\t\t\t<\/a>\n\t\t\t\t\t\t<\/span>\n\t\t\t\t\t                <\/div>\n            <\/div>\n        <\/div>\n        <div class=\"rhea-ultra-property-card-four-content\">\n            <h3 class=\"rhea-ultra-property-card-four-title\"><a href=\"https:\/\/www.lucasfroeserealestate.com\/es\/immobilien\/se-alquila-edificio-entero-en-felanitx\/\">Se alquila edificio entero en Felanitx<\/a><\/h3>\n\t\t\t                <p>Se ofrece en alquiler un edificio completo en Felanitx, exclusivo para que las empresas alojen a sus empleados. Opciones de personalizaci\u00f3n en funci\u00f3n de<\/p>\n\t\t\t\t            <div class=\"rhea-ultra-property-card-four-footer rhea-ultra-property-hide-meta-label\">\n                <a class=\"rhea-ultra-property-card-four-link\" href=\"https:\/\/www.lucasfroeserealestate.com\/es\/immobilien\/se-alquila-edificio-entero-en-felanitx\/\">\n\t\t\t\t\tVer disponibilidad                <\/a>\n\t\t\t\t    <div class=\"rh_prop_card_meta_wrap_ultra rh-ul-tooltip\">\n\t\t        <div class=\"rhea_ultra_prop_card__meta\" style=\"order: 1\">\n            <div class=\"rhea_ultra_meta_icon_wrapper\">\n                <span class=\"rhea_ultra_meta_icon\" title=\"Dormitorios\"><img decoding=\"async\" class=\"custom-meta-icon custom-meta-icon-image\" src=\"https:\/\/www.lucasfroeserealestate.com\/wp-content\/uploads\/2024\/09\/schlafzimmer-immobilien-mallorca-02.png\" alt=\"Icono meta de la propiedad Habitaciones.\" title=\"\"><\/span>\n                <div class=\"rhea_ultra_meta_box\">\n\t\t\t\t\t<span class=\"figure\">3<\/span>                 <\/div>\n            <\/div>\n        <\/div>\n\t\t        <div class=\"rhea_ultra_prop_card__meta\" style=\"order: 2\">\n            <div class=\"rhea_ultra_meta_icon_wrapper\">\n                <span class=\"rhea_ultra_meta_icon\" title=\"Ba\u00f1os\"><img decoding=\"async\" class=\"custom-meta-icon custom-meta-icon-image\" src=\"https:\/\/www.lucasfroeserealestate.com\/wp-content\/uploads\/2024\/09\/badezimmer-immobilien-mallorca.png\" alt=\"Icono meta de la propiedad Cuartos de ba\u00f1o.\" title=\"\"><\/span>\n                <div class=\"rhea_ultra_meta_box\">\n\t\t\t\t\t<span class=\"figure\">1<\/span>                 <\/div>\n            <\/div>\n        <\/div>\n\t\t        <div class=\"rhea_ultra_prop_card__meta\" style=\"order: 3\">\n            <div class=\"rhea_ultra_meta_icon_wrapper\">\n                <span class=\"rhea_ultra_meta_icon\" title=\"Zona\"><img decoding=\"async\" class=\"custom-meta-icon custom-meta-icon-image\" src=\"https:\/\/www.lucasfroeserealestate.com\/wp-content\/uploads\/2024\/09\/wohnflaeche-immobilien-mallorca.png\" alt=\"Icono meta de la propiedad Tama\u00f1o del \u00c1rea.\" title=\"\"><\/span>\n                <div class=\"rhea_ultra_meta_box\">\n\t\t\t\t\t<span class=\"figure\">90<\/span>                 <\/div>\n            <\/div>\n        <\/div>\n\t\t    <\/div>\n\t            <\/div>\n        <\/div>\n    <\/div><!-- .rhea-ultra-property-card-four -->\n<\/div><!-- .rhea-ultra-property-card-four-wrapper --><div class=\"rhea-ultra-property-card-four-wrapper\">\n    <div class=\"rhea-ultra-property-card-four\">\n        <div class=\"rhea-ultra-property-card-four-thumb  \">\n\t\t\t<p class=\"rhea-ultra-property-card-four-price\"><span class=\"ere-price-display\">275.000\u20ac<\/span><\/p>\t        <a class=\"rhea_permalink\" href=\"https:\/\/www.lucasfroeserealestate.com\/es\/immobilien\/vista-al-mar-y-musa-escondite-creativo-en-porto-cristo\/\">\n\t<img decoding=\"async\" width=\"488\" height=\"326\" src=\"https:\/\/www.lucasfroeserealestate.com\/wp-content\/uploads\/2026\/04\/LF0873-wohnung-portocristo-kaufen-12-488x326.jpg\" class=\"attachment-property-thumb-image size-property-thumb-image wp-post-image\" alt=\"Immobilien Porto Cristo Wohnung kaufen\" loading=\"eager\" title=\"\"><\/a>            <div class=\"rhea-ultra-top-tags-box\">\n                <div class=\"rhea-ultra-status-box\">\n\t\t\t\t\t\t\t\t<a href=\"https:\/\/www.lucasfroeserealestate.com\/es\/immobilien-status\/venta\/\" class=\"property-status-venta rhea-ultra-status\">Precio<\/a>\n\t\t\t                <\/div>\n\n            <\/div>\n            <div class=\"rhea-ultra-bottom-box rhea-ultra-flex-between rhea-ultra-align-center\">\n\t\t\t\t                    <div class=\"rhea-ultra-media-count-box\">\n\t\t\t\t\t\t<div class=\"rhea_ultra_media_count\">\n\t        <div class=\"rhea_media rhea_media_image\"\n             data-fancybox-trigger=\"gallery-a23f663-83085\"\n             data-this-id=\"83085\">\n\t\t\t<svg xmlns=\"http:\/\/www.w3.org\/2000\/svg\" viewBox=\"0 0 18 18\">\r\n\t<style type=\"text\/css\">\r\n\r\n\t\t.st0{fill-rule:evenodd;clip-rule:evenodd;}\r\n\r\n\t<\/style>\r\n\t<path class=\"st0\" d=\"M3 5h12c1.1 0 2 0.9 2 2v8c0 1.1-0.9 2-2 2H3c-1.1 0-2-0.9-2-2V7C1 5.9 1.9 5 3 5zM7.7 1h2.8c0.8-0.2 1.7 0.4 1.8 1.2 0 0 0 0.1 0 0.1L13 5H5l0.7-2.7C5.9 1.4 6.8 0.8 7.7 1zM9 7.4c2.2 0 4 1.8 4 4s-1.8 4-4 4 -4-1.8-4-4S6.8 7.4 9 7.4zM9 9c1.3 0 2.4 1.1 2.4 2.4s-1.1 2.4-2.4 2.4 -2.4-1.1-2.4-2.4S7.7 9 9 9L9 9zM8.2 2.6h1.6c0.4 0 0.8 0.4 0.7 0.9 0 0.4-0.3 0.7-0.7 0.7H8.2c-0.4 0-0.8-0.3-0.9-0.7 0-0.4 0.3-0.8 0.7-0.9C8.1 2.6 8.2 2.6 8.2 2.6z\"\/>\r\n<\/svg>            <span>12<\/span>\n        <\/div>\n\t\t<\/div>\n<div class=\"rhea_property_images_load\" style=\"display: none\">\n\t                <span style=\"display: none;\"\n                      data-fancybox=\"gallery-a23f663-83085\"\n                      data-src=\"https:\/\/www.lucasfroeserealestate.com\/wp-content\/uploads\/2026\/04\/LF0873-wohnung-portocristo-kaufen-2-1240x720.jpg\"\n                      data-thumb=\"https:\/\/www.lucasfroeserealestate.com\/wp-content\/uploads\/2026\/04\/LF0873-wohnung-portocristo-kaufen-2-1240x720.jpg\"><\/span>\n\t\t\t\t                <span style=\"display: none;\"\n                      data-fancybox=\"gallery-a23f663-83085\"\n                      data-src=\"https:\/\/www.lucasfroeserealestate.com\/wp-content\/uploads\/2026\/04\/LF0873-wohnung-portocristo-kaufen-3-1240x720.jpg\"\n                      data-thumb=\"https:\/\/www.lucasfroeserealestate.com\/wp-content\/uploads\/2026\/04\/LF0873-wohnung-portocristo-kaufen-3-1240x720.jpg\"><\/span>\n\t\t\t\t                <span style=\"display: none;\"\n                      data-fancybox=\"gallery-a23f663-83085\"\n                      data-src=\"https:\/\/www.lucasfroeserealestate.com\/wp-content\/uploads\/2026\/04\/LF0873-wohnung-portocristo-kaufen-4-1240x720.jpg\"\n                      data-thumb=\"https:\/\/www.lucasfroeserealestate.com\/wp-content\/uploads\/2026\/04\/LF0873-wohnung-portocristo-kaufen-4-1240x720.jpg\"><\/span>\n\t\t\t\t                <span style=\"display: none;\"\n                      data-fancybox=\"gallery-a23f663-83085\"\n                      data-src=\"https:\/\/www.lucasfroeserealestate.com\/wp-content\/uploads\/2026\/04\/LF0873-wohnung-portocristo-kaufen-5-1240x720.jpg\"\n                      data-thumb=\"https:\/\/www.lucasfroeserealestate.com\/wp-content\/uploads\/2026\/04\/LF0873-wohnung-portocristo-kaufen-5-1240x720.jpg\"><\/span>\n\t\t\t\t                <span style=\"display: none;\"\n                      data-fancybox=\"gallery-a23f663-83085\"\n                      data-src=\"https:\/\/www.lucasfroeserealestate.com\/wp-content\/uploads\/2026\/04\/LF0873-wohnung-portocristo-kaufen-6-1240x720.jpg\"\n                      data-thumb=\"https:\/\/www.lucasfroeserealestate.com\/wp-content\/uploads\/2026\/04\/LF0873-wohnung-portocristo-kaufen-6-1240x720.jpg\"><\/span>\n\t\t\t\t                <span style=\"display: none;\"\n                      data-fancybox=\"gallery-a23f663-83085\"\n                      data-src=\"https:\/\/www.lucasfroeserealestate.com\/wp-content\/uploads\/2026\/04\/LF0873-wohnung-portocristo-kaufen-7-1240x720.jpg\"\n                      data-thumb=\"https:\/\/www.lucasfroeserealestate.com\/wp-content\/uploads\/2026\/04\/LF0873-wohnung-portocristo-kaufen-7-1240x720.jpg\"><\/span>\n\t\t\t\t                <span style=\"display: none;\"\n                      data-fancybox=\"gallery-a23f663-83085\"\n                      data-src=\"https:\/\/www.lucasfroeserealestate.com\/wp-content\/uploads\/2026\/04\/LF0873-wohnung-portocristo-kaufen-8-1240x720.jpg\"\n                      data-thumb=\"https:\/\/www.lucasfroeserealestate.com\/wp-content\/uploads\/2026\/04\/LF0873-wohnung-portocristo-kaufen-8-1240x720.jpg\"><\/span>\n\t\t\t\t                <span style=\"display: none;\"\n                      data-fancybox=\"gallery-a23f663-83085\"\n                      data-src=\"https:\/\/www.lucasfroeserealestate.com\/wp-content\/uploads\/2026\/04\/LF0873-wohnung-portocristo-kaufen-9-1240x720.jpg\"\n                      data-thumb=\"https:\/\/www.lucasfroeserealestate.com\/wp-content\/uploads\/2026\/04\/LF0873-wohnung-portocristo-kaufen-9-1240x720.jpg\"><\/span>\n\t\t\t\t                <span style=\"display: none;\"\n                      data-fancybox=\"gallery-a23f663-83085\"\n                      data-src=\"https:\/\/www.lucasfroeserealestate.com\/wp-content\/uploads\/2026\/04\/LF0873-wohnung-portocristo-kaufen-10-1240x720.jpg\"\n                      data-thumb=\"https:\/\/www.lucasfroeserealestate.com\/wp-content\/uploads\/2026\/04\/LF0873-wohnung-portocristo-kaufen-10-1240x720.jpg\"><\/span>\n\t\t\t\t                <span style=\"display: none;\"\n                      data-fancybox=\"gallery-a23f663-83085\"\n                      data-src=\"https:\/\/www.lucasfroeserealestate.com\/wp-content\/uploads\/2026\/04\/LF0873-wohnung-portocristo-kaufen-11-1240x720.jpg\"\n                      data-thumb=\"https:\/\/www.lucasfroeserealestate.com\/wp-content\/uploads\/2026\/04\/LF0873-wohnung-portocristo-kaufen-11-1240x720.jpg\"><\/span>\n\t\t\t\t                <span style=\"display: none;\"\n                      data-fancybox=\"gallery-a23f663-83085\"\n                      data-src=\"https:\/\/www.lucasfroeserealestate.com\/wp-content\/uploads\/2026\/04\/LF0873-wohnung-portocristo-kaufen-12-1240x720.jpg\"\n                      data-thumb=\"https:\/\/www.lucasfroeserealestate.com\/wp-content\/uploads\/2026\/04\/LF0873-wohnung-portocristo-kaufen-12-1240x720.jpg\"><\/span>\n\t\t\t\t                <span style=\"display: none;\"\n                      data-fancybox=\"gallery-a23f663-83085\"\n                      data-src=\"https:\/\/www.lucasfroeserealestate.com\/wp-content\/uploads\/2026\/04\/LF0873-wohnung-portocristo-kaufen-1240x720.jpg\"\n                      data-thumb=\"https:\/\/www.lucasfroeserealestate.com\/wp-content\/uploads\/2026\/04\/LF0873-wohnung-portocristo-kaufen-1240x720.jpg\"><\/span>\n\t\t\t\t<\/div>                    <\/div>\n\t\t\t\t\t                <div class=\"rhea-ultra-action-buttons rh-ultra-action-light hover-light\">\n\t\t\t\t\t                    <span class=\"favorite-btn-wrap favorite-btn-83085\">\n\t\t\t\t\t\t\t<span class=\"favorite-placeholder highlight__red hide user_not_logged_in rh-ui-tooltip \" data-propertyid=\"83085\"  title=\"A\u00f1adido a favoritos\" >\n\t\t\t\t\t\t\t\t<svg xmlns=\"http:\/\/www.w3.org\/2000\/svg\" width=\"24\" height=\"24\" viewBox=\"0 0 24 24\">\n    <path class=\"rh-ultra-light\" d=\"M2.7 12.8C1.6 11.7 1 10.3 1 8.7s0.6-3 1.7-4.1C3.8 3.6 5.2 3 6.8 3c1.5 0 3 0.6 4.1 1.7 0.1 0.1 0.5 0.5 1.2 0.5 0.4 0 0.9-0.2 1.2-0.6 1.1-1.1 2.5-1.7 4-1.7s3 0.6 4.1 1.7C22.4 5.8 23 7.2 23 8.7s-0.6 3-1.7 4.1L12 21.6 2.7 12.8z\"\/>\n    <path class=\"rh-ultra-dark\" d=\"M17.3 4c1.3 0 2.5 0.5 3.4 1.4C21.5 6.3 22 7.5 22 8.7c0 1.3-0.5 2.4-1.4 3.3L12 20.2l-8.6-8.2C2.5 11.2 2 10 2 8.7c0-1.3 0.5-2.5 1.4-3.4C4.3 4.5 5.5 4 6.7 4 8 4 9.2 4.5 10.1 5.4 10.3 5.6 11 6.2 12 6.2c0.7 0 1.4-0.3 1.9-0.8C14.8 4.5 16 4 17.3 4M17.3 2c-1.7 0-3.5 0.7-4.8 2 -0.2 0.2-0.3 0.2-0.5 0.2 -0.3 0-0.5-0.2-0.5-0.2 -1.3-1.3-3-2-4.8-2S3.3 2.7 2 4c-2.6 2.6-2.6 6.9 0 9.5L12 23l10-9.5c2.6-2.6 2.6-6.9 0-9.5C20.7 2.7 19 2 17.3 2L17.3 2z\"\/>\n<\/svg>\t\t\t\t\t\t\t<\/span>\n\t\t\t\t\t\t\t<a href=\"#\" class=\"favorite add-to-favorite user_not_logged_in rh-ui-tooltip \" data-propertyid=\"83085\"  title=\"A\u00f1adir a favoritos\" >\n\t\t\t\t\t\t\t\t<svg xmlns=\"http:\/\/www.w3.org\/2000\/svg\" width=\"24\" height=\"24\" viewBox=\"0 0 24 24\">\n    <path class=\"rh-ultra-light\" d=\"M2.7 12.8C1.6 11.7 1 10.3 1 8.7s0.6-3 1.7-4.1C3.8 3.6 5.2 3 6.8 3c1.5 0 3 0.6 4.1 1.7 0.1 0.1 0.5 0.5 1.2 0.5 0.4 0 0.9-0.2 1.2-0.6 1.1-1.1 2.5-1.7 4-1.7s3 0.6 4.1 1.7C22.4 5.8 23 7.2 23 8.7s-0.6 3-1.7 4.1L12 21.6 2.7 12.8z\"\/>\n    <path class=\"rh-ultra-dark\" d=\"M17.3 4c1.3 0 2.5 0.5 3.4 1.4C21.5 6.3 22 7.5 22 8.7c0 1.3-0.5 2.4-1.4 3.3L12 20.2l-8.6-8.2C2.5 11.2 2 10 2 8.7c0-1.3 0.5-2.5 1.4-3.4C4.3 4.5 5.5 4 6.7 4 8 4 9.2 4.5 10.1 5.4 10.3 5.6 11 6.2 12 6.2c0.7 0 1.4-0.3 1.9-0.8C14.8 4.5 16 4 17.3 4M17.3 2c-1.7 0-3.5 0.7-4.8 2 -0.2 0.2-0.3 0.2-0.5 0.2 -0.3 0-0.5-0.2-0.5-0.2 -1.3-1.3-3-2-4.8-2S3.3 2.7 2 4c-2.6 2.6-2.6 6.9 0 9.5L12 23l10-9.5c2.6-2.6 2.6-6.9 0-9.5C20.7 2.7 19 2 17.3 2L17.3 2z\"\/>\n<\/svg>\t\t\t\t\t\t\t<\/a>\n\t\t\t\t\t\t<\/span>\n\t\t\t\t\t                <\/div>\n            <\/div>\n        <\/div>\n        <div class=\"rhea-ultra-property-card-four-content\">\n            <h3 class=\"rhea-ultra-property-card-four-title\"><a href=\"https:\/\/www.lucasfroeserealestate.com\/es\/immobilien\/vista-al-mar-y-musa-escondite-creativo-en-porto-cristo\/\">Vista al mar y musa - Escondite creativo en Porto Cristo<\/a><\/h3>\n\t\t\t                <p>Estudio \u00e1tico - Retiro creativo con vistas al mar en Porto Cristo Este encantador \u00e1tico en Porto Cristo combina un estilo de vida mediterr\u00e1neo<\/p>\n\t\t\t\t            <div class=\"rhea-ultra-property-card-four-footer rhea-ultra-property-hide-meta-label\">\n                <a class=\"rhea-ultra-property-card-four-link\" href=\"https:\/\/www.lucasfroeserealestate.com\/es\/immobilien\/vista-al-mar-y-musa-escondite-creativo-en-porto-cristo\/\">\n\t\t\t\t\tVer disponibilidad                <\/a>\n\t\t\t\t    <div class=\"rh_prop_card_meta_wrap_ultra rh-ul-tooltip\">\n\t\t        <div class=\"rhea_ultra_prop_card__meta\" style=\"order: 1\">\n            <div class=\"rhea_ultra_meta_icon_wrapper\">\n                <span class=\"rhea_ultra_meta_icon\" title=\"Dormitorios\"><img decoding=\"async\" class=\"custom-meta-icon custom-meta-icon-image\" src=\"https:\/\/www.lucasfroeserealestate.com\/wp-content\/uploads\/2024\/09\/schlafzimmer-immobilien-mallorca-02.png\" alt=\"Icono meta de la propiedad Habitaciones.\" title=\"\"><\/span>\n                <div class=\"rhea_ultra_meta_box\">\n\t\t\t\t\t<span class=\"figure\">3<\/span>                 <\/div>\n            <\/div>\n        <\/div>\n\t\t        <div class=\"rhea_ultra_prop_card__meta\" style=\"order: 2\">\n            <div class=\"rhea_ultra_meta_icon_wrapper\">\n                <span class=\"rhea_ultra_meta_icon\" title=\"Ba\u00f1os\"><img decoding=\"async\" class=\"custom-meta-icon custom-meta-icon-image\" src=\"https:\/\/www.lucasfroeserealestate.com\/wp-content\/uploads\/2024\/09\/badezimmer-immobilien-mallorca.png\" alt=\"Icono meta de la propiedad Cuartos de ba\u00f1o.\" title=\"\"><\/span>\n                <div class=\"rhea_ultra_meta_box\">\n\t\t\t\t\t<span class=\"figure\">1<\/span>                 <\/div>\n            <\/div>\n        <\/div>\n\t\t        <div class=\"rhea_ultra_prop_card__meta\" style=\"order: 3\">\n            <div class=\"rhea_ultra_meta_icon_wrapper\">\n                <span class=\"rhea_ultra_meta_icon\" title=\"Zona\"><img decoding=\"async\" class=\"custom-meta-icon custom-meta-icon-image\" src=\"https:\/\/www.lucasfroeserealestate.com\/wp-content\/uploads\/2024\/09\/wohnflaeche-immobilien-mallorca.png\" alt=\"Icono meta de la propiedad Tama\u00f1o del \u00c1rea.\" title=\"\"><\/span>\n                <div class=\"rhea_ultra_meta_box\">\n\t\t\t\t\t<span class=\"figure\">85<\/span>                 <\/div>\n            <\/div>\n        <\/div>\n\t\t    <\/div>\n\t            <\/div>\n        <\/div>\n    <\/div><!-- .rhea-ultra-property-card-four -->\n<\/div><!-- .rhea-ultra-property-card-four-wrapper --><div class=\"rhea-ultra-property-card-four-wrapper\">\n    <div class=\"rhea-ultra-property-card-four\">\n        <div class=\"rhea-ultra-property-card-four-thumb  \">\n\t\t\t<p class=\"rhea-ultra-property-card-four-price\"><span class=\"ere-price-display\">400.000\u20ac<\/span><\/p>\t        <a class=\"rhea_permalink\" href=\"https:\/\/www.lucasfroeserealestate.com\/es\/immobilien\/gran-piso-con-garaje-y-buena-accesibilidad\/\">\n\t<img decoding=\"async\" width=\"488\" height=\"326\" src=\"https:\/\/www.lucasfroeserealestate.com\/wp-content\/uploads\/2026\/04\/Wohnung-mit-garage-in-Felanitx-488x326.jpg\" class=\"attachment-property-thumb-image size-property-thumb-image wp-post-image\" alt=\"Wohnbereich Wohnung Felanitx\" srcset=\"https:\/\/www.lucasfroeserealestate.com\/wp-content\/uploads\/2026\/04\/Wohnung-mit-garage-in-Felanitx-488x326.jpg 488w, https:\/\/www.lucasfroeserealestate.com\/wp-content\/uploads\/2026\/04\/Wohnung-mit-garage-in-Felanitx-300x200.jpg 300w, https:\/\/www.lucasfroeserealestate.com\/wp-content\/uploads\/2026\/04\/Wohnung-mit-garage-in-Felanitx-1024x682.jpg 1024w, https:\/\/www.lucasfroeserealestate.com\/wp-content\/uploads\/2026\/04\/Wohnung-mit-garage-in-Felanitx-768x512.jpg 768w, https:\/\/www.lucasfroeserealestate.com\/wp-content\/uploads\/2026\/04\/Wohnung-mit-garage-in-Felanitx-1536x1024.jpg 1536w, https:\/\/www.lucasfroeserealestate.com\/wp-content\/uploads\/2026\/04\/Wohnung-mit-garage-in-Felanitx-2048x1365.jpg 2048w, https:\/\/www.lucasfroeserealestate.com\/wp-content\/uploads\/2026\/04\/Wohnung-mit-garage-in-Felanitx-150x100.jpg 150w\" sizes=\"(max-width: 488px) 100vw, 488px\" loading=\"eager\" title=\"\"><\/a>            <div class=\"rhea-ultra-top-tags-box\">\n                <div class=\"rhea-ultra-status-box\">\n\t\t\t\t\t\t\t\t<a href=\"https:\/\/www.lucasfroeserealestate.com\/es\/immobilien-status\/venta\/\" class=\"property-status-venta rhea-ultra-status\">Precio<\/a>\n\t\t\t                <\/div>\n\n            <\/div>\n            <div class=\"rhea-ultra-bottom-box rhea-ultra-flex-between rhea-ultra-align-center\">\n\t\t\t\t                    <div class=\"rhea-ultra-media-count-box\">\n\t\t\t\t\t\t<div class=\"rhea_ultra_media_count\">\n\t        <div class=\"rhea_media rhea_media_image\"\n             data-fancybox-trigger=\"gallery-a23f663-82913\"\n             data-this-id=\"82913\">\n\t\t\t<svg xmlns=\"http:\/\/www.w3.org\/2000\/svg\" viewBox=\"0 0 18 18\">\r\n\t<style type=\"text\/css\">\r\n\r\n\t\t.st0{fill-rule:evenodd;clip-rule:evenodd;}\r\n\r\n\t<\/style>\r\n\t<path class=\"st0\" d=\"M3 5h12c1.1 0 2 0.9 2 2v8c0 1.1-0.9 2-2 2H3c-1.1 0-2-0.9-2-2V7C1 5.9 1.9 5 3 5zM7.7 1h2.8c0.8-0.2 1.7 0.4 1.8 1.2 0 0 0 0.1 0 0.1L13 5H5l0.7-2.7C5.9 1.4 6.8 0.8 7.7 1zM9 7.4c2.2 0 4 1.8 4 4s-1.8 4-4 4 -4-1.8-4-4S6.8 7.4 9 7.4zM9 9c1.3 0 2.4 1.1 2.4 2.4s-1.1 2.4-2.4 2.4 -2.4-1.1-2.4-2.4S7.7 9 9 9L9 9zM8.2 2.6h1.6c0.4 0 0.8 0.4 0.7 0.9 0 0.4-0.3 0.7-0.7 0.7H8.2c-0.4 0-0.8-0.3-0.9-0.7 0-0.4 0.3-0.8 0.7-0.9C8.1 2.6 8.2 2.6 8.2 2.6z\"\/>\r\n<\/svg>            <span>16<\/span>\n        <\/div>\n\t\t<\/div>\n<div class=\"rhea_property_images_load\" style=\"display: none\">\n\t                <span style=\"display: none;\"\n                      data-fancybox=\"gallery-a23f663-82913\"\n                      data-src=\"https:\/\/www.lucasfroeserealestate.com\/wp-content\/uploads\/2026\/04\/Wohnung-mit-garage-in-Felanitx-2-1240x720.jpg\"\n                      data-thumb=\"https:\/\/www.lucasfroeserealestate.com\/wp-content\/uploads\/2026\/04\/Wohnung-mit-garage-in-Felanitx-2-1240x720.jpg\"><\/span>\n\t\t\t\t                <span style=\"display: none;\"\n                      data-fancybox=\"gallery-a23f663-82913\"\n                      data-src=\"https:\/\/www.lucasfroeserealestate.com\/wp-content\/uploads\/2026\/04\/Wohnung-mit-garage-in-Felanitx-1240x720.jpg\"\n                      data-thumb=\"https:\/\/www.lucasfroeserealestate.com\/wp-content\/uploads\/2026\/04\/Wohnung-mit-garage-in-Felanitx-1240x720.jpg\"><\/span>\n\t\t\t\t                <span style=\"display: none;\"\n                      data-fancybox=\"gallery-a23f663-82913\"\n                      data-src=\"https:\/\/www.lucasfroeserealestate.com\/wp-content\/uploads\/2026\/04\/Wohnung-mit-garage-in-Felanitx-10-1240x720.jpg\"\n                      data-thumb=\"https:\/\/www.lucasfroeserealestate.com\/wp-content\/uploads\/2026\/04\/Wohnung-mit-garage-in-Felanitx-10-1240x720.jpg\"><\/span>\n\t\t\t\t                <span style=\"display: none;\"\n                      data-fancybox=\"gallery-a23f663-82913\"\n                      data-src=\"https:\/\/www.lucasfroeserealestate.com\/wp-content\/uploads\/2026\/04\/Wohnung-mit-garage-in-Felanitx-11-1240x720.jpg\"\n                      data-thumb=\"https:\/\/www.lucasfroeserealestate.com\/wp-content\/uploads\/2026\/04\/Wohnung-mit-garage-in-Felanitx-11-1240x720.jpg\"><\/span>\n\t\t\t\t                <span style=\"display: none;\"\n                      data-fancybox=\"gallery-a23f663-82913\"\n                      data-src=\"https:\/\/www.lucasfroeserealestate.com\/wp-content\/uploads\/2026\/04\/Wohnung-mit-garage-in-Felanitx-12-1240x720.jpg\"\n                      data-thumb=\"https:\/\/www.lucasfroeserealestate.com\/wp-content\/uploads\/2026\/04\/Wohnung-mit-garage-in-Felanitx-12-1240x720.jpg\"><\/span>\n\t\t\t\t                <span style=\"display: none;\"\n                      data-fancybox=\"gallery-a23f663-82913\"\n                      data-src=\"https:\/\/www.lucasfroeserealestate.com\/wp-content\/uploads\/2026\/04\/Wohnung-mit-garage-in-Felanitx-14-1240x720.jpg\"\n                      data-thumb=\"https:\/\/www.lucasfroeserealestate.com\/wp-content\/uploads\/2026\/04\/Wohnung-mit-garage-in-Felanitx-14-1240x720.jpg\"><\/span>\n\t\t\t\t                <span style=\"display: none;\"\n                      data-fancybox=\"gallery-a23f663-82913\"\n                      data-src=\"https:\/\/www.lucasfroeserealestate.com\/wp-content\/uploads\/2026\/04\/Wohnung-mit-garage-in-Felanitx-3-1240x720.jpg\"\n                      data-thumb=\"https:\/\/www.lucasfroeserealestate.com\/wp-content\/uploads\/2026\/04\/Wohnung-mit-garage-in-Felanitx-3-1240x720.jpg\"><\/span>\n\t\t\t\t                <span style=\"display: none;\"\n                      data-fancybox=\"gallery-a23f663-82913\"\n                      data-src=\"https:\/\/www.lucasfroeserealestate.com\/wp-content\/uploads\/2026\/04\/Wohnung-mit-garage-in-Felanitx-4-1240x720.jpg\"\n                      data-thumb=\"https:\/\/www.lucasfroeserealestate.com\/wp-content\/uploads\/2026\/04\/Wohnung-mit-garage-in-Felanitx-4-1240x720.jpg\"><\/span>\n\t\t\t\t                <span style=\"display: none;\"\n                      data-fancybox=\"gallery-a23f663-82913\"\n                      data-src=\"https:\/\/www.lucasfroeserealestate.com\/wp-content\/uploads\/2026\/04\/Wohnung-mit-garage-in-Felanitx-5-1240x720.jpg\"\n                      data-thumb=\"https:\/\/www.lucasfroeserealestate.com\/wp-content\/uploads\/2026\/04\/Wohnung-mit-garage-in-Felanitx-5-1240x720.jpg\"><\/span>\n\t\t\t\t                <span style=\"display: none;\"\n                      data-fancybox=\"gallery-a23f663-82913\"\n                      data-src=\"https:\/\/www.lucasfroeserealestate.com\/wp-content\/uploads\/2026\/04\/Wohnung-mit-garage-in-Felanitx-6-1240x720.jpg\"\n                      data-thumb=\"https:\/\/www.lucasfroeserealestate.com\/wp-content\/uploads\/2026\/04\/Wohnung-mit-garage-in-Felanitx-6-1240x720.jpg\"><\/span>\n\t\t\t\t                <span style=\"display: none;\"\n                      data-fancybox=\"gallery-a23f663-82913\"\n                      data-src=\"https:\/\/www.lucasfroeserealestate.com\/wp-content\/uploads\/2026\/04\/Wohnung-mit-garage-in-Felanitx-7-1240x720.jpg\"\n                      data-thumb=\"https:\/\/www.lucasfroeserealestate.com\/wp-content\/uploads\/2026\/04\/Wohnung-mit-garage-in-Felanitx-7-1240x720.jpg\"><\/span>\n\t\t\t\t                <span style=\"display: none;\"\n                      data-fancybox=\"gallery-a23f663-82913\"\n                      data-src=\"https:\/\/www.lucasfroeserealestate.com\/wp-content\/uploads\/2026\/04\/Wohnung-mit-garage-in-Felanitx-9-1240x720.jpg\"\n                      data-thumb=\"https:\/\/www.lucasfroeserealestate.com\/wp-content\/uploads\/2026\/04\/Wohnung-mit-garage-in-Felanitx-9-1240x720.jpg\"><\/span>\n\t\t\t\t                <span style=\"display: none;\"\n                      data-fancybox=\"gallery-a23f663-82913\"\n                      data-src=\"https:\/\/www.lucasfroeserealestate.com\/wp-content\/uploads\/2026\/04\/Wohnung-mit-garage-in-Felanitx-8-1240x720.jpg\"\n                      data-thumb=\"https:\/\/www.lucasfroeserealestate.com\/wp-content\/uploads\/2026\/04\/Wohnung-mit-garage-in-Felanitx-8-1240x720.jpg\"><\/span>\n\t\t\t\t                <span style=\"display: none;\"\n                      data-fancybox=\"gallery-a23f663-82913\"\n                      data-src=\"https:\/\/www.lucasfroeserealestate.com\/wp-content\/uploads\/2026\/04\/Wohnung-mit-garage-in-Felanitx-13-1240x720.jpg\"\n                      data-thumb=\"https:\/\/www.lucasfroeserealestate.com\/wp-content\/uploads\/2026\/04\/Wohnung-mit-garage-in-Felanitx-13-1240x720.jpg\"><\/span>\n\t\t\t\t                <span style=\"display: none;\"\n                      data-fancybox=\"gallery-a23f663-82913\"\n                      data-src=\"https:\/\/www.lucasfroeserealestate.com\/wp-content\/uploads\/2026\/04\/Wohnung-mit-garage-in-Felanitx-15-1240x720.jpg\"\n                      data-thumb=\"https:\/\/www.lucasfroeserealestate.com\/wp-content\/uploads\/2026\/04\/Wohnung-mit-garage-in-Felanitx-15-1240x720.jpg\"><\/span>\n\t\t\t\t                <span style=\"display: none;\"\n                      data-fancybox=\"gallery-a23f663-82913\"\n                      data-src=\"https:\/\/www.lucasfroeserealestate.com\/wp-content\/uploads\/2026\/04\/Wohnung-mit-garage-in-Felanitx-17-1240x720.jpg\"\n                      data-thumb=\"https:\/\/www.lucasfroeserealestate.com\/wp-content\/uploads\/2026\/04\/Wohnung-mit-garage-in-Felanitx-17-1240x720.jpg\"><\/span>\n\t\t\t\t<\/div>                    <\/div>\n\t\t\t\t\t                <div class=\"rhea-ultra-action-buttons rh-ultra-action-light hover-light\">\n\t\t\t\t\t                    <span class=\"favorite-btn-wrap favorite-btn-82913\">\n\t\t\t\t\t\t\t<span class=\"favorite-placeholder highlight__red hide user_not_logged_in rh-ui-tooltip \" data-propertyid=\"82913\"  title=\"A\u00f1adido a favoritos\" >\n\t\t\t\t\t\t\t\t<svg xmlns=\"http:\/\/www.w3.org\/2000\/svg\" width=\"24\" height=\"24\" viewBox=\"0 0 24 24\">\n    <path class=\"rh-ultra-light\" d=\"M2.7 12.8C1.6 11.7 1 10.3 1 8.7s0.6-3 1.7-4.1C3.8 3.6 5.2 3 6.8 3c1.5 0 3 0.6 4.1 1.7 0.1 0.1 0.5 0.5 1.2 0.5 0.4 0 0.9-0.2 1.2-0.6 1.1-1.1 2.5-1.7 4-1.7s3 0.6 4.1 1.7C22.4 5.8 23 7.2 23 8.7s-0.6 3-1.7 4.1L12 21.6 2.7 12.8z\"\/>\n    <path class=\"rh-ultra-dark\" d=\"M17.3 4c1.3 0 2.5 0.5 3.4 1.4C21.5 6.3 22 7.5 22 8.7c0 1.3-0.5 2.4-1.4 3.3L12 20.2l-8.6-8.2C2.5 11.2 2 10 2 8.7c0-1.3 0.5-2.5 1.4-3.4C4.3 4.5 5.5 4 6.7 4 8 4 9.2 4.5 10.1 5.4 10.3 5.6 11 6.2 12 6.2c0.7 0 1.4-0.3 1.9-0.8C14.8 4.5 16 4 17.3 4M17.3 2c-1.7 0-3.5 0.7-4.8 2 -0.2 0.2-0.3 0.2-0.5 0.2 -0.3 0-0.5-0.2-0.5-0.2 -1.3-1.3-3-2-4.8-2S3.3 2.7 2 4c-2.6 2.6-2.6 6.9 0 9.5L12 23l10-9.5c2.6-2.6 2.6-6.9 0-9.5C20.7 2.7 19 2 17.3 2L17.3 2z\"\/>\n<\/svg>\t\t\t\t\t\t\t<\/span>\n\t\t\t\t\t\t\t<a href=\"#\" class=\"favorite add-to-favorite user_not_logged_in rh-ui-tooltip \" data-propertyid=\"82913\"  title=\"A\u00f1adir a favoritos\" >\n\t\t\t\t\t\t\t\t<svg xmlns=\"http:\/\/www.w3.org\/2000\/svg\" width=\"24\" height=\"24\" viewBox=\"0 0 24 24\">\n    <path class=\"rh-ultra-light\" d=\"M2.7 12.8C1.6 11.7 1 10.3 1 8.7s0.6-3 1.7-4.1C3.8 3.6 5.2 3 6.8 3c1.5 0 3 0.6 4.1 1.7 0.1 0.1 0.5 0.5 1.2 0.5 0.4 0 0.9-0.2 1.2-0.6 1.1-1.1 2.5-1.7 4-1.7s3 0.6 4.1 1.7C22.4 5.8 23 7.2 23 8.7s-0.6 3-1.7 4.1L12 21.6 2.7 12.8z\"\/>\n    <path class=\"rh-ultra-dark\" d=\"M17.3 4c1.3 0 2.5 0.5 3.4 1.4C21.5 6.3 22 7.5 22 8.7c0 1.3-0.5 2.4-1.4 3.3L12 20.2l-8.6-8.2C2.5 11.2 2 10 2 8.7c0-1.3 0.5-2.5 1.4-3.4C4.3 4.5 5.5 4 6.7 4 8 4 9.2 4.5 10.1 5.4 10.3 5.6 11 6.2 12 6.2c0.7 0 1.4-0.3 1.9-0.8C14.8 4.5 16 4 17.3 4M17.3 2c-1.7 0-3.5 0.7-4.8 2 -0.2 0.2-0.3 0.2-0.5 0.2 -0.3 0-0.5-0.2-0.5-0.2 -1.3-1.3-3-2-4.8-2S3.3 2.7 2 4c-2.6 2.6-2.6 6.9 0 9.5L12 23l10-9.5c2.6-2.6 2.6-6.9 0-9.5C20.7 2.7 19 2 17.3 2L17.3 2z\"\/>\n<\/svg>\t\t\t\t\t\t\t<\/a>\n\t\t\t\t\t\t<\/span>\n\t\t\t\t\t                <\/div>\n            <\/div>\n        <\/div>\n        <div class=\"rhea-ultra-property-card-four-content\">\n            <h3 class=\"rhea-ultra-property-card-four-title\"><a href=\"https:\/\/www.lucasfroeserealestate.com\/es\/immobilien\/gran-piso-con-garaje-y-buena-accesibilidad\/\">Gran piso con garaje y buena accesibilidad<\/a><\/h3>\n\t\t\t                <p>Se trata de un piso en la segunda planta. Tiene una amplia cocina y un sal\u00f3n con chimenea por el que entra mucha luz<\/p>\n\t\t\t\t            <div class=\"rhea-ultra-property-card-four-footer rhea-ultra-property-hide-meta-label\">\n                <a class=\"rhea-ultra-property-card-four-link\" href=\"https:\/\/www.lucasfroeserealestate.com\/es\/immobilien\/gran-piso-con-garaje-y-buena-accesibilidad\/\">\n\t\t\t\t\tVer disponibilidad                <\/a>\n\t\t\t\t    <div class=\"rh_prop_card_meta_wrap_ultra rh-ul-tooltip\">\n\t\t        <div class=\"rhea_ultra_prop_card__meta\" style=\"order: 1\">\n            <div class=\"rhea_ultra_meta_icon_wrapper\">\n                <span class=\"rhea_ultra_meta_icon\" title=\"Dormitorios\"><img decoding=\"async\" class=\"custom-meta-icon custom-meta-icon-image\" src=\"https:\/\/www.lucasfroeserealestate.com\/wp-content\/uploads\/2024\/09\/schlafzimmer-immobilien-mallorca-02.png\" alt=\"Icono meta de la propiedad Habitaciones.\" title=\"\"><\/span>\n                <div class=\"rhea_ultra_meta_box\">\n\t\t\t\t\t<span class=\"figure\">4<\/span>                 <\/div>\n            <\/div>\n        <\/div>\n\t\t        <div class=\"rhea_ultra_prop_card__meta\" style=\"order: 2\">\n            <div class=\"rhea_ultra_meta_icon_wrapper\">\n                <span class=\"rhea_ultra_meta_icon\" title=\"Ba\u00f1os\"><img decoding=\"async\" class=\"custom-meta-icon custom-meta-icon-image\" src=\"https:\/\/www.lucasfroeserealestate.com\/wp-content\/uploads\/2024\/09\/badezimmer-immobilien-mallorca.png\" alt=\"Icono meta de la propiedad Cuartos de ba\u00f1o.\" title=\"\"><\/span>\n                <div class=\"rhea_ultra_meta_box\">\n\t\t\t\t\t<span class=\"figure\">2<\/span>                 <\/div>\n            <\/div>\n        <\/div>\n\t\t        <div class=\"rhea_ultra_prop_card__meta\" style=\"order: 3\">\n            <div class=\"rhea_ultra_meta_icon_wrapper\">\n                <span class=\"rhea_ultra_meta_icon\" title=\"Zona\"><img decoding=\"async\" class=\"custom-meta-icon custom-meta-icon-image\" src=\"https:\/\/www.lucasfroeserealestate.com\/wp-content\/uploads\/2024\/09\/wohnflaeche-immobilien-mallorca.png\" alt=\"Icono meta de la propiedad Tama\u00f1o del \u00c1rea.\" title=\"\"><\/span>\n                <div class=\"rhea_ultra_meta_box\">\n\t\t\t\t\t<span class=\"figure\">191<\/span>                 <\/div>\n            <\/div>\n        <\/div>\n\t\t    <\/div>\n\t            <\/div>\n        <\/div>\n    <\/div><!-- .rhea-ultra-property-card-four -->\n<\/div><!-- .rhea-ultra-property-card-four-wrapper --><div class=\"rhea-ultra-property-card-four-wrapper\">\n    <div class=\"rhea-ultra-property-card-four\">\n        <div class=\"rhea-ultra-property-card-four-thumb  \">\n\t\t\t<p class=\"rhea-ultra-property-card-four-price\"><span class=\"ere-price-display\">180.000\u20ac<\/span><\/p>\t        <a class=\"rhea_permalink\" href=\"https:\/\/www.lucasfroeserealestate.com\/es\/immobilien\/parcela-agricola-en-felanitx-con-garaje-trastero-edificabilidad-disponible\/\">\n\t<img decoding=\"async\" width=\"488\" height=\"326\" src=\"https:\/\/www.lucasfroeserealestate.com\/wp-content\/uploads\/2026\/04\/Gartentiefe-488x326.jpg\" class=\"attachment-property-thumb-image size-property-thumb-image wp-post-image\" alt=\"\" loading=\"eager\" title=\"\"><\/a>            <div class=\"rhea-ultra-top-tags-box\">\n                <div class=\"rhea-ultra-status-box\">\n\t\t\t\t\t\t\t\t<a href=\"https:\/\/www.lucasfroeserealestate.com\/es\/immobilien-status\/venta\/\" class=\"property-status-venta rhea-ultra-status\">Precio<\/a>\n\t\t\t                <\/div>\n\n            <\/div>\n            <div class=\"rhea-ultra-bottom-box rhea-ultra-flex-between rhea-ultra-align-center\">\n\t\t\t\t                    <div class=\"rhea-ultra-media-count-box\">\n\t\t\t\t\t\t<div class=\"rhea_ultra_media_count\">\n\t        <div class=\"rhea_media rhea_media_image\"\n             data-fancybox-trigger=\"gallery-a23f663-82875\"\n             data-this-id=\"82875\">\n\t\t\t<svg xmlns=\"http:\/\/www.w3.org\/2000\/svg\" viewBox=\"0 0 18 18\">\r\n\t<style type=\"text\/css\">\r\n\r\n\t\t.st0{fill-rule:evenodd;clip-rule:evenodd;}\r\n\r\n\t<\/style>\r\n\t<path class=\"st0\" d=\"M3 5h12c1.1 0 2 0.9 2 2v8c0 1.1-0.9 2-2 2H3c-1.1 0-2-0.9-2-2V7C1 5.9 1.9 5 3 5zM7.7 1h2.8c0.8-0.2 1.7 0.4 1.8 1.2 0 0 0 0.1 0 0.1L13 5H5l0.7-2.7C5.9 1.4 6.8 0.8 7.7 1zM9 7.4c2.2 0 4 1.8 4 4s-1.8 4-4 4 -4-1.8-4-4S6.8 7.4 9 7.4zM9 9c1.3 0 2.4 1.1 2.4 2.4s-1.1 2.4-2.4 2.4 -2.4-1.1-2.4-2.4S7.7 9 9 9L9 9zM8.2 2.6h1.6c0.4 0 0.8 0.4 0.7 0.9 0 0.4-0.3 0.7-0.7 0.7H8.2c-0.4 0-0.8-0.3-0.9-0.7 0-0.4 0.3-0.8 0.7-0.9C8.1 2.6 8.2 2.6 8.2 2.6z\"\/>\r\n<\/svg>            <span>14<\/span>\n        <\/div>\n\t\t<\/div>\n<div class=\"rhea_property_images_load\" style=\"display: none\">\n\t                <span style=\"display: none;\"\n                      data-fancybox=\"gallery-a23f663-82875\"\n                      data-src=\"https:\/\/www.lucasfroeserealestate.com\/wp-content\/uploads\/2026\/04\/Gruenzone-1240x720.jpg\"\n                      data-thumb=\"https:\/\/www.lucasfroeserealestate.com\/wp-content\/uploads\/2026\/04\/Gruenzone-1240x720.jpg\"><\/span>\n\t\t\t\t                <span style=\"display: none;\"\n                      data-fancybox=\"gallery-a23f663-82875\"\n                      data-src=\"https:\/\/www.lucasfroeserealestate.com\/wp-content\/uploads\/2026\/04\/Front-1240x720.jpg\"\n                      data-thumb=\"https:\/\/www.lucasfroeserealestate.com\/wp-content\/uploads\/2026\/04\/Front-1240x720.jpg\"><\/span>\n\t\t\t\t                <span style=\"display: none;\"\n                      data-fancybox=\"gallery-a23f663-82875\"\n                      data-src=\"https:\/\/www.lucasfroeserealestate.com\/wp-content\/uploads\/2026\/04\/Einfahrt-1240x720.jpg\"\n                      data-thumb=\"https:\/\/www.lucasfroeserealestate.com\/wp-content\/uploads\/2026\/04\/Einfahrt-1240x720.jpg\"><\/span>\n\t\t\t\t                <span style=\"display: none;\"\n                      data-fancybox=\"gallery-a23f663-82875\"\n                      data-src=\"https:\/\/www.lucasfroeserealestate.com\/wp-content\/uploads\/2026\/04\/Garage-1240x720.jpg\"\n                      data-thumb=\"https:\/\/www.lucasfroeserealestate.com\/wp-content\/uploads\/2026\/04\/Garage-1240x720.jpg\"><\/span>\n\t\t\t\t                <span style=\"display: none;\"\n                      data-fancybox=\"gallery-a23f663-82875\"\n                      data-src=\"https:\/\/www.lucasfroeserealestate.com\/wp-content\/uploads\/2026\/04\/Dachterrasse-mit-wirkschaftsraum-1240x720.jpg\"\n                      data-thumb=\"https:\/\/www.lucasfroeserealestate.com\/wp-content\/uploads\/2026\/04\/Dachterrasse-mit-wirkschaftsraum-1240x720.jpg\"><\/span>\n\t\t\t\t                <span style=\"display: none;\"\n                      data-fancybox=\"gallery-a23f663-82875\"\n                      data-src=\"https:\/\/www.lucasfroeserealestate.com\/wp-content\/uploads\/2026\/04\/Ausblick-1240x720.jpg\"\n                      data-thumb=\"https:\/\/www.lucasfroeserealestate.com\/wp-content\/uploads\/2026\/04\/Ausblick-1240x720.jpg\"><\/span>\n\t\t\t\t                <span style=\"display: none;\"\n                      data-fancybox=\"gallery-a23f663-82875\"\n                      data-src=\"https:\/\/www.lucasfroeserealestate.com\/wp-content\/uploads\/2026\/04\/Halle-1240x720.jpg\"\n                      data-thumb=\"https:\/\/www.lucasfroeserealestate.com\/wp-content\/uploads\/2026\/04\/Halle-1240x720.jpg\"><\/span>\n\t\t\t\t                <span style=\"display: none;\"\n                      data-fancybox=\"gallery-a23f663-82875\"\n                      data-src=\"https:\/\/www.lucasfroeserealestate.com\/wp-content\/uploads\/2026\/04\/Kueche-1240x720.jpg\"\n                      data-thumb=\"https:\/\/www.lucasfroeserealestate.com\/wp-content\/uploads\/2026\/04\/Kueche-1240x720.jpg\"><\/span>\n\t\t\t\t                <span style=\"display: none;\"\n                      data-fancybox=\"gallery-a23f663-82875\"\n                      data-src=\"https:\/\/www.lucasfroeserealestate.com\/wp-content\/uploads\/2026\/04\/Badezimmer-1240x720.jpg\"\n                      data-thumb=\"https:\/\/www.lucasfroeserealestate.com\/wp-content\/uploads\/2026\/04\/Badezimmer-1240x720.jpg\"><\/span>\n\t\t\t\t                <span style=\"display: none;\"\n                      data-fancybox=\"gallery-a23f663-82875\"\n                      data-src=\"https:\/\/www.lucasfroeserealestate.com\/wp-content\/uploads\/2026\/04\/Wohn-Schlafberreich-1240x720.jpg\"\n                      data-thumb=\"https:\/\/www.lucasfroeserealestate.com\/wp-content\/uploads\/2026\/04\/Wohn-Schlafberreich-1240x720.jpg\"><\/span>\n\t\t\t\t                <span style=\"display: none;\"\n                      data-fancybox=\"gallery-a23f663-82875\"\n                      data-src=\"https:\/\/www.lucasfroeserealestate.com\/wp-content\/uploads\/2026\/04\/Gartenanblick-1240x720.jpg\"\n                      data-thumb=\"https:\/\/www.lucasfroeserealestate.com\/wp-content\/uploads\/2026\/04\/Gartenanblick-1240x720.jpg\"><\/span>\n\t\t\t\t                <span style=\"display: none;\"\n                      data-fancybox=\"gallery-a23f663-82875\"\n                      data-src=\"https:\/\/www.lucasfroeserealestate.com\/wp-content\/uploads\/2026\/04\/Obstbaueme-1240x720.jpg\"\n                      data-thumb=\"https:\/\/www.lucasfroeserealestate.com\/wp-content\/uploads\/2026\/04\/Obstbaueme-1240x720.jpg\"><\/span>\n\t\t\t\t                <span style=\"display: none;\"\n                      data-fancybox=\"gallery-a23f663-82875\"\n                      data-src=\"https:\/\/www.lucasfroeserealestate.com\/wp-content\/uploads\/2026\/04\/Hinterseite-1240x720.jpg\"\n                      data-thumb=\"https:\/\/www.lucasfroeserealestate.com\/wp-content\/uploads\/2026\/04\/Hinterseite-1240x720.jpg\"><\/span>\n\t\t\t\t                <span style=\"display: none;\"\n                      data-fancybox=\"gallery-a23f663-82875\"\n                      data-src=\"https:\/\/www.lucasfroeserealestate.com\/wp-content\/uploads\/2026\/04\/Gartentiefe-1240x720.jpg\"\n                      data-thumb=\"https:\/\/www.lucasfroeserealestate.com\/wp-content\/uploads\/2026\/04\/Gartentiefe-1240x720.jpg\"><\/span>\n\t\t\t\t<\/div>                    <\/div>\n\t\t\t\t\t                <div class=\"rhea-ultra-action-buttons rh-ultra-action-light hover-light\">\n\t\t\t\t\t                    <span class=\"favorite-btn-wrap favorite-btn-82875\">\n\t\t\t\t\t\t\t<span class=\"favorite-placeholder highlight__red hide user_not_logged_in rh-ui-tooltip \" data-propertyid=\"82875\"  title=\"A\u00f1adido a favoritos\" >\n\t\t\t\t\t\t\t\t<svg xmlns=\"http:\/\/www.w3.org\/2000\/svg\" width=\"24\" height=\"24\" viewBox=\"0 0 24 24\">\n    <path class=\"rh-ultra-light\" d=\"M2.7 12.8C1.6 11.7 1 10.3 1 8.7s0.6-3 1.7-4.1C3.8 3.6 5.2 3 6.8 3c1.5 0 3 0.6 4.1 1.7 0.1 0.1 0.5 0.5 1.2 0.5 0.4 0 0.9-0.2 1.2-0.6 1.1-1.1 2.5-1.7 4-1.7s3 0.6 4.1 1.7C22.4 5.8 23 7.2 23 8.7s-0.6 3-1.7 4.1L12 21.6 2.7 12.8z\"\/>\n    <path class=\"rh-ultra-dark\" d=\"M17.3 4c1.3 0 2.5 0.5 3.4 1.4C21.5 6.3 22 7.5 22 8.7c0 1.3-0.5 2.4-1.4 3.3L12 20.2l-8.6-8.2C2.5 11.2 2 10 2 8.7c0-1.3 0.5-2.5 1.4-3.4C4.3 4.5 5.5 4 6.7 4 8 4 9.2 4.5 10.1 5.4 10.3 5.6 11 6.2 12 6.2c0.7 0 1.4-0.3 1.9-0.8C14.8 4.5 16 4 17.3 4M17.3 2c-1.7 0-3.5 0.7-4.8 2 -0.2 0.2-0.3 0.2-0.5 0.2 -0.3 0-0.5-0.2-0.5-0.2 -1.3-1.3-3-2-4.8-2S3.3 2.7 2 4c-2.6 2.6-2.6 6.9 0 9.5L12 23l10-9.5c2.6-2.6 2.6-6.9 0-9.5C20.7 2.7 19 2 17.3 2L17.3 2z\"\/>\n<\/svg>\t\t\t\t\t\t\t<\/span>\n\t\t\t\t\t\t\t<a href=\"#\" class=\"favorite add-to-favorite user_not_logged_in rh-ui-tooltip \" data-propertyid=\"82875\"  title=\"A\u00f1adir a favoritos\" >\n\t\t\t\t\t\t\t\t<svg xmlns=\"http:\/\/www.w3.org\/2000\/svg\" width=\"24\" height=\"24\" viewBox=\"0 0 24 24\">\n    <path class=\"rh-ultra-light\" d=\"M2.7 12.8C1.6 11.7 1 10.3 1 8.7s0.6-3 1.7-4.1C3.8 3.6 5.2 3 6.8 3c1.5 0 3 0.6 4.1 1.7 0.1 0.1 0.5 0.5 1.2 0.5 0.4 0 0.9-0.2 1.2-0.6 1.1-1.1 2.5-1.7 4-1.7s3 0.6 4.1 1.7C22.4 5.8 23 7.2 23 8.7s-0.6 3-1.7 4.1L12 21.6 2.7 12.8z\"\/>\n    <path class=\"rh-ultra-dark\" d=\"M17.3 4c1.3 0 2.5 0.5 3.4 1.4C21.5 6.3 22 7.5 22 8.7c0 1.3-0.5 2.4-1.4 3.3L12 20.2l-8.6-8.2C2.5 11.2 2 10 2 8.7c0-1.3 0.5-2.5 1.4-3.4C4.3 4.5 5.5 4 6.7 4 8 4 9.2 4.5 10.1 5.4 10.3 5.6 11 6.2 12 6.2c0.7 0 1.4-0.3 1.9-0.8C14.8 4.5 16 4 17.3 4M17.3 2c-1.7 0-3.5 0.7-4.8 2 -0.2 0.2-0.3 0.2-0.5 0.2 -0.3 0-0.5-0.2-0.5-0.2 -1.3-1.3-3-2-4.8-2S3.3 2.7 2 4c-2.6 2.6-2.6 6.9 0 9.5L12 23l10-9.5c2.6-2.6 2.6-6.9 0-9.5C20.7 2.7 19 2 17.3 2L17.3 2z\"\/>\n<\/svg>\t\t\t\t\t\t\t<\/a>\n\t\t\t\t\t\t<\/span>\n\t\t\t\t\t                <\/div>\n            <\/div>\n        <\/div>\n        <div class=\"rhea-ultra-property-card-four-content\">\n            <h3 class=\"rhea-ultra-property-card-four-title\"><a href=\"https:\/\/www.lucasfroeserealestate.com\/es\/immobilien\/parcela-agricola-en-felanitx-con-garaje-trastero-edificabilidad-disponible\/\">Finca agr\u00edcola en Felanitx con garaje\/trastero y opci\u00f3n residencial<\/a><\/h3>\n\t\t\t                <p>Esta propiedad de 823 m\u00b2 en Felanitx ofrece m\u00e1s de lo que cabr\u00eda esperar a primera vista, y eso es poco frecuente en Mallorca.<\/p>\n\t\t\t\t            <div class=\"rhea-ultra-property-card-four-footer rhea-ultra-property-hide-meta-label\">\n                <a class=\"rhea-ultra-property-card-four-link\" href=\"https:\/\/www.lucasfroeserealestate.com\/es\/immobilien\/parcela-agricola-en-felanitx-con-garaje-trastero-edificabilidad-disponible\/\">\n\t\t\t\t\tVer disponibilidad                <\/a>\n\t\t\t\t    <div class=\"rh_prop_card_meta_wrap_ultra rh-ul-tooltip\">\n\t\t        <div class=\"rhea_ultra_prop_card__meta\" style=\"order: 2\">\n            <div class=\"rhea_ultra_meta_icon_wrapper\">\n                <span class=\"rhea_ultra_meta_icon\" title=\"Ba\u00f1os\"><img decoding=\"async\" class=\"custom-meta-icon custom-meta-icon-image\" src=\"https:\/\/www.lucasfroeserealestate.com\/wp-content\/uploads\/2024\/09\/badezimmer-immobilien-mallorca.png\" alt=\"Icono meta de la propiedad Cuartos de ba\u00f1o.\" title=\"\"><\/span>\n                <div class=\"rhea_ultra_meta_box\">\n\t\t\t\t\t<span class=\"figure\">1<\/span>                 <\/div>\n            <\/div>\n        <\/div>\n\t\t        <div class=\"rhea_ultra_prop_card__meta\" style=\"order: 3\">\n            <div class=\"rhea_ultra_meta_icon_wrapper\">\n                <span class=\"rhea_ultra_meta_icon\" title=\"Zona\"><img decoding=\"async\" class=\"custom-meta-icon custom-meta-icon-image\" src=\"https:\/\/www.lucasfroeserealestate.com\/wp-content\/uploads\/2024\/09\/wohnflaeche-immobilien-mallorca.png\" alt=\"Icono meta de la propiedad Tama\u00f1o del \u00c1rea.\" title=\"\"><\/span>\n                <div class=\"rhea_ultra_meta_box\">\n\t\t\t\t\t<span class=\"figure\">133<\/span> <span class=\"label\">m2<\/span>                <\/div>\n            <\/div>\n        <\/div>\n\t\t    <\/div>\n\t            <\/div>\n        <\/div>\n    <\/div><!-- .rhea-ultra-property-card-four -->\n<\/div><!-- .rhea-ultra-property-card-four-wrapper --><div class=\"rhea-ultra-property-card-four-wrapper\">\n    <div class=\"rhea-ultra-property-card-four\">\n        <div class=\"rhea-ultra-property-card-four-thumb  \">\n\t\t\t<p class=\"rhea-ultra-property-card-four-price\"><span class=\"ere-price-display\">1.980.000\u20ac<\/span><\/p>\t        <a class=\"rhea_permalink\" href=\"https:\/\/www.lucasfroeserealestate.com\/es\/immobilien\/casa-adosada-historica-reformada-en-campos-con-garaje-ascensor-y-gran-bodega\/\">\n\t<img decoding=\"async\" width=\"488\" height=\"326\" src=\"https:\/\/www.lucasfroeserealestate.com\/wp-content\/uploads\/2026\/03\/Historisches-renoviertes-Stadthaus-in-Campos-mit-Garage-16-488x326.jpg\" class=\"attachment-property-thumb-image size-property-thumb-image wp-post-image\" alt=\"\" srcset=\"https:\/\/www.lucasfroeserealestate.com\/wp-content\/uploads\/2026\/03\/Historisches-renoviertes-Stadthaus-in-Campos-mit-Garage-16-488x326.jpg 488w, https:\/\/www.lucasfroeserealestate.com\/wp-content\/uploads\/2026\/03\/Historisches-renoviertes-Stadthaus-in-Campos-mit-Garage-16-300x200.jpg 300w, https:\/\/www.lucasfroeserealestate.com\/wp-content\/uploads\/2026\/03\/Historisches-renoviertes-Stadthaus-in-Campos-mit-Garage-16-1024x683.jpg 1024w, https:\/\/www.lucasfroeserealestate.com\/wp-content\/uploads\/2026\/03\/Historisches-renoviertes-Stadthaus-in-Campos-mit-Garage-16-768x512.jpg 768w, https:\/\/www.lucasfroeserealestate.com\/wp-content\/uploads\/2026\/03\/Historisches-renoviertes-Stadthaus-in-Campos-mit-Garage-16-1536x1024.jpg 1536w, https:\/\/www.lucasfroeserealestate.com\/wp-content\/uploads\/2026\/03\/Historisches-renoviertes-Stadthaus-in-Campos-mit-Garage-16-2048x1366.jpg 2048w, https:\/\/www.lucasfroeserealestate.com\/wp-content\/uploads\/2026\/03\/Historisches-renoviertes-Stadthaus-in-Campos-mit-Garage-16-150x100.jpg 150w\" sizes=\"(max-width: 488px) 100vw, 488px\" loading=\"eager\" title=\"\"><\/a>            <div class=\"rhea-ultra-top-tags-box\">\n                <div class=\"rhea-ultra-status-box\">\n\t\t\t\t\t\t\t\t<a href=\"https:\/\/www.lucasfroeserealestate.com\/es\/immobilien-status\/venta\/\" class=\"property-status-venta rhea-ultra-status\">Precio<\/a>\n\t\t\t                <\/div>\n\n            <\/div>\n            <div class=\"rhea-ultra-bottom-box rhea-ultra-flex-between rhea-ultra-align-center\">\n\t\t\t\t                    <div class=\"rhea-ultra-media-count-box\">\n\t\t\t\t\t\t<div class=\"rhea_ultra_media_count\">\n\t        <div class=\"rhea_media rhea_media_image\"\n             data-fancybox-trigger=\"gallery-a23f663-82023\"\n             data-this-id=\"82023\">\n\t\t\t<svg xmlns=\"http:\/\/www.w3.org\/2000\/svg\" viewBox=\"0 0 18 18\">\r\n\t<style type=\"text\/css\">\r\n\r\n\t\t.st0{fill-rule:evenodd;clip-rule:evenodd;}\r\n\r\n\t<\/style>\r\n\t<path class=\"st0\" d=\"M3 5h12c1.1 0 2 0.9 2 2v8c0 1.1-0.9 2-2 2H3c-1.1 0-2-0.9-2-2V7C1 5.9 1.9 5 3 5zM7.7 1h2.8c0.8-0.2 1.7 0.4 1.8 1.2 0 0 0 0.1 0 0.1L13 5H5l0.7-2.7C5.9 1.4 6.8 0.8 7.7 1zM9 7.4c2.2 0 4 1.8 4 4s-1.8 4-4 4 -4-1.8-4-4S6.8 7.4 9 7.4zM9 9c1.3 0 2.4 1.1 2.4 2.4s-1.1 2.4-2.4 2.4 -2.4-1.1-2.4-2.4S7.7 9 9 9L9 9zM8.2 2.6h1.6c0.4 0 0.8 0.4 0.7 0.9 0 0.4-0.3 0.7-0.7 0.7H8.2c-0.4 0-0.8-0.3-0.9-0.7 0-0.4 0.3-0.8 0.7-0.9C8.1 2.6 8.2 2.6 8.2 2.6z\"\/>\r\n<\/svg>            <span>18<\/span>\n        <\/div>\n\t\t<\/div>\n<div class=\"rhea_property_images_load\" style=\"display: none\">\n\t                <span style=\"display: none;\"\n                      data-fancybox=\"gallery-a23f663-82023\"\n                      data-src=\"https:\/\/www.lucasfroeserealestate.com\/wp-content\/uploads\/2026\/03\/Historisches-renoviertes-Stadthaus-in-Campos-mit-Garage-1-2-1240x720.jpg\"\n                      data-thumb=\"https:\/\/www.lucasfroeserealestate.com\/wp-content\/uploads\/2026\/03\/Historisches-renoviertes-Stadthaus-in-Campos-mit-Garage-1-2-1240x720.jpg\"><\/span>\n\t\t\t\t                <span style=\"display: none;\"\n                      data-fancybox=\"gallery-a23f663-82023\"\n                      data-src=\"https:\/\/www.lucasfroeserealestate.com\/wp-content\/uploads\/2026\/03\/Historisches-renoviertes-Stadthaus-in-Campos-mit-Garage-2-2-1240x720.jpg\"\n                      data-thumb=\"https:\/\/www.lucasfroeserealestate.com\/wp-content\/uploads\/2026\/03\/Historisches-renoviertes-Stadthaus-in-Campos-mit-Garage-2-2-1240x720.jpg\"><\/span>\n\t\t\t\t                <span style=\"display: none;\"\n                      data-fancybox=\"gallery-a23f663-82023\"\n                      data-src=\"https:\/\/www.lucasfroeserealestate.com\/wp-content\/uploads\/2026\/03\/Historisches-renoviertes-Stadthaus-in-Campos-mit-Garage-3-2-1240x720.jpg\"\n                      data-thumb=\"https:\/\/www.lucasfroeserealestate.com\/wp-content\/uploads\/2026\/03\/Historisches-renoviertes-Stadthaus-in-Campos-mit-Garage-3-2-1240x720.jpg\"><\/span>\n\t\t\t\t                <span style=\"display: none;\"\n                      data-fancybox=\"gallery-a23f663-82023\"\n                      data-src=\"https:\/\/www.lucasfroeserealestate.com\/wp-content\/uploads\/2026\/03\/Historisches-renoviertes-Stadthaus-in-Campos-mit-Garage-4-2-1240x720.jpg\"\n                      data-thumb=\"https:\/\/www.lucasfroeserealestate.com\/wp-content\/uploads\/2026\/03\/Historisches-renoviertes-Stadthaus-in-Campos-mit-Garage-4-2-1240x720.jpg\"><\/span>\n\t\t\t\t                <span style=\"display: none;\"\n                      data-fancybox=\"gallery-a23f663-82023\"\n                      data-src=\"https:\/\/www.lucasfroeserealestate.com\/wp-content\/uploads\/2026\/03\/Historisches-renoviertes-Stadthaus-in-Campos-mit-Garage-5-2-1240x720.jpg\"\n                      data-thumb=\"https:\/\/www.lucasfroeserealestate.com\/wp-content\/uploads\/2026\/03\/Historisches-renoviertes-Stadthaus-in-Campos-mit-Garage-5-2-1240x720.jpg\"><\/span>\n\t\t\t\t                <span style=\"display: none;\"\n                      data-fancybox=\"gallery-a23f663-82023\"\n                      data-src=\"https:\/\/www.lucasfroeserealestate.com\/wp-content\/uploads\/2026\/03\/Historisches-renoviertes-Stadthaus-in-Campos-mit-Garage-6-2-1240x720.jpg\"\n                      data-thumb=\"https:\/\/www.lucasfroeserealestate.com\/wp-content\/uploads\/2026\/03\/Historisches-renoviertes-Stadthaus-in-Campos-mit-Garage-6-2-1240x720.jpg\"><\/span>\n\t\t\t\t                <span style=\"display: none;\"\n                      data-fancybox=\"gallery-a23f663-82023\"\n                      data-src=\"https:\/\/www.lucasfroeserealestate.com\/wp-content\/uploads\/2026\/03\/Historisches-renoviertes-Stadthaus-in-Campos-mit-Garage-15-1240x720.jpg\"\n                      data-thumb=\"https:\/\/www.lucasfroeserealestate.com\/wp-content\/uploads\/2026\/03\/Historisches-renoviertes-Stadthaus-in-Campos-mit-Garage-15-1240x720.jpg\"><\/span>\n\t\t\t\t                <span style=\"display: none;\"\n                      data-fancybox=\"gallery-a23f663-82023\"\n                      data-src=\"https:\/\/www.lucasfroeserealestate.com\/wp-content\/uploads\/2026\/03\/Historisches-renoviertes-Stadthaus-in-Campos-mit-Garage-10-1240x720.jpg\"\n                      data-thumb=\"https:\/\/www.lucasfroeserealestate.com\/wp-content\/uploads\/2026\/03\/Historisches-renoviertes-Stadthaus-in-Campos-mit-Garage-10-1240x720.jpg\"><\/span>\n\t\t\t\t                <span style=\"display: none;\"\n                      data-fancybox=\"gallery-a23f663-82023\"\n                      data-src=\"https:\/\/www.lucasfroeserealestate.com\/wp-content\/uploads\/2026\/03\/Historisches-renoviertes-Stadthaus-in-Campos-mit-Garage-12-1240x720.jpg\"\n                      data-thumb=\"https:\/\/www.lucasfroeserealestate.com\/wp-content\/uploads\/2026\/03\/Historisches-renoviertes-Stadthaus-in-Campos-mit-Garage-12-1240x720.jpg\"><\/span>\n\t\t\t\t                <span style=\"display: none;\"\n                      data-fancybox=\"gallery-a23f663-82023\"\n                      data-src=\"https:\/\/www.lucasfroeserealestate.com\/wp-content\/uploads\/2026\/03\/Historisches-renoviertes-Stadthaus-in-Campos-mit-Garage-18-1240x720.jpg\"\n                      data-thumb=\"https:\/\/www.lucasfroeserealestate.com\/wp-content\/uploads\/2026\/03\/Historisches-renoviertes-Stadthaus-in-Campos-mit-Garage-18-1240x720.jpg\"><\/span>\n\t\t\t\t                <span style=\"display: none;\"\n                      data-fancybox=\"gallery-a23f663-82023\"\n                      data-src=\"https:\/\/www.lucasfroeserealestate.com\/wp-content\/uploads\/2026\/03\/Historisches-renoviertes-Stadthaus-in-Campos-mit-Garage-7-1-1240x720.jpg\"\n                      data-thumb=\"https:\/\/www.lucasfroeserealestate.com\/wp-content\/uploads\/2026\/03\/Historisches-renoviertes-Stadthaus-in-Campos-mit-Garage-7-1-1240x720.jpg\"><\/span>\n\t\t\t\t                <span style=\"display: none;\"\n                      data-fancybox=\"gallery-a23f663-82023\"\n                      data-src=\"https:\/\/www.lucasfroeserealestate.com\/wp-content\/uploads\/2026\/03\/Historisches-renoviertes-Stadthaus-in-Campos-mit-Garage-8-1-1240x720.jpg\"\n                      data-thumb=\"https:\/\/www.lucasfroeserealestate.com\/wp-content\/uploads\/2026\/03\/Historisches-renoviertes-Stadthaus-in-Campos-mit-Garage-8-1-1240x720.jpg\"><\/span>\n\t\t\t\t                <span style=\"display: none;\"\n                      data-fancybox=\"gallery-a23f663-82023\"\n                      data-src=\"https:\/\/www.lucasfroeserealestate.com\/wp-content\/uploads\/2026\/03\/Historisches-renoviertes-Stadthaus-in-Campos-mit-Garage-9-1240x720.jpg\"\n                      data-thumb=\"https:\/\/www.lucasfroeserealestate.com\/wp-content\/uploads\/2026\/03\/Historisches-renoviertes-Stadthaus-in-Campos-mit-Garage-9-1240x720.jpg\"><\/span>\n\t\t\t\t                <span style=\"display: none;\"\n                      data-fancybox=\"gallery-a23f663-82023\"\n                      data-src=\"https:\/\/www.lucasfroeserealestate.com\/wp-content\/uploads\/2026\/03\/Historisches-renoviertes-Stadthaus-in-Campos-mit-Garage-11-1240x720.jpg\"\n                      data-thumb=\"https:\/\/www.lucasfroeserealestate.com\/wp-content\/uploads\/2026\/03\/Historisches-renoviertes-Stadthaus-in-Campos-mit-Garage-11-1240x720.jpg\"><\/span>\n\t\t\t\t                <span style=\"display: none;\"\n                      data-fancybox=\"gallery-a23f663-82023\"\n                      data-src=\"https:\/\/www.lucasfroeserealestate.com\/wp-content\/uploads\/2026\/03\/Historisches-renoviertes-Stadthaus-in-Campos-mit-Garage-13-1240x720.jpg\"\n                      data-thumb=\"https:\/\/www.lucasfroeserealestate.com\/wp-content\/uploads\/2026\/03\/Historisches-renoviertes-Stadthaus-in-Campos-mit-Garage-13-1240x720.jpg\"><\/span>\n\t\t\t\t                <span style=\"display: none;\"\n                      data-fancybox=\"gallery-a23f663-82023\"\n                      data-src=\"https:\/\/www.lucasfroeserealestate.com\/wp-content\/uploads\/2026\/03\/Historisches-renoviertes-Stadthaus-in-Campos-mit-Garage-14-1240x720.jpg\"\n                      data-thumb=\"https:\/\/www.lucasfroeserealestate.com\/wp-content\/uploads\/2026\/03\/Historisches-renoviertes-Stadthaus-in-Campos-mit-Garage-14-1240x720.jpg\"><\/span>\n\t\t\t\t                <span style=\"display: none;\"\n                      data-fancybox=\"gallery-a23f663-82023\"\n                      data-src=\"https:\/\/www.lucasfroeserealestate.com\/wp-content\/uploads\/2026\/03\/Historisches-renoviertes-Stadthaus-in-Campos-mit-Garage-16-1240x720.jpg\"\n                      data-thumb=\"https:\/\/www.lucasfroeserealestate.com\/wp-content\/uploads\/2026\/03\/Historisches-renoviertes-Stadthaus-in-Campos-mit-Garage-16-1240x720.jpg\"><\/span>\n\t\t\t\t                <span style=\"display: none;\"\n                      data-fancybox=\"gallery-a23f663-82023\"\n                      data-src=\"https:\/\/www.lucasfroeserealestate.com\/wp-content\/uploads\/2026\/03\/Historisches-renoviertes-Stadthaus-in-Campos-mit-Garage-17-1240x720.jpg\"\n                      data-thumb=\"https:\/\/www.lucasfroeserealestate.com\/wp-content\/uploads\/2026\/03\/Historisches-renoviertes-Stadthaus-in-Campos-mit-Garage-17-1240x720.jpg\"><\/span>\n\t\t\t\t<\/div>                    <\/div>\n\t\t\t\t\t                <div class=\"rhea-ultra-action-buttons rh-ultra-action-light hover-light\">\n\t\t\t\t\t                    <span class=\"favorite-btn-wrap favorite-btn-82023\">\n\t\t\t\t\t\t\t<span class=\"favorite-placeholder highlight__red hide user_not_logged_in rh-ui-tooltip \" data-propertyid=\"82023\"  title=\"A\u00f1adido a favoritos\" >\n\t\t\t\t\t\t\t\t<svg xmlns=\"http:\/\/www.w3.org\/2000\/svg\" width=\"24\" height=\"24\" viewBox=\"0 0 24 24\">\n    <path class=\"rh-ultra-light\" d=\"M2.7 12.8C1.6 11.7 1 10.3 1 8.7s0.6-3 1.7-4.1C3.8 3.6 5.2 3 6.8 3c1.5 0 3 0.6 4.1 1.7 0.1 0.1 0.5 0.5 1.2 0.5 0.4 0 0.9-0.2 1.2-0.6 1.1-1.1 2.5-1.7 4-1.7s3 0.6 4.1 1.7C22.4 5.8 23 7.2 23 8.7s-0.6 3-1.7 4.1L12 21.6 2.7 12.8z\"\/>\n    <path class=\"rh-ultra-dark\" d=\"M17.3 4c1.3 0 2.5 0.5 3.4 1.4C21.5 6.3 22 7.5 22 8.7c0 1.3-0.5 2.4-1.4 3.3L12 20.2l-8.6-8.2C2.5 11.2 2 10 2 8.7c0-1.3 0.5-2.5 1.4-3.4C4.3 4.5 5.5 4 6.7 4 8 4 9.2 4.5 10.1 5.4 10.3 5.6 11 6.2 12 6.2c0.7 0 1.4-0.3 1.9-0.8C14.8 4.5 16 4 17.3 4M17.3 2c-1.7 0-3.5 0.7-4.8 2 -0.2 0.2-0.3 0.2-0.5 0.2 -0.3 0-0.5-0.2-0.5-0.2 -1.3-1.3-3-2-4.8-2S3.3 2.7 2 4c-2.6 2.6-2.6 6.9 0 9.5L12 23l10-9.5c2.6-2.6 2.6-6.9 0-9.5C20.7 2.7 19 2 17.3 2L17.3 2z\"\/>\n<\/svg>\t\t\t\t\t\t\t<\/span>\n\t\t\t\t\t\t\t<a href=\"#\" class=\"favorite add-to-favorite user_not_logged_in rh-ui-tooltip \" data-propertyid=\"82023\"  title=\"A\u00f1adir a favoritos\" >\n\t\t\t\t\t\t\t\t<svg xmlns=\"http:\/\/www.w3.org\/2000\/svg\" width=\"24\" height=\"24\" viewBox=\"0 0 24 24\">\n    <path class=\"rh-ultra-light\" d=\"M2.7 12.8C1.6 11.7 1 10.3 1 8.7s0.6-3 1.7-4.1C3.8 3.6 5.2 3 6.8 3c1.5 0 3 0.6 4.1 1.7 0.1 0.1 0.5 0.5 1.2 0.5 0.4 0 0.9-0.2 1.2-0.6 1.1-1.1 2.5-1.7 4-1.7s3 0.6 4.1 1.7C22.4 5.8 23 7.2 23 8.7s-0.6 3-1.7 4.1L12 21.6 2.7 12.8z\"\/>\n    <path class=\"rh-ultra-dark\" d=\"M17.3 4c1.3 0 2.5 0.5 3.4 1.4C21.5 6.3 22 7.5 22 8.7c0 1.3-0.5 2.4-1.4 3.3L12 20.2l-8.6-8.2C2.5 11.2 2 10 2 8.7c0-1.3 0.5-2.5 1.4-3.4C4.3 4.5 5.5 4 6.7 4 8 4 9.2 4.5 10.1 5.4 10.3 5.6 11 6.2 12 6.2c0.7 0 1.4-0.3 1.9-0.8C14.8 4.5 16 4 17.3 4M17.3 2c-1.7 0-3.5 0.7-4.8 2 -0.2 0.2-0.3 0.2-0.5 0.2 -0.3 0-0.5-0.2-0.5-0.2 -1.3-1.3-3-2-4.8-2S3.3 2.7 2 4c-2.6 2.6-2.6 6.9 0 9.5L12 23l10-9.5c2.6-2.6 2.6-6.9 0-9.5C20.7 2.7 19 2 17.3 2L17.3 2z\"\/>\n<\/svg>\t\t\t\t\t\t\t<\/a>\n\t\t\t\t\t\t<\/span>\n\t\t\t\t\t                <\/div>\n            <\/div>\n        <\/div>\n        <div class=\"rhea-ultra-property-card-four-content\">\n            <h3 class=\"rhea-ultra-property-card-four-title\"><a href=\"https:\/\/www.lucasfroeserealestate.com\/es\/immobilien\/casa-adosada-historica-reformada-en-campos-con-garaje-ascensor-y-gran-bodega\/\">Casa adosada hist\u00f3rica reformada en Campos con garaje, ascensor y gran bodega<\/a><\/h3>\n\t\t\t                <p>Esta excepcional casa de pueblo es una fusi\u00f3n perfecta del car\u00e1cter hist\u00f3rico mallorqu\u00edn con la comodidad de un espacio habitable contempor\u00e1neo de alta calidad.<\/p>\n\t\t\t\t            <div class=\"rhea-ultra-property-card-four-footer rhea-ultra-property-hide-meta-label\">\n                <a class=\"rhea-ultra-property-card-four-link\" href=\"https:\/\/www.lucasfroeserealestate.com\/es\/immobilien\/casa-adosada-historica-reformada-en-campos-con-garaje-ascensor-y-gran-bodega\/\">\n\t\t\t\t\tVer disponibilidad                <\/a>\n\t\t\t\t    <div class=\"rh_prop_card_meta_wrap_ultra rh-ul-tooltip\">\n\t\t        <div class=\"rhea_ultra_prop_card__meta\" style=\"order: 1\">\n            <div class=\"rhea_ultra_meta_icon_wrapper\">\n                <span class=\"rhea_ultra_meta_icon\" title=\"Dormitorios\"><img decoding=\"async\" class=\"custom-meta-icon custom-meta-icon-image\" src=\"https:\/\/www.lucasfroeserealestate.com\/wp-content\/uploads\/2024\/09\/schlafzimmer-immobilien-mallorca-02.png\" alt=\"Icono meta de la propiedad Habitaciones.\" title=\"\"><\/span>\n                <div class=\"rhea_ultra_meta_box\">\n\t\t\t\t\t<span class=\"figure\">4<\/span>                 <\/div>\n            <\/div>\n        <\/div>\n\t\t        <div class=\"rhea_ultra_prop_card__meta\" style=\"order: 2\">\n            <div class=\"rhea_ultra_meta_icon_wrapper\">\n                <span class=\"rhea_ultra_meta_icon\" title=\"Ba\u00f1os\"><img decoding=\"async\" class=\"custom-meta-icon custom-meta-icon-image\" src=\"https:\/\/www.lucasfroeserealestate.com\/wp-content\/uploads\/2024\/09\/badezimmer-immobilien-mallorca.png\" alt=\"Icono meta de la propiedad Cuartos de ba\u00f1o.\" title=\"\"><\/span>\n                <div class=\"rhea_ultra_meta_box\">\n\t\t\t\t\t<span class=\"figure\">3<\/span>                 <\/div>\n            <\/div>\n        <\/div>\n\t\t        <div class=\"rhea_ultra_prop_card__meta\" style=\"order: 3\">\n            <div class=\"rhea_ultra_meta_icon_wrapper\">\n                <span class=\"rhea_ultra_meta_icon\" title=\"Zona\"><img decoding=\"async\" class=\"custom-meta-icon custom-meta-icon-image\" src=\"https:\/\/www.lucasfroeserealestate.com\/wp-content\/uploads\/2024\/09\/wohnflaeche-immobilien-mallorca.png\" alt=\"Icono meta de la propiedad Tama\u00f1o del \u00c1rea.\" title=\"\"><\/span>\n                <div class=\"rhea_ultra_meta_box\">\n\t\t\t\t\t<span class=\"figure\">415<\/span>                 <\/div>\n            <\/div>\n        <\/div>\n\t\t    <\/div>\n\t            <\/div>\n        <\/div>\n    <\/div><!-- .rhea-ultra-property-card-four -->\n<\/div><!-- .rhea-ultra-property-card-four-wrapper -->    <\/div>\n\t        <div id=\"rhea-nav-a23f663\" class=\"rhea-ultra-carousel-nav-center rhea-ultra-nav-box rhea-ultra-owl-nav owl-nav\">\n\t\t\t<div id=\"rhea-dots-a23f663\" class=\"rhea-ultra-owl-dots owl-dots\"><\/div>        <\/div>\n\t\t\n<\/section>\n<script type=\"application\/javascript\">\n    ( function ( $ ) {\n        'use strict';\n        $( document ).ready( function () {\n            $( \"#rhea-carousel-a23f663\" )\n            .owlCarousel( {\"items\":3,\"slideBy\":1,\"smartSpeed\":500,\"autoplay\":true,\"autoplaySpeed\":1000,\"autoplayHoverPause\":true,\"loop\":true,\"rewind\":true,\"rtl\":false,\"nav\":true,\"navContainer\":\"#rhea-nav-a23f663\",\"navText\":[\"<i class=\\\"fas fa-caret-left\\\"><\\\/i>\",\"<i class=\\\"fas fa-caret-right\\\"><\\\/i>\"],\"dots\":true,\"dotsEach\":true,\"dotsContainer\":\"#rhea-dots-a23f663\",\"responsive\":{\"0\":{\"items\":1,\"slideBy\":1,\"margin\":0},\"768\":{\"items\":2,\"slideBy\":1,\"margin\":30},\"1200\":{\"items\":3,\"slideBy\":1,\"margin\":40},\"2400\":{\"items\":3,\"slideBy\":1,\"margin\":40}}});\n        } );\n    } )( jQuery );\n<\/script>\n<script>\n    ( function ( $ ) {\n        'use strict';\n        $( document ).ready( function () {\n            let autoplayDelay = 1000;\n\n            $( '.rhea-properties-gallery-card' ).each( function () {\n                let slider    = $( this ).slick( {\n                    autoplay         : true,\n                    centerMode       : true,\n                    slidesToShow     : 1,\n                    fade             : true,\n                    speed            : 1000,\n                    pauseOnFocus     : false,\n                    pauseOnHover     : false,\n                    pauseOnDotsHover : false,\n                    arrows           : false,\n                    dots             : false,\n                    lazyLoad         : 'ondemand'\n                } ).slick( \"slickPause\" );\n                autoplayDelay = autoplayDelay + 300;\n                setTimeout( function () {\n                    slider.slick( \"slickPlay\" );\n                }, autoplayDelay );\n            } );\n        } );\n    } )( jQuery );\n<\/script>\t\t\t\t<\/div>\n\t\t\t\t<\/div>\n\t\t\t\t<div class=\"elementor-element elementor-element-10659d7 elementor-widget elementor-widget-rhea-properties-widget\" data-id=\"10659d7\" data-element_type=\"widget\" data-e-type=\"widget\" data-widget_type=\"rhea-properties-widget.default\">\n\t\t\t\t<div class=\"elementor-widget-container\">\n\t\t\t\t\t        <section id=\"rh-10659d7\" class=\"rh_elementor_widget rh_latest-properties rhea_properties_default rhea_ele_property_ajax_target rhea_latest_properties_ajax elementor_properties_grid elementor_property_card_parent rhea_has_tooltip\">\n\t\t\t\n<div class=\"container-latest-properties\">\n    <div class=\"wrapper-section-contents\">\n        <div class=\"home-properties-section-inner home-properties-section-inner-target\">\n\t\t\t                <div class=\"rh_properties_element rh_properties_pagination_append\">\n\t\t\t\t                    <div class=\"wrapper_properties_ele\">\n\n                        <article class=\"rh_prop_card_elementor\">\n\n                            <div class=\"rh_prop_card__wrap\">\n\n\t\t\t\t\t\t\t\t\n                                <figure class=\"rh_prop_card__thumbnail\">\n                                    <div class=\"rhea_figure_property_one\">\n                                        <div class=\"rhea_top_tags_box\">\n\t\t\t\t\t\t\t\t\t\t\t                                        <\/div>\n\n\t                                    \n                                        <a href=\"https:\/\/www.lucasfroeserealestate.com\/es\/immobilien\/finca-de-piedra-en-felanitx-mallorca-tranquilidad-privacidad-y-ambiente-mediterraneo\/\">\n\t\t\t\t\t\t\t\t\t\t\t<img fetchpriority=\"high\" decoding=\"async\" width=\"488\" height=\"326\" src=\"https:\/\/www.lucasfroeserealestate.com\/wp-content\/uploads\/2026\/04\/LF0902-finca-in-felanitx-renoviert-luxusimmobilie-488x326.jpg\" class=\"attachment-property-thumb-image size-property-thumb-image wp-post-image\" alt=\"\" loading=\"eager\" title=\"\">                                        <\/a>\n\n                                        <div class=\"rh_overlay\"><\/div>\n                                        <div class=\"rh_overlay__contents rh_overlay__fadeIn-bottom\">\n                                            <a href=\"https:\/\/www.lucasfroeserealestate.com\/es\/immobilien\/finca-de-piedra-en-felanitx-mallorca-tranquilidad-privacidad-y-ambiente-mediterraneo\/\">Ver propiedad                                            <\/a>\n                                        <\/div>\n\t\t\t\t\t\t\t\t\t\t\n                                    <\/div>\n\n                                    <div class=\"rh_prop_card__btns\">\n\t\t\t\t\t\t\t\t\t\t                    <span class=\"favorite-btn-wrap favorite-btn-83652\">\n\t\t\t\t\t\t\t<span class=\"favorite-placeholder highlight__red hide user_not_logged_in\" data-propertyid=\"83652\"  data-tooltip=\"A\u00f1adido a favoritos\" >\n\t\t\t\t\t\t\t\t<svg xmlns=\"http:\/\/www.w3.org\/2000\/svg\" width=\"24\" height=\"24\" viewBox=\"0 0 24 21\">\n  <path class=\"rh_svg\" d=\"M1089.48,1923.98a6.746,6.746,0,0,1,9.54,9.54L1089,1943l-10.02-9.48a6.746,6.746,0,0,1,9.54-9.54A0.641,0.641,0,0,0,1089.48,1923.98Z\" transform=\"translate(-1077 -1922)\"\/>\n<\/svg>\t\t\t\t\t\t\t<\/span>\n\t\t\t\t\t\t\t<a href=\"#\" class=\"favorite add-to-favorite user_not_logged_in\" data-propertyid=\"83652\"  data-tooltip=\"A\u00f1adir a favoritos\" >\n\t\t\t\t\t\t\t\t<svg xmlns=\"http:\/\/www.w3.org\/2000\/svg\" width=\"24\" height=\"24\" viewBox=\"0 0 24 21\">\n  <path class=\"rh_svg\" d=\"M1089.48,1923.98a6.746,6.746,0,0,1,9.54,9.54L1089,1943l-10.02-9.48a6.746,6.746,0,0,1,9.54-9.54A0.641,0.641,0,0,0,1089.48,1923.98Z\" transform=\"translate(-1077 -1922)\"\/>\n<\/svg>\t\t\t\t\t\t\t<\/a>\n\t\t\t\t\t\t<\/span>\n\t\t\t\t\t                                    <\/div>\n                                <\/figure>\n\n                                <div class=\"rh_prop_card__details_elementor\">\n\n                                    <h3><a href=\"https:\/\/www.lucasfroeserealestate.com\/es\/immobilien\/finca-de-piedra-en-felanitx-mallorca-tranquilidad-privacidad-y-ambiente-mediterraneo\/\">Finca de piedra en Felanitx, Mallorca - tranquilidad, privacidad y ambiente mediterr\u00e1neo<\/a><\/h3>\n\n\t\t\t\t\t\t\t\t\t\n                                        <p class=\"rh_prop_card__excerpt\">Esta finca es m\u00e1s que una casa: es un sentimiento.&hellip;<\/p>\n\n\t\t\t\t\t\t\t\t\t\t\n                                    <div class=\"rh_prop_card__meta_wrap_elementor\">\n\t\t                                    <div class=\"rh_prop_card_meta_wrap_stylish\">\n\t\t        <div class=\"rh_prop_card__meta\" style=\"order: 1\">\n\t\t\t\t\t\t\t<span class=\"rhea_meta_titles\">Dormitorios<\/span>                <div class=\"rhea_meta_icon_wrapper\">\n\t\t\t\t\t<img decoding=\"async\" class=\"custom-meta-icon custom-meta-icon-image\" src=\"https:\/\/www.lucasfroeserealestate.com\/wp-content\/uploads\/2024\/09\/schlafzimmer-immobilien-mallorca-02.png\" alt=\"Icono meta de la propiedad Habitaciones.\" title=\"\">\t\t\t\t\t<span class=\"figure\">3<\/span>\t\t\t\t\t                <\/div>\n\t\t\t        <\/div>\n\t\t        <div class=\"rh_prop_card__meta\" style=\"order: 2\">\n\t\t\t\t\t\t\t<span class=\"rhea_meta_titles\">Ba\u00f1os<\/span>                <div class=\"rhea_meta_icon_wrapper\">\n\t\t\t\t\t<img decoding=\"async\" class=\"custom-meta-icon custom-meta-icon-image\" src=\"https:\/\/www.lucasfroeserealestate.com\/wp-content\/uploads\/2024\/09\/badezimmer-immobilien-mallorca.png\" alt=\"Icono meta de la propiedad Cuartos de ba\u00f1o.\" title=\"\">\t\t\t\t\t<span class=\"figure\">3<\/span>\t\t\t\t\t                <\/div>\n\t\t\t        <\/div>\n\t\t        <div class=\"rh_prop_card__meta\" style=\"order: 3\">\n\t\t\t\t\t\t\t<span class=\"rhea_meta_titles\">Zona<\/span>                <div class=\"rhea_meta_icon_wrapper\">\n\t\t\t\t\t<img decoding=\"async\" class=\"custom-meta-icon custom-meta-icon-image\" src=\"https:\/\/www.lucasfroeserealestate.com\/wp-content\/uploads\/2024\/09\/wohnflaeche-immobilien-mallorca.png\" alt=\"Icono meta de la propiedad Tama\u00f1o del \u00c1rea.\" title=\"\">\t\t\t\t\t<span class=\"figure\">331<\/span>\t\t\t\t\t                <\/div>\n\t\t\t        <\/div>\n\t\t    <\/div>\n\t                                    <\/div>\n\n                                    <div class=\"rh_prop_card__priceLabel \">\n                                        <div class=\"rhea_property_price_box\">\n                                            <span class=\"rh_prop_card__status\">\n                                                Precio                                            <\/span>\n                                            <p class=\"rh_prop_card__price \">\n\t\t\t\t                                 2.435.000\u20ac                                             <\/p>\n                                        <\/div>\n\t\t                                                                            <div class=\"rhea_rvr_ratings rvr_rating_right\">\n\t\t\t\t                                                                            <\/div>\n\t\t                                                                    <\/div>\n\n                                <\/div>\n\n                            <\/div>\n\n                        <\/article>\n\n                    <\/div>\n\t\t\t\t\t                    <div class=\"wrapper_properties_ele\">\n\n                        <article class=\"rh_prop_card_elementor\">\n\n                            <div class=\"rh_prop_card__wrap\">\n\n\t\t\t\t\t\t\t\t\n                                <figure class=\"rh_prop_card__thumbnail\">\n                                    <div class=\"rhea_figure_property_one\">\n                                        <div class=\"rhea_top_tags_box\">\n\t\t\t\t\t\t\t\t\t\t\t                                        <\/div>\n\n\t                                    \n                                        <a href=\"https:\/\/www.lucasfroeserealestate.com\/es\/immobilien\/se-alquila-edificio-entero-en-felanitx\/\">\n\t\t\t\t\t\t\t\t\t\t\t<img decoding=\"async\" width=\"488\" height=\"326\" src=\"https:\/\/www.lucasfroeserealestate.com\/wp-content\/uploads\/2026\/04\/WhatsApp-Image-2026-04-15-at-08.52.54-488x326.jpeg\" class=\"attachment-property-thumb-image size-property-thumb-image wp-post-image\" alt=\"\" loading=\"eager\" title=\"\">                                        <\/a>\n\n                                        <div class=\"rh_overlay\"><\/div>\n                                        <div class=\"rh_overlay__contents rh_overlay__fadeIn-bottom\">\n                                            <a href=\"https:\/\/www.lucasfroeserealestate.com\/es\/immobilien\/se-alquila-edificio-entero-en-felanitx\/\">Ver propiedad                                            <\/a>\n                                        <\/div>\n\t\t\t\t\t\t\t\t\t\t\n                                    <\/div>\n\n                                    <div class=\"rh_prop_card__btns\">\n\t\t\t\t\t\t\t\t\t\t                    <span class=\"favorite-btn-wrap favorite-btn-83104\">\n\t\t\t\t\t\t\t<span class=\"favorite-placeholder highlight__red hide user_not_logged_in\" data-propertyid=\"83104\"  data-tooltip=\"A\u00f1adido a favoritos\" >\n\t\t\t\t\t\t\t\t<svg xmlns=\"http:\/\/www.w3.org\/2000\/svg\" width=\"24\" height=\"24\" viewBox=\"0 0 24 21\">\n  <path class=\"rh_svg\" d=\"M1089.48,1923.98a6.746,6.746,0,0,1,9.54,9.54L1089,1943l-10.02-9.48a6.746,6.746,0,0,1,9.54-9.54A0.641,0.641,0,0,0,1089.48,1923.98Z\" transform=\"translate(-1077 -1922)\"\/>\n<\/svg>\t\t\t\t\t\t\t<\/span>\n\t\t\t\t\t\t\t<a href=\"#\" class=\"favorite add-to-favorite user_not_logged_in\" data-propertyid=\"83104\"  data-tooltip=\"A\u00f1adir a favoritos\" >\n\t\t\t\t\t\t\t\t<svg xmlns=\"http:\/\/www.w3.org\/2000\/svg\" width=\"24\" height=\"24\" viewBox=\"0 0 24 21\">\n  <path class=\"rh_svg\" d=\"M1089.48,1923.98a6.746,6.746,0,0,1,9.54,9.54L1089,1943l-10.02-9.48a6.746,6.746,0,0,1,9.54-9.54A0.641,0.641,0,0,0,1089.48,1923.98Z\" transform=\"translate(-1077 -1922)\"\/>\n<\/svg>\t\t\t\t\t\t\t<\/a>\n\t\t\t\t\t\t<\/span>\n\t\t\t\t\t                                    <\/div>\n                                <\/figure>\n\n                                <div class=\"rh_prop_card__details_elementor\">\n\n                                    <h3><a href=\"https:\/\/www.lucasfroeserealestate.com\/es\/immobilien\/se-alquila-edificio-entero-en-felanitx\/\">Se alquila edificio entero en Felanitx<\/a><\/h3>\n\n\t\t\t\t\t\t\t\t\t\n                                        <p class=\"rh_prop_card__excerpt\">Se ofrece en alquiler un edificio completo en Felanitx, exclusivo&hellip;<\/p>\n\n\t\t\t\t\t\t\t\t\t\t\n                                    <div class=\"rh_prop_card__meta_wrap_elementor\">\n\t\t                                    <div class=\"rh_prop_card_meta_wrap_stylish\">\n\t\t        <div class=\"rh_prop_card__meta\" style=\"order: 1\">\n\t\t\t\t\t\t\t<span class=\"rhea_meta_titles\">Dormitorios<\/span>                <div class=\"rhea_meta_icon_wrapper\">\n\t\t\t\t\t<img decoding=\"async\" class=\"custom-meta-icon custom-meta-icon-image\" src=\"https:\/\/www.lucasfroeserealestate.com\/wp-content\/uploads\/2024\/09\/schlafzimmer-immobilien-mallorca-02.png\" alt=\"Icono meta de la propiedad Habitaciones.\" title=\"\">\t\t\t\t\t<span class=\"figure\">3<\/span>\t\t\t\t\t                <\/div>\n\t\t\t        <\/div>\n\t\t        <div class=\"rh_prop_card__meta\" style=\"order: 2\">\n\t\t\t\t\t\t\t<span class=\"rhea_meta_titles\">Ba\u00f1os<\/span>                <div class=\"rhea_meta_icon_wrapper\">\n\t\t\t\t\t<img decoding=\"async\" class=\"custom-meta-icon custom-meta-icon-image\" src=\"https:\/\/www.lucasfroeserealestate.com\/wp-content\/uploads\/2024\/09\/badezimmer-immobilien-mallorca.png\" alt=\"Icono meta de la propiedad Cuartos de ba\u00f1o.\" title=\"\">\t\t\t\t\t<span class=\"figure\">1<\/span>\t\t\t\t\t                <\/div>\n\t\t\t        <\/div>\n\t\t        <div class=\"rh_prop_card__meta\" style=\"order: 3\">\n\t\t\t\t\t\t\t<span class=\"rhea_meta_titles\">Zona<\/span>                <div class=\"rhea_meta_icon_wrapper\">\n\t\t\t\t\t<img decoding=\"async\" class=\"custom-meta-icon custom-meta-icon-image\" src=\"https:\/\/www.lucasfroeserealestate.com\/wp-content\/uploads\/2024\/09\/wohnflaeche-immobilien-mallorca.png\" alt=\"Icono meta de la propiedad Tama\u00f1o del \u00c1rea.\" title=\"\">\t\t\t\t\t<span class=\"figure\">90<\/span>\t\t\t\t\t                <\/div>\n\t\t\t        <\/div>\n\t\t    <\/div>\n\t                                    <\/div>\n\n                                    <div class=\"rh_prop_card__priceLabel \">\n                                        <div class=\"rhea_property_price_box\">\n                                            <span class=\"rh_prop_card__status\">\n                                                Alquiler                                            <\/span>\n                                            <p class=\"rh_prop_card__price \">\n\t\t\t\t                                Precio a consultar                                            <\/p>\n                                        <\/div>\n\t\t                                                                            <div class=\"rhea_rvr_ratings rvr_rating_right\">\n\t\t\t\t                                                                            <\/div>\n\t\t                                                                    <\/div>\n\n                                <\/div>\n\n                            <\/div>\n\n                        <\/article>\n\n                    <\/div>\n\t\t\t\t\t                    <div class=\"wrapper_properties_ele\">\n\n                        <article class=\"rh_prop_card_elementor\">\n\n                            <div class=\"rh_prop_card__wrap\">\n\n\t\t\t\t\t\t\t\t\n                                <figure class=\"rh_prop_card__thumbnail\">\n                                    <div class=\"rhea_figure_property_one\">\n                                        <div class=\"rhea_top_tags_box\">\n\t\t\t\t\t\t\t\t\t\t\t                                        <\/div>\n\n\t                                    \n                                        <a href=\"https:\/\/www.lucasfroeserealestate.com\/es\/immobilien\/vista-al-mar-y-musa-escondite-creativo-en-porto-cristo\/\">\n\t\t\t\t\t\t\t\t\t\t\t<img decoding=\"async\" width=\"488\" height=\"326\" src=\"https:\/\/www.lucasfroeserealestate.com\/wp-content\/uploads\/2026\/04\/LF0873-wohnung-portocristo-kaufen-12-488x326.jpg\" class=\"attachment-property-thumb-image size-property-thumb-image wp-post-image\" alt=\"Immobilien Porto Cristo Wohnung kaufen\" loading=\"eager\" title=\"\">                                        <\/a>\n\n                                        <div class=\"rh_overlay\"><\/div>\n                                        <div class=\"rh_overlay__contents rh_overlay__fadeIn-bottom\">\n                                            <a href=\"https:\/\/www.lucasfroeserealestate.com\/es\/immobilien\/vista-al-mar-y-musa-escondite-creativo-en-porto-cristo\/\">Ver propiedad                                            <\/a>\n                                        <\/div>\n\t\t\t\t\t\t\t\t\t\t\n                                    <\/div>\n\n                                    <div class=\"rh_prop_card__btns\">\n\t\t\t\t\t\t\t\t\t\t                    <span class=\"favorite-btn-wrap favorite-btn-83085\">\n\t\t\t\t\t\t\t<span class=\"favorite-placeholder highlight__red hide user_not_logged_in\" data-propertyid=\"83085\"  data-tooltip=\"A\u00f1adido a favoritos\" >\n\t\t\t\t\t\t\t\t<svg xmlns=\"http:\/\/www.w3.org\/2000\/svg\" width=\"24\" height=\"24\" viewBox=\"0 0 24 21\">\n  <path class=\"rh_svg\" d=\"M1089.48,1923.98a6.746,6.746,0,0,1,9.54,9.54L1089,1943l-10.02-9.48a6.746,6.746,0,0,1,9.54-9.54A0.641,0.641,0,0,0,1089.48,1923.98Z\" transform=\"translate(-1077 -1922)\"\/>\n<\/svg>\t\t\t\t\t\t\t<\/span>\n\t\t\t\t\t\t\t<a href=\"#\" class=\"favorite add-to-favorite user_not_logged_in\" data-propertyid=\"83085\"  data-tooltip=\"A\u00f1adir a favoritos\" >\n\t\t\t\t\t\t\t\t<svg xmlns=\"http:\/\/www.w3.org\/2000\/svg\" width=\"24\" height=\"24\" viewBox=\"0 0 24 21\">\n  <path class=\"rh_svg\" d=\"M1089.48,1923.98a6.746,6.746,0,0,1,9.54,9.54L1089,1943l-10.02-9.48a6.746,6.746,0,0,1,9.54-9.54A0.641,0.641,0,0,0,1089.48,1923.98Z\" transform=\"translate(-1077 -1922)\"\/>\n<\/svg>\t\t\t\t\t\t\t<\/a>\n\t\t\t\t\t\t<\/span>\n\t\t\t\t\t                                    <\/div>\n                                <\/figure>\n\n                                <div class=\"rh_prop_card__details_elementor\">\n\n                                    <h3><a href=\"https:\/\/www.lucasfroeserealestate.com\/es\/immobilien\/vista-al-mar-y-musa-escondite-creativo-en-porto-cristo\/\">Vista al mar y musa - Escondite creativo en Porto Cristo<\/a><\/h3>\n\n\t\t\t\t\t\t\t\t\t\n                                        <p class=\"rh_prop_card__excerpt\">Estudio \u00e1tico - Retiro creativo con vistas al mar en&hellip;<\/p>\n\n\t\t\t\t\t\t\t\t\t\t\n                                    <div class=\"rh_prop_card__meta_wrap_elementor\">\n\t\t                                    <div class=\"rh_prop_card_meta_wrap_stylish\">\n\t\t        <div class=\"rh_prop_card__meta\" style=\"order: 1\">\n\t\t\t\t\t\t\t<span class=\"rhea_meta_titles\">Dormitorios<\/span>                <div class=\"rhea_meta_icon_wrapper\">\n\t\t\t\t\t<img decoding=\"async\" class=\"custom-meta-icon custom-meta-icon-image\" src=\"https:\/\/www.lucasfroeserealestate.com\/wp-content\/uploads\/2024\/09\/schlafzimmer-immobilien-mallorca-02.png\" alt=\"Icono meta de la propiedad Habitaciones.\" title=\"\">\t\t\t\t\t<span class=\"figure\">3<\/span>\t\t\t\t\t                <\/div>\n\t\t\t        <\/div>\n\t\t        <div class=\"rh_prop_card__meta\" style=\"order: 2\">\n\t\t\t\t\t\t\t<span class=\"rhea_meta_titles\">Ba\u00f1os<\/span>                <div class=\"rhea_meta_icon_wrapper\">\n\t\t\t\t\t<img decoding=\"async\" class=\"custom-meta-icon custom-meta-icon-image\" src=\"https:\/\/www.lucasfroeserealestate.com\/wp-content\/uploads\/2024\/09\/badezimmer-immobilien-mallorca.png\" alt=\"Icono meta de la propiedad Cuartos de ba\u00f1o.\" title=\"\">\t\t\t\t\t<span class=\"figure\">1<\/span>\t\t\t\t\t                <\/div>\n\t\t\t        <\/div>\n\t\t        <div class=\"rh_prop_card__meta\" style=\"order: 3\">\n\t\t\t\t\t\t\t<span class=\"rhea_meta_titles\">Zona<\/span>                <div class=\"rhea_meta_icon_wrapper\">\n\t\t\t\t\t<img decoding=\"async\" class=\"custom-meta-icon custom-meta-icon-image\" src=\"https:\/\/www.lucasfroeserealestate.com\/wp-content\/uploads\/2024\/09\/wohnflaeche-immobilien-mallorca.png\" alt=\"Icono meta de la propiedad Tama\u00f1o del \u00c1rea.\" title=\"\">\t\t\t\t\t<span class=\"figure\">85<\/span>\t\t\t\t\t                <\/div>\n\t\t\t        <\/div>\n\t\t    <\/div>\n\t                                    <\/div>\n\n                                    <div class=\"rh_prop_card__priceLabel \">\n                                        <div class=\"rhea_property_price_box\">\n                                            <span class=\"rh_prop_card__status\">\n                                                Precio                                            <\/span>\n                                            <p class=\"rh_prop_card__price \">\n\t\t\t\t                                 275.000\u20ac                                             <\/p>\n                                        <\/div>\n\t\t                                                                            <div class=\"rhea_rvr_ratings rvr_rating_right\">\n\t\t\t\t                                                                            <\/div>\n\t\t                                                                    <\/div>\n\n                                <\/div>\n\n                            <\/div>\n\n                        <\/article>\n\n                    <\/div>\n\t\t\t\t\t                    <div class=\"wrapper_properties_ele\">\n\n                        <article class=\"rh_prop_card_elementor\">\n\n                            <div class=\"rh_prop_card__wrap\">\n\n\t\t\t\t\t\t\t\t\n                                <figure class=\"rh_prop_card__thumbnail\">\n                                    <div class=\"rhea_figure_property_one\">\n                                        <div class=\"rhea_top_tags_box\">\n\t\t\t\t\t\t\t\t\t\t\t                                        <\/div>\n\n\t                                    \n                                        <a href=\"https:\/\/www.lucasfroeserealestate.com\/es\/immobilien\/gran-piso-con-garaje-y-buena-accesibilidad\/\">\n\t\t\t\t\t\t\t\t\t\t\t<img decoding=\"async\" width=\"488\" height=\"326\" src=\"https:\/\/www.lucasfroeserealestate.com\/wp-content\/uploads\/2026\/04\/Wohnung-mit-garage-in-Felanitx-488x326.jpg\" class=\"attachment-property-thumb-image size-property-thumb-image wp-post-image\" alt=\"Wohnbereich Wohnung Felanitx\" srcset=\"https:\/\/www.lucasfroeserealestate.com\/wp-content\/uploads\/2026\/04\/Wohnung-mit-garage-in-Felanitx-488x326.jpg 488w, https:\/\/www.lucasfroeserealestate.com\/wp-content\/uploads\/2026\/04\/Wohnung-mit-garage-in-Felanitx-300x200.jpg 300w, https:\/\/www.lucasfroeserealestate.com\/wp-content\/uploads\/2026\/04\/Wohnung-mit-garage-in-Felanitx-1024x682.jpg 1024w, https:\/\/www.lucasfroeserealestate.com\/wp-content\/uploads\/2026\/04\/Wohnung-mit-garage-in-Felanitx-768x512.jpg 768w, https:\/\/www.lucasfroeserealestate.com\/wp-content\/uploads\/2026\/04\/Wohnung-mit-garage-in-Felanitx-1536x1024.jpg 1536w, https:\/\/www.lucasfroeserealestate.com\/wp-content\/uploads\/2026\/04\/Wohnung-mit-garage-in-Felanitx-2048x1365.jpg 2048w, https:\/\/www.lucasfroeserealestate.com\/wp-content\/uploads\/2026\/04\/Wohnung-mit-garage-in-Felanitx-150x100.jpg 150w\" sizes=\"(max-width: 488px) 100vw, 488px\" loading=\"eager\" title=\"\">                                        <\/a>\n\n                                        <div class=\"rh_overlay\"><\/div>\n                                        <div class=\"rh_overlay__contents rh_overlay__fadeIn-bottom\">\n                                            <a href=\"https:\/\/www.lucasfroeserealestate.com\/es\/immobilien\/gran-piso-con-garaje-y-buena-accesibilidad\/\">Ver propiedad                                            <\/a>\n                                        <\/div>\n\t\t\t\t\t\t\t\t\t\t\n                                    <\/div>\n\n                                    <div class=\"rh_prop_card__btns\">\n\t\t\t\t\t\t\t\t\t\t                    <span class=\"favorite-btn-wrap favorite-btn-82913\">\n\t\t\t\t\t\t\t<span class=\"favorite-placeholder highlight__red hide user_not_logged_in\" data-propertyid=\"82913\"  data-tooltip=\"A\u00f1adido a favoritos\" >\n\t\t\t\t\t\t\t\t<svg xmlns=\"http:\/\/www.w3.org\/2000\/svg\" width=\"24\" height=\"24\" viewBox=\"0 0 24 21\">\n  <path class=\"rh_svg\" d=\"M1089.48,1923.98a6.746,6.746,0,0,1,9.54,9.54L1089,1943l-10.02-9.48a6.746,6.746,0,0,1,9.54-9.54A0.641,0.641,0,0,0,1089.48,1923.98Z\" transform=\"translate(-1077 -1922)\"\/>\n<\/svg>\t\t\t\t\t\t\t<\/span>\n\t\t\t\t\t\t\t<a href=\"#\" class=\"favorite add-to-favorite user_not_logged_in\" data-propertyid=\"82913\"  data-tooltip=\"A\u00f1adir a favoritos\" >\n\t\t\t\t\t\t\t\t<svg xmlns=\"http:\/\/www.w3.org\/2000\/svg\" width=\"24\" height=\"24\" viewBox=\"0 0 24 21\">\n  <path class=\"rh_svg\" d=\"M1089.48,1923.98a6.746,6.746,0,0,1,9.54,9.54L1089,1943l-10.02-9.48a6.746,6.746,0,0,1,9.54-9.54A0.641,0.641,0,0,0,1089.48,1923.98Z\" transform=\"translate(-1077 -1922)\"\/>\n<\/svg>\t\t\t\t\t\t\t<\/a>\n\t\t\t\t\t\t<\/span>\n\t\t\t\t\t                                    <\/div>\n                                <\/figure>\n\n                                <div class=\"rh_prop_card__details_elementor\">\n\n                                    <h3><a href=\"https:\/\/www.lucasfroeserealestate.com\/es\/immobilien\/gran-piso-con-garaje-y-buena-accesibilidad\/\">Gran piso con garaje y buena accesibilidad<\/a><\/h3>\n\n\t\t\t\t\t\t\t\t\t\n                                        <p class=\"rh_prop_card__excerpt\">Se trata de un piso en la segunda planta. Tiene&hellip;<\/p>\n\n\t\t\t\t\t\t\t\t\t\t\n                                    <div class=\"rh_prop_card__meta_wrap_elementor\">\n\t\t                                    <div class=\"rh_prop_card_meta_wrap_stylish\">\n\t\t        <div class=\"rh_prop_card__meta\" style=\"order: 1\">\n\t\t\t\t\t\t\t<span class=\"rhea_meta_titles\">Dormitorios<\/span>                <div class=\"rhea_meta_icon_wrapper\">\n\t\t\t\t\t<img decoding=\"async\" class=\"custom-meta-icon custom-meta-icon-image\" src=\"https:\/\/www.lucasfroeserealestate.com\/wp-content\/uploads\/2024\/09\/schlafzimmer-immobilien-mallorca-02.png\" alt=\"Icono meta de la propiedad Habitaciones.\" title=\"\">\t\t\t\t\t<span class=\"figure\">4<\/span>\t\t\t\t\t                <\/div>\n\t\t\t        <\/div>\n\t\t        <div class=\"rh_prop_card__meta\" style=\"order: 2\">\n\t\t\t\t\t\t\t<span class=\"rhea_meta_titles\">Ba\u00f1os<\/span>                <div class=\"rhea_meta_icon_wrapper\">\n\t\t\t\t\t<img decoding=\"async\" class=\"custom-meta-icon custom-meta-icon-image\" src=\"https:\/\/www.lucasfroeserealestate.com\/wp-content\/uploads\/2024\/09\/badezimmer-immobilien-mallorca.png\" alt=\"Icono meta de la propiedad Cuartos de ba\u00f1o.\" title=\"\">\t\t\t\t\t<span class=\"figure\">2<\/span>\t\t\t\t\t                <\/div>\n\t\t\t        <\/div>\n\t\t        <div class=\"rh_prop_card__meta\" style=\"order: 3\">\n\t\t\t\t\t\t\t<span class=\"rhea_meta_titles\">Zona<\/span>                <div class=\"rhea_meta_icon_wrapper\">\n\t\t\t\t\t<img decoding=\"async\" class=\"custom-meta-icon custom-meta-icon-image\" src=\"https:\/\/www.lucasfroeserealestate.com\/wp-content\/uploads\/2024\/09\/wohnflaeche-immobilien-mallorca.png\" alt=\"Icono meta de la propiedad Tama\u00f1o del \u00c1rea.\" title=\"\">\t\t\t\t\t<span class=\"figure\">191<\/span>\t\t\t\t\t                <\/div>\n\t\t\t        <\/div>\n\t\t    <\/div>\n\t                                    <\/div>\n\n                                    <div class=\"rh_prop_card__priceLabel \">\n                                        <div class=\"rhea_property_price_box\">\n                                            <span class=\"rh_prop_card__status\">\n                                                Precio                                            <\/span>\n                                            <p class=\"rh_prop_card__price \">\n\t\t\t\t                                 400.000\u20ac                                             <\/p>\n                                        <\/div>\n\t\t                                                                            <div class=\"rhea_rvr_ratings rvr_rating_right\">\n\t\t\t\t                                                                            <\/div>\n\t\t                                                                    <\/div>\n\n                                <\/div>\n\n                            <\/div>\n\n                        <\/article>\n\n                    <\/div>\n\t\t\t\t\t                    <div class=\"wrapper_properties_ele\">\n\n                        <article class=\"rh_prop_card_elementor\">\n\n                            <div class=\"rh_prop_card__wrap\">\n\n\t\t\t\t\t\t\t\t\n                                <figure class=\"rh_prop_card__thumbnail\">\n                                    <div class=\"rhea_figure_property_one\">\n                                        <div class=\"rhea_top_tags_box\">\n\t\t\t\t\t\t\t\t\t\t\t                                        <\/div>\n\n\t                                    \n                                        <a href=\"https:\/\/www.lucasfroeserealestate.com\/es\/immobilien\/parcela-agricola-en-felanitx-con-garaje-trastero-edificabilidad-disponible\/\">\n\t\t\t\t\t\t\t\t\t\t\t<img decoding=\"async\" width=\"488\" height=\"326\" src=\"https:\/\/www.lucasfroeserealestate.com\/wp-content\/uploads\/2026\/04\/Gartentiefe-488x326.jpg\" class=\"attachment-property-thumb-image size-property-thumb-image wp-post-image\" alt=\"\" loading=\"eager\" title=\"\">                                        <\/a>\n\n                                        <div class=\"rh_overlay\"><\/div>\n                                        <div class=\"rh_overlay__contents rh_overlay__fadeIn-bottom\">\n                                            <a href=\"https:\/\/www.lucasfroeserealestate.com\/es\/immobilien\/parcela-agricola-en-felanitx-con-garaje-trastero-edificabilidad-disponible\/\">Ver propiedad                                            <\/a>\n                                        <\/div>\n\t\t\t\t\t\t\t\t\t\t\n                                    <\/div>\n\n                                    <div class=\"rh_prop_card__btns\">\n\t\t\t\t\t\t\t\t\t\t                    <span class=\"favorite-btn-wrap favorite-btn-82875\">\n\t\t\t\t\t\t\t<span class=\"favorite-placeholder highlight__red hide user_not_logged_in\" data-propertyid=\"82875\"  data-tooltip=\"A\u00f1adido a favoritos\" >\n\t\t\t\t\t\t\t\t<svg xmlns=\"http:\/\/www.w3.org\/2000\/svg\" width=\"24\" height=\"24\" viewBox=\"0 0 24 21\">\n  <path class=\"rh_svg\" d=\"M1089.48,1923.98a6.746,6.746,0,0,1,9.54,9.54L1089,1943l-10.02-9.48a6.746,6.746,0,0,1,9.54-9.54A0.641,0.641,0,0,0,1089.48,1923.98Z\" transform=\"translate(-1077 -1922)\"\/>\n<\/svg>\t\t\t\t\t\t\t<\/span>\n\t\t\t\t\t\t\t<a href=\"#\" class=\"favorite add-to-favorite user_not_logged_in\" data-propertyid=\"82875\"  data-tooltip=\"A\u00f1adir a favoritos\" >\n\t\t\t\t\t\t\t\t<svg xmlns=\"http:\/\/www.w3.org\/2000\/svg\" width=\"24\" height=\"24\" viewBox=\"0 0 24 21\">\n  <path class=\"rh_svg\" d=\"M1089.48,1923.98a6.746,6.746,0,0,1,9.54,9.54L1089,1943l-10.02-9.48a6.746,6.746,0,0,1,9.54-9.54A0.641,0.641,0,0,0,1089.48,1923.98Z\" transform=\"translate(-1077 -1922)\"\/>\n<\/svg>\t\t\t\t\t\t\t<\/a>\n\t\t\t\t\t\t<\/span>\n\t\t\t\t\t                                    <\/div>\n                                <\/figure>\n\n                                <div class=\"rh_prop_card__details_elementor\">\n\n                                    <h3><a href=\"https:\/\/www.lucasfroeserealestate.com\/es\/immobilien\/parcela-agricola-en-felanitx-con-garaje-trastero-edificabilidad-disponible\/\">Finca agr\u00edcola en Felanitx con garaje\/trastero y opci\u00f3n residencial<\/a><\/h3>\n\n\t\t\t\t\t\t\t\t\t\n                                        <p class=\"rh_prop_card__excerpt\">Esta propiedad de 823 m\u00b2 en Felanitx ofrece m\u00e1s de&hellip;<\/p>\n\n\t\t\t\t\t\t\t\t\t\t\n                                    <div class=\"rh_prop_card__meta_wrap_elementor\">\n\t\t                                    <div class=\"rh_prop_card_meta_wrap_stylish\">\n\t\t        <div class=\"rh_prop_card__meta\" style=\"order: 2\">\n\t\t\t\t\t\t\t<span class=\"rhea_meta_titles\">Ba\u00f1os<\/span>                <div class=\"rhea_meta_icon_wrapper\">\n\t\t\t\t\t<img decoding=\"async\" class=\"custom-meta-icon custom-meta-icon-image\" src=\"https:\/\/www.lucasfroeserealestate.com\/wp-content\/uploads\/2024\/09\/badezimmer-immobilien-mallorca.png\" alt=\"Icono meta de la propiedad Cuartos de ba\u00f1o.\" title=\"\">\t\t\t\t\t<span class=\"figure\">1<\/span>\t\t\t\t\t                <\/div>\n\t\t\t        <\/div>\n\t\t        <div class=\"rh_prop_card__meta\" style=\"order: 3\">\n\t\t\t\t\t\t\t<span class=\"rhea_meta_titles\">Zona<\/span>                <div class=\"rhea_meta_icon_wrapper\">\n\t\t\t\t\t<img decoding=\"async\" class=\"custom-meta-icon custom-meta-icon-image\" src=\"https:\/\/www.lucasfroeserealestate.com\/wp-content\/uploads\/2024\/09\/wohnflaeche-immobilien-mallorca.png\" alt=\"Icono meta de la propiedad Tama\u00f1o del \u00c1rea.\" title=\"\">\t\t\t\t\t<span class=\"figure\">133<\/span>\t\t\t\t\t<span class=\"label\">m2<\/span>                <\/div>\n\t\t\t        <\/div>\n\t\t    <\/div>\n\t                                    <\/div>\n\n                                    <div class=\"rh_prop_card__priceLabel \">\n                                        <div class=\"rhea_property_price_box\">\n                                            <span class=\"rh_prop_card__status\">\n                                                Precio                                            <\/span>\n                                            <p class=\"rh_prop_card__price \">\n\t\t\t\t                                 180.000\u20ac                                             <\/p>\n                                        <\/div>\n\t\t                                                                            <div class=\"rhea_rvr_ratings rvr_rating_right\">\n\t\t\t\t                                                                            <\/div>\n\t\t                                                                    <\/div>\n\n                                <\/div>\n\n                            <\/div>\n\n                        <\/article>\n\n                    <\/div>\n\t\t\t\t\t                    <div class=\"wrapper_properties_ele\">\n\n                        <article class=\"rh_prop_card_elementor\">\n\n                            <div class=\"rh_prop_card__wrap\">\n\n\t\t\t\t\t\t\t\t\n                                <figure class=\"rh_prop_card__thumbnail\">\n                                    <div class=\"rhea_figure_property_one\">\n                                        <div class=\"rhea_top_tags_box\">\n\t\t\t\t\t\t\t\t\t\t\t                                        <\/div>\n\n\t                                    \n                                        <a href=\"https:\/\/www.lucasfroeserealestate.com\/es\/immobilien\/casa-adosada-historica-reformada-en-campos-con-garaje-ascensor-y-gran-bodega\/\">\n\t\t\t\t\t\t\t\t\t\t\t<img decoding=\"async\" width=\"488\" height=\"326\" src=\"https:\/\/www.lucasfroeserealestate.com\/wp-content\/uploads\/2026\/03\/Historisches-renoviertes-Stadthaus-in-Campos-mit-Garage-16-488x326.jpg\" class=\"attachment-property-thumb-image size-property-thumb-image wp-post-image\" alt=\"\" srcset=\"https:\/\/www.lucasfroeserealestate.com\/wp-content\/uploads\/2026\/03\/Historisches-renoviertes-Stadthaus-in-Campos-mit-Garage-16-488x326.jpg 488w, https:\/\/www.lucasfroeserealestate.com\/wp-content\/uploads\/2026\/03\/Historisches-renoviertes-Stadthaus-in-Campos-mit-Garage-16-300x200.jpg 300w, https:\/\/www.lucasfroeserealestate.com\/wp-content\/uploads\/2026\/03\/Historisches-renoviertes-Stadthaus-in-Campos-mit-Garage-16-1024x683.jpg 1024w, https:\/\/www.lucasfroeserealestate.com\/wp-content\/uploads\/2026\/03\/Historisches-renoviertes-Stadthaus-in-Campos-mit-Garage-16-768x512.jpg 768w, https:\/\/www.lucasfroeserealestate.com\/wp-content\/uploads\/2026\/03\/Historisches-renoviertes-Stadthaus-in-Campos-mit-Garage-16-1536x1024.jpg 1536w, https:\/\/www.lucasfroeserealestate.com\/wp-content\/uploads\/2026\/03\/Historisches-renoviertes-Stadthaus-in-Campos-mit-Garage-16-2048x1366.jpg 2048w, https:\/\/www.lucasfroeserealestate.com\/wp-content\/uploads\/2026\/03\/Historisches-renoviertes-Stadthaus-in-Campos-mit-Garage-16-150x100.jpg 150w\" sizes=\"(max-width: 488px) 100vw, 488px\" loading=\"eager\" title=\"\">                                        <\/a>\n\n                                        <div class=\"rh_overlay\"><\/div>\n                                        <div class=\"rh_overlay__contents rh_overlay__fadeIn-bottom\">\n                                            <a href=\"https:\/\/www.lucasfroeserealestate.com\/es\/immobilien\/casa-adosada-historica-reformada-en-campos-con-garaje-ascensor-y-gran-bodega\/\">Ver propiedad                                            <\/a>\n                                        <\/div>\n\t\t\t\t\t\t\t\t\t\t\n                                    <\/div>\n\n                                    <div class=\"rh_prop_card__btns\">\n\t\t\t\t\t\t\t\t\t\t                    <span class=\"favorite-btn-wrap favorite-btn-82023\">\n\t\t\t\t\t\t\t<span class=\"favorite-placeholder highlight__red hide user_not_logged_in\" data-propertyid=\"82023\"  data-tooltip=\"A\u00f1adido a favoritos\" >\n\t\t\t\t\t\t\t\t<svg xmlns=\"http:\/\/www.w3.org\/2000\/svg\" width=\"24\" height=\"24\" viewBox=\"0 0 24 21\">\n  <path class=\"rh_svg\" d=\"M1089.48,1923.98a6.746,6.746,0,0,1,9.54,9.54L1089,1943l-10.02-9.48a6.746,6.746,0,0,1,9.54-9.54A0.641,0.641,0,0,0,1089.48,1923.98Z\" transform=\"translate(-1077 -1922)\"\/>\n<\/svg>\t\t\t\t\t\t\t<\/span>\n\t\t\t\t\t\t\t<a href=\"#\" class=\"favorite add-to-favorite user_not_logged_in\" data-propertyid=\"82023\"  data-tooltip=\"A\u00f1adir a favoritos\" >\n\t\t\t\t\t\t\t\t<svg xmlns=\"http:\/\/www.w3.org\/2000\/svg\" width=\"24\" height=\"24\" viewBox=\"0 0 24 21\">\n  <path class=\"rh_svg\" d=\"M1089.48,1923.98a6.746,6.746,0,0,1,9.54,9.54L1089,1943l-10.02-9.48a6.746,6.746,0,0,1,9.54-9.54A0.641,0.641,0,0,0,1089.48,1923.98Z\" transform=\"translate(-1077 -1922)\"\/>\n<\/svg>\t\t\t\t\t\t\t<\/a>\n\t\t\t\t\t\t<\/span>\n\t\t\t\t\t                                    <\/div>\n                                <\/figure>\n\n                                <div class=\"rh_prop_card__details_elementor\">\n\n                                    <h3><a href=\"https:\/\/www.lucasfroeserealestate.com\/es\/immobilien\/casa-adosada-historica-reformada-en-campos-con-garaje-ascensor-y-gran-bodega\/\">Casa adosada hist\u00f3rica reformada en Campos con garaje, ascensor y gran bodega<\/a><\/h3>\n\n\t\t\t\t\t\t\t\t\t\n                                        <p class=\"rh_prop_card__excerpt\">Esta excepcional casa de pueblo es una fusi\u00f3n perfecta del&hellip;<\/p>\n\n\t\t\t\t\t\t\t\t\t\t\n                                    <div class=\"rh_prop_card__meta_wrap_elementor\">\n\t\t                                    <div class=\"rh_prop_card_meta_wrap_stylish\">\n\t\t        <div class=\"rh_prop_card__meta\" style=\"order: 1\">\n\t\t\t\t\t\t\t<span class=\"rhea_meta_titles\">Dormitorios<\/span>                <div class=\"rhea_meta_icon_wrapper\">\n\t\t\t\t\t<img decoding=\"async\" class=\"custom-meta-icon custom-meta-icon-image\" src=\"https:\/\/www.lucasfroeserealestate.com\/wp-content\/uploads\/2024\/09\/schlafzimmer-immobilien-mallorca-02.png\" alt=\"Icono meta de la propiedad Habitaciones.\" title=\"\">\t\t\t\t\t<span class=\"figure\">4<\/span>\t\t\t\t\t                <\/div>\n\t\t\t        <\/div>\n\t\t        <div class=\"rh_prop_card__meta\" style=\"order: 2\">\n\t\t\t\t\t\t\t<span class=\"rhea_meta_titles\">Ba\u00f1os<\/span>                <div class=\"rhea_meta_icon_wrapper\">\n\t\t\t\t\t<img decoding=\"async\" class=\"custom-meta-icon custom-meta-icon-image\" src=\"https:\/\/www.lucasfroeserealestate.com\/wp-content\/uploads\/2024\/09\/badezimmer-immobilien-mallorca.png\" alt=\"Icono meta de la propiedad Cuartos de ba\u00f1o.\" title=\"\">\t\t\t\t\t<span class=\"figure\">3<\/span>\t\t\t\t\t                <\/div>\n\t\t\t        <\/div>\n\t\t        <div class=\"rh_prop_card__meta\" style=\"order: 3\">\n\t\t\t\t\t\t\t<span class=\"rhea_meta_titles\">Zona<\/span>                <div class=\"rhea_meta_icon_wrapper\">\n\t\t\t\t\t<img decoding=\"async\" class=\"custom-meta-icon custom-meta-icon-image\" src=\"https:\/\/www.lucasfroeserealestate.com\/wp-content\/uploads\/2024\/09\/wohnflaeche-immobilien-mallorca.png\" alt=\"Icono meta de la propiedad Tama\u00f1o del \u00c1rea.\" title=\"\">\t\t\t\t\t<span class=\"figure\">415<\/span>\t\t\t\t\t                <\/div>\n\t\t\t        <\/div>\n\t\t    <\/div>\n\t                                    <\/div>\n\n                                    <div class=\"rh_prop_card__priceLabel \">\n                                        <div class=\"rhea_property_price_box\">\n                                            <span class=\"rh_prop_card__status\">\n                                                Precio                                            <\/span>\n                                            <p class=\"rh_prop_card__price \">\n\t\t\t\t                                 1.980.000\u20ac                                             <\/p>\n                                        <\/div>\n\t\t                                                                            <div class=\"rhea_rvr_ratings rvr_rating_right\">\n\t\t\t\t                                                                            <\/div>\n\t\t                                                                    <\/div>\n\n                                <\/div>\n\n                            <\/div>\n\n                        <\/article>\n\n                    <\/div>\n\t\t\t\t\t                <\/div>                <div class=\"rhea_svg_loader\">\n\t\t\t\t\t<svg xmlns=\"http:\/\/www.w3.org\/2000\/svg\" viewBox=\"0 0 32 32\" width=\"32\" height=\"32\" fill=\"#dedede\">\n  <path transform=\"translate(2)\" d=\"M0 12 V20 H4 V12z\"> \n    <animate attributeName=\"d\" values=\"M0 12 V20 H4 V12z; M0 4 V28 H4 V4z; M0 12 V20 H4 V12z; M0 12 V20 H4 V12z\" dur=\"1.2s\" repeatCount=\"indefinite\" begin=\"0\" keytimes=\"0;.2;.5;1\" keySplines=\"0.2 0.2 0.4 0.8;0.2 0.6 0.4 0.8;0.2 0.8 0.4 0.8\" calcMode=\"spline\"  \/>\n  <\/path>\n  <path transform=\"translate(8)\" d=\"M0 12 V20 H4 V12z\">\n    <animate attributeName=\"d\" values=\"M0 12 V20 H4 V12z; M0 4 V28 H4 V4z; M0 12 V20 H4 V12z; M0 12 V20 H4 V12z\" dur=\"1.2s\" repeatCount=\"indefinite\" begin=\"0.2\" keytimes=\"0;.2;.5;1\" keySplines=\"0.2 0.2 0.4 0.8;0.2 0.6 0.4 0.8;0.2 0.8 0.4 0.8\" calcMode=\"spline\"  \/>\n  <\/path>\n  <path transform=\"translate(14)\" d=\"M0 12 V20 H4 V12z\">\n    <animate attributeName=\"d\" values=\"M0 12 V20 H4 V12z; M0 4 V28 H4 V4z; M0 12 V20 H4 V12z; M0 12 V20 H4 V12z\" dur=\"1.2s\" repeatCount=\"indefinite\" begin=\"0.4\" keytimes=\"0;.2;.5;1\" keySplines=\"0.2 0.2 0.4 0.8;0.2 0.6 0.4 0.8;0.2 0.8 0.4 0.8\" calcMode=\"spline\" \/>\n  <\/path>\n  <path transform=\"translate(20)\" d=\"M0 12 V20 H4 V12z\">\n    <animate attributeName=\"d\" values=\"M0 12 V20 H4 V12z; M0 4 V28 H4 V4z; M0 12 V20 H4 V12z; M0 12 V20 H4 V12z\" dur=\"1.2s\" repeatCount=\"indefinite\" begin=\"0.6\" keytimes=\"0;.2;.5;1\" keySplines=\"0.2 0.2 0.4 0.8;0.2 0.6 0.4 0.8;0.2 0.8 0.4 0.8\" calcMode=\"spline\" \/>\n  <\/path>\n  <path transform=\"translate(26)\" d=\"M0 12 V20 H4 V12z\">\n    <animate attributeName=\"d\" values=\"M0 12 V20 H4 V12z; M0 4 V28 H4 V4z; M0 12 V20 H4 V12z; M0 12 V20 H4 V12z\" dur=\"1.2s\" repeatCount=\"indefinite\" begin=\"0.8\" keytimes=\"0;.2;.5;1\" keySplines=\"0.2 0.2 0.4 0.8;0.2 0.6 0.4 0.8;0.2 0.8 0.4 0.8\" calcMode=\"spline\" \/>\n  <\/path>\n<\/svg>\n                <\/div>\n\t\t\t\t<div class=\"rhea_pagination_wrapper rhea-listing-pagination-wrap\"><div class='pagination rhea-pagination-clean'><a href=\"https:\/\/www.lucasfroeserealestate.com\/es\/wp-json\/wp\/v2\/posts\/56918\/\" class=\"real-btn current\" data-page=\"1\">1<\/a><a rel=\"next\" href=\"https:\/\/www.lucasfroeserealestate.com\/es\/wp-json\/wp\/v2\/posts\/56918\/page\/2\/\" class=\"real-btn\" data-page=\"2\">2<\/a><a rel=\"next\" href=\"https:\/\/www.lucasfroeserealestate.com\/es\/wp-json\/wp\/v2\/posts\/56918\/page\/3\/\" class=\"real-btn\" data-page=\"3\">3<\/a><a rel=\"next\" href=\"https:\/\/www.lucasfroeserealestate.com\/es\/wp-json\/wp\/v2\/posts\/56918\/page\/4\/\" class=\"real-btn\" data-page=\"4\">4<\/a><a rel=\"next\" href=\"https:\/\/www.lucasfroeserealestate.com\/es\/wp-json\/wp\/v2\/posts\/56918\/page\/2\/\" class=\"real-btn real-btn-jump real-btn-next\" data-page=\"2\">Siguiente<\/a><a href=\"https:\/\/www.lucasfroeserealestate.com\/es\/wp-json\/wp\/v2\/posts\/56918\/page\/30\/\" class=\"real-btn real-btn-jump real-btn-last\" data-page=\"30\">\u00daltimo<\/a> <\/div><\/div>        <\/div>\n    <\/div>\n<\/div><!-- \/.rh_prop_card -->\n        <\/section>\n\t\t\t\t\t\t<\/div>\n\t\t\t\t<\/div>\n\t\t\t\t<div class=\"elementor-element elementor-element-1751d05 elementor-widget elementor-widget-rhea-ultra-featured-properties\" data-id=\"1751d05\" data-element_type=\"widget\" data-e-type=\"widget\" data-widget_type=\"rhea-ultra-featured-properties.default\">\n\t\t\t\t<div class=\"elementor-widget-container\">\n\t\t\t\t\t<div class=\"rhea-featured-properties-container\">\n\t    <div class=\"rhea-featured-properties-wrapper\">\n        <div id=\"rhea-featured-properties-1751d05\" class=\"rhea-featured-properties-carousel-inner\">\n\t\t\t                <div class=\"rhea-featured-properties-carousel-item \">\n                    <div class=\"rhea-featured-properties-property\">\n                        <div class=\"rhea-featured-properties-property-thumb\">\n                            <a href=\"https:\/\/www.lucasfroeserealestate.com\/es\/immobilien\/oportunidad-inversion-felanitx-finca-dos-casas-independientes\/\"><img decoding=\"async\" src=\"https:\/\/www.lucasfroeserealestate.com\/wp-content\/uploads\/2026\/02\/WhatsApp-Image-2026-02-17-at-2.33.58-AM-1-680x510.jpeg\" alt=\"EXCLUSIVA | Oportunidad de inversi\u00f3n en Felanitx - Edificio con dos residencias independientes\" title=\"\"><\/a>\n                        <\/div>\n                        <div class=\"rhea-featured-properties-property-content\">\n                            <h3 class=\"rhea-featured-properties-property-title\"><a href=\"https:\/\/www.lucasfroeserealestate.com\/es\/immobilien\/oportunidad-inversion-felanitx-finca-dos-casas-independientes\/\">EXCLUSIVA | Oportunidad de inversi\u00f3n en Felanitx - Edificio con dos residencias independientes<\/a><\/h3>\n\t\t\t\t\t\t\t                                    <a class=\"rhea_trigger_map rhea_facnybox_trigger-1751d05 \" data-rhea-map-source=\"rhea-map-source-1751d05\" data-rhea-map-location=\"39.467822616524,3.1452805330686,16\" data-rhea-map-title=\"EXCLUSIVA | Oportunidad de inversi\u00f3n en Felanitx - Edificio con dos residencias independientes\" data-rhea-map-price=\" 425.000\u20ac \" data-rhea-map-thumb=\"https:\/\/www.lucasfroeserealestate.com\/wp-content\/uploads\/2026\/02\/WhatsApp-Image-2026-02-17-at-2.33.58-AM-1-488x326.jpeg\" href=\"https:\/\/www.lucasfroeserealestate.com\/es\/immobilien\/oportunidad-inversion-felanitx-finca-dos-casas-independientes\/\">\n                                        <span class=\"rhea-featured-properties-property-address\">Felanitx, Mallorca, Illes Balears, Espa\u00f1a<\/span>\n                                    <\/a>\n\t\t\t\t\t\t\t\t\t    <div class=\"rh_prop_card_meta_wrap_ultra rh-ul-tooltip\">\n\t\t        <div class=\"rhea_ultra_prop_card__meta\" style=\"order: 1\">\n            <div class=\"rhea_ultra_meta_icon_wrapper\">\n                <span class=\"rhea_ultra_meta_icon\" title=\"Dormitorios\"><img decoding=\"async\" class=\"custom-meta-icon custom-meta-icon-image\" src=\"https:\/\/www.lucasfroeserealestate.com\/wp-content\/uploads\/2024\/09\/schlafzimmer-immobilien-mallorca-02.png\" alt=\"Icono meta de la propiedad Habitaciones.\" title=\"\"><\/span>\n                <div class=\"rhea_ultra_meta_box\">\n\t\t\t\t\t<span class=\"figure\">4<\/span>                 <\/div>\n            <\/div>\n        <\/div>\n\t\t        <div class=\"rhea_ultra_prop_card__meta\" style=\"order: 2\">\n            <div class=\"rhea_ultra_meta_icon_wrapper\">\n                <span class=\"rhea_ultra_meta_icon\" title=\"Ba\u00f1os\"><img decoding=\"async\" class=\"custom-meta-icon custom-meta-icon-image\" src=\"https:\/\/www.lucasfroeserealestate.com\/wp-content\/uploads\/2024\/09\/badezimmer-immobilien-mallorca.png\" alt=\"Icono meta de la propiedad Cuartos de ba\u00f1o.\" title=\"\"><\/span>\n                <div class=\"rhea_ultra_meta_box\">\n\t\t\t\t\t<span class=\"figure\">3<\/span>                 <\/div>\n            <\/div>\n        <\/div>\n\t\t        <div class=\"rhea_ultra_prop_card__meta\" style=\"order: 3\">\n            <div class=\"rhea_ultra_meta_icon_wrapper\">\n                <span class=\"rhea_ultra_meta_icon\" title=\"Zona\"><img decoding=\"async\" class=\"custom-meta-icon custom-meta-icon-image\" src=\"https:\/\/www.lucasfroeserealestate.com\/wp-content\/uploads\/2024\/09\/wohnflaeche-immobilien-mallorca.png\" alt=\"Icono meta de la propiedad Tama\u00f1o del \u00c1rea.\" title=\"\"><\/span>\n                <div class=\"rhea_ultra_meta_box\">\n\t\t\t\t\t<span class=\"figure\">213<\/span>                 <\/div>\n            <\/div>\n        <\/div>\n\t\t        <div class=\"rhea_ultra_prop_card__meta\" style=\"order: 4\">\n            <div class=\"rhea_ultra_meta_icon_wrapper\">\n                <span class=\"rhea_ultra_meta_icon\" title=\"A\u00f1adir etiqueta\"><img decoding=\"async\" class=\"custom-meta-icon custom-meta-icon-image\" src=\"https:\/\/www.lucasfroeserealestate.com\/wp-content\/uploads\/2024\/09\/grundstueck-flaeche-immobilien.png\" alt=\"Icono meta de la propiedad Tama\u00f1o del Lote.\" title=\"\"><\/span>\n                <div class=\"rhea_ultra_meta_box\">\n\t\t\t\t\t<span class=\"figure\">209<\/span>                 <\/div>\n            <\/div>\n        <\/div>\n\t\t    <\/div>\n\t                            <div class=\"rhea-featured-properties-property-footer\">\n                                <p class=\"rhea-featured-properties-property-price\">\n\t\t\t\t\t\t\t\t\t 425.000\u20ac                                 <\/p>\n                                <a class=\"rhea-featured-properties-property-link\" href=\"https:\/\/www.lucasfroeserealestate.com\/es\/immobilien\/oportunidad-inversion-felanitx-finca-dos-casas-independientes\/\">\n\t\t\t\t\t\t\t\t\tVer detalles                                    <svg width=\"6\" height=\"10\" viewBox=\"0 0 6 10\" fill=\"none\" xmlns=\"http:\/\/www.w3.org\/2000\/svg\">\n                                        <path d=\"M1 1L5 5L1 9\" stroke-width=\"1.5\" stroke-linecap=\"round\" stroke-linejoin=\"round\" \/>\n                                    <\/svg>\n                                <\/a>\n                            <\/div>\n                        <\/div>\n                    <\/div>\n                <\/div>\n\t\t\t\t                <div class=\"rhea-featured-properties-carousel-item \">\n                    <div class=\"rhea-featured-properties-property\">\n                        <div class=\"rhea-featured-properties-property-thumb\">\n                            <a href=\"https:\/\/www.lucasfroeserealestate.com\/es\/immobilien\/finca-moderna-con-vistas-lejanas-y-licencia-etv-en-felanitx\/\"><img decoding=\"async\" src=\"https:\/\/www.lucasfroeserealestate.com\/wp-content\/uploads\/2025\/12\/luxusimmobilien-mallorca-felanitx-finca-014-680x510.jpg\" alt=\"Finca moderna con vistas lejanas y licencia ETV en Felanitx\" title=\"\"><\/a>\n                        <\/div>\n                        <div class=\"rhea-featured-properties-property-content\">\n                            <h3 class=\"rhea-featured-properties-property-title\"><a href=\"https:\/\/www.lucasfroeserealestate.com\/es\/immobilien\/finca-moderna-con-vistas-lejanas-y-licencia-etv-en-felanitx\/\">Finca moderna con vistas lejanas y licencia ETV en Felanitx<\/a><\/h3>\n\t\t\t\t\t\t\t                                    <a class=\"rhea_trigger_map rhea_facnybox_trigger-1751d05 \" data-rhea-map-source=\"rhea-map-source-1751d05\" data-rhea-map-location=\"39.61362,3.02004,14\" data-rhea-map-title=\"Finca moderna con vistas lejanas y licencia ETV en Felanitx\" data-rhea-map-price=\" 3.100.000\u20ac \" data-rhea-map-thumb=\"https:\/\/www.lucasfroeserealestate.com\/wp-content\/uploads\/2025\/12\/luxusimmobilien-mallorca-felanitx-finca-014-488x326.jpg\" href=\"https:\/\/www.lucasfroeserealestate.com\/es\/immobilien\/finca-moderna-con-vistas-lejanas-y-licencia-etv-en-felanitx\/\">\n                                        <span class=\"rhea-featured-properties-property-address\">Mallorca, Illes Balears, Espa\u00f1a<\/span>\n                                    <\/a>\n\t\t\t\t\t\t\t\t\t    <div class=\"rh_prop_card_meta_wrap_ultra rh-ul-tooltip\">\n\t\t        <div class=\"rhea_ultra_prop_card__meta\" style=\"order: 1\">\n            <div class=\"rhea_ultra_meta_icon_wrapper\">\n                <span class=\"rhea_ultra_meta_icon\" title=\"Dormitorios\"><img decoding=\"async\" class=\"custom-meta-icon custom-meta-icon-image\" src=\"https:\/\/www.lucasfroeserealestate.com\/wp-content\/uploads\/2024\/09\/schlafzimmer-immobilien-mallorca-02.png\" alt=\"Icono meta de la propiedad Habitaciones.\" title=\"\"><\/span>\n                <div class=\"rhea_ultra_meta_box\">\n\t\t\t\t\t<span class=\"figure\">5<\/span>                 <\/div>\n            <\/div>\n        <\/div>\n\t\t        <div class=\"rhea_ultra_prop_card__meta\" style=\"order: 2\">\n            <div class=\"rhea_ultra_meta_icon_wrapper\">\n                <span class=\"rhea_ultra_meta_icon\" title=\"Ba\u00f1os\"><img decoding=\"async\" class=\"custom-meta-icon custom-meta-icon-image\" src=\"https:\/\/www.lucasfroeserealestate.com\/wp-content\/uploads\/2024\/09\/badezimmer-immobilien-mallorca.png\" alt=\"Icono meta de la propiedad Cuartos de ba\u00f1o.\" title=\"\"><\/span>\n                <div class=\"rhea_ultra_meta_box\">\n\t\t\t\t\t<span class=\"figure\">5<\/span>                 <\/div>\n            <\/div>\n        <\/div>\n\t\t        <div class=\"rhea_ultra_prop_card__meta\" style=\"order: 3\">\n            <div class=\"rhea_ultra_meta_icon_wrapper\">\n                <span class=\"rhea_ultra_meta_icon\" title=\"Zona\"><img decoding=\"async\" class=\"custom-meta-icon custom-meta-icon-image\" src=\"https:\/\/www.lucasfroeserealestate.com\/wp-content\/uploads\/2024\/09\/wohnflaeche-immobilien-mallorca.png\" alt=\"Icono meta de la propiedad Tama\u00f1o del \u00c1rea.\" title=\"\"><\/span>\n                <div class=\"rhea_ultra_meta_box\">\n\t\t\t\t\t<span class=\"figure\">460<\/span>                 <\/div>\n            <\/div>\n        <\/div>\n\t\t        <div class=\"rhea_ultra_prop_card__meta\" style=\"order: 4\">\n            <div class=\"rhea_ultra_meta_icon_wrapper\">\n                <span class=\"rhea_ultra_meta_icon\" title=\"A\u00f1adir etiqueta\"><img decoding=\"async\" class=\"custom-meta-icon custom-meta-icon-image\" src=\"https:\/\/www.lucasfroeserealestate.com\/wp-content\/uploads\/2024\/09\/grundstueck-flaeche-immobilien.png\" alt=\"Icono meta de la propiedad Tama\u00f1o del Lote.\" title=\"\"><\/span>\n                <div class=\"rhea_ultra_meta_box\">\n\t\t\t\t\t<span class=\"figure\">17000<\/span>                 <\/div>\n            <\/div>\n        <\/div>\n\t\t    <\/div>\n\t                            <div class=\"rhea-featured-properties-property-footer\">\n                                <p class=\"rhea-featured-properties-property-price\">\n\t\t\t\t\t\t\t\t\t 3.100.000\u20ac                                 <\/p>\n                                <a class=\"rhea-featured-properties-property-link\" href=\"https:\/\/www.lucasfroeserealestate.com\/es\/immobilien\/finca-moderna-con-vistas-lejanas-y-licencia-etv-en-felanitx\/\">\n\t\t\t\t\t\t\t\t\tVer detalles                                    <svg width=\"6\" height=\"10\" viewBox=\"0 0 6 10\" fill=\"none\" xmlns=\"http:\/\/www.w3.org\/2000\/svg\">\n                                        <path d=\"M1 1L5 5L1 9\" stroke-width=\"1.5\" stroke-linecap=\"round\" stroke-linejoin=\"round\" \/>\n                                    <\/svg>\n                                <\/a>\n                            <\/div>\n                        <\/div>\n                    <\/div>\n                <\/div>\n\t\t\t\t                <div class=\"rhea-featured-properties-carousel-item \">\n                    <div class=\"rhea-featured-properties-property\">\n                        <div class=\"rhea-featured-properties-property-thumb\">\n                            <a href=\"https:\/\/www.lucasfroeserealestate.com\/es\/immobilien\/exclusiva-casa-unifamiliar-en-el-centro-de-felanitx-con-dos-viviendas-y-terrazas\/\"><img decoding=\"async\" src=\"https:\/\/www.lucasfroeserealestate.com\/wp-content\/uploads\/2025\/10\/DSC01807-680x510.jpg\" alt=\"EXCLUSIVA | Casa unifamiliar en el centro de Felanitx con dos viviendas y terrazas\" title=\"\"><\/a>\n                        <\/div>\n                        <div class=\"rhea-featured-properties-property-content\">\n                            <h3 class=\"rhea-featured-properties-property-title\"><a href=\"https:\/\/www.lucasfroeserealestate.com\/es\/immobilien\/exclusiva-casa-unifamiliar-en-el-centro-de-felanitx-con-dos-viviendas-y-terrazas\/\">EXCLUSIVA | Casa unifamiliar en el centro de Felanitx con dos viviendas y terrazas<\/a><\/h3>\n\t\t\t\t\t\t\t                                    <a class=\"rhea_trigger_map rhea_facnybox_trigger-1751d05 \" data-rhea-map-source=\"rhea-map-source-1751d05\" data-rhea-map-location=\"39.46589879566,3.1492303616809,17\" data-rhea-map-title=\"EXCLUSIVA | Casa unifamiliar en el centro de Felanitx con dos viviendas y terrazas\" data-rhea-map-price=\" 495.000\u20ac \" data-rhea-map-thumb=\"https:\/\/www.lucasfroeserealestate.com\/wp-content\/uploads\/2025\/10\/DSC01807-488x326.jpg\" href=\"https:\/\/www.lucasfroeserealestate.com\/es\/immobilien\/exclusiva-casa-unifamiliar-en-el-centro-de-felanitx-con-dos-viviendas-y-terrazas\/\">\n                                        <span class=\"rhea-featured-properties-property-address\">Felanitx, Illes Balears, Espa\u00f1a<\/span>\n                                    <\/a>\n\t\t\t\t\t\t\t\t\t    <div class=\"rh_prop_card_meta_wrap_ultra rh-ul-tooltip\">\n\t\t        <div class=\"rhea_ultra_prop_card__meta\" style=\"order: 1\">\n            <div class=\"rhea_ultra_meta_icon_wrapper\">\n                <span class=\"rhea_ultra_meta_icon\" title=\"Dormitorios\"><img decoding=\"async\" class=\"custom-meta-icon custom-meta-icon-image\" src=\"https:\/\/www.lucasfroeserealestate.com\/wp-content\/uploads\/2024\/09\/schlafzimmer-immobilien-mallorca-02.png\" alt=\"Icono meta de la propiedad Habitaciones.\" title=\"\"><\/span>\n                <div class=\"rhea_ultra_meta_box\">\n\t\t\t\t\t<span class=\"figure\">6<\/span>                 <\/div>\n            <\/div>\n        <\/div>\n\t\t        <div class=\"rhea_ultra_prop_card__meta\" style=\"order: 2\">\n            <div class=\"rhea_ultra_meta_icon_wrapper\">\n                <span class=\"rhea_ultra_meta_icon\" title=\"Ba\u00f1os\"><img decoding=\"async\" class=\"custom-meta-icon custom-meta-icon-image\" src=\"https:\/\/www.lucasfroeserealestate.com\/wp-content\/uploads\/2024\/09\/badezimmer-immobilien-mallorca.png\" alt=\"Icono meta de la propiedad Cuartos de ba\u00f1o.\" title=\"\"><\/span>\n                <div class=\"rhea_ultra_meta_box\">\n\t\t\t\t\t<span class=\"figure\">4<\/span>                 <\/div>\n            <\/div>\n        <\/div>\n\t\t        <div class=\"rhea_ultra_prop_card__meta\" style=\"order: 3\">\n            <div class=\"rhea_ultra_meta_icon_wrapper\">\n                <span class=\"rhea_ultra_meta_icon\" title=\"Zona\"><img decoding=\"async\" class=\"custom-meta-icon custom-meta-icon-image\" src=\"https:\/\/www.lucasfroeserealestate.com\/wp-content\/uploads\/2024\/09\/wohnflaeche-immobilien-mallorca.png\" alt=\"Icono meta de la propiedad Tama\u00f1o del \u00c1rea.\" title=\"\"><\/span>\n                <div class=\"rhea_ultra_meta_box\">\n\t\t\t\t\t<span class=\"figure\">220<\/span>                 <\/div>\n            <\/div>\n        <\/div>\n\t\t        <div class=\"rhea_ultra_prop_card__meta\" style=\"order: 4\">\n            <div class=\"rhea_ultra_meta_icon_wrapper\">\n                <span class=\"rhea_ultra_meta_icon\" title=\"A\u00f1adir etiqueta\"><img decoding=\"async\" class=\"custom-meta-icon custom-meta-icon-image\" src=\"https:\/\/www.lucasfroeserealestate.com\/wp-content\/uploads\/2024\/09\/grundstueck-flaeche-immobilien.png\" alt=\"Icono meta de la propiedad Tama\u00f1o del Lote.\" title=\"\"><\/span>\n                <div class=\"rhea_ultra_meta_box\">\n\t\t\t\t\t<span class=\"figure\">131<\/span>                 <\/div>\n            <\/div>\n        <\/div>\n\t\t    <\/div>\n\t                            <div class=\"rhea-featured-properties-property-footer\">\n                                <p class=\"rhea-featured-properties-property-price\">\n\t\t\t\t\t\t\t\t\t 495.000\u20ac                                 <\/p>\n                                <a class=\"rhea-featured-properties-property-link\" href=\"https:\/\/www.lucasfroeserealestate.com\/es\/immobilien\/exclusiva-casa-unifamiliar-en-el-centro-de-felanitx-con-dos-viviendas-y-terrazas\/\">\n\t\t\t\t\t\t\t\t\tVer detalles                                    <svg width=\"6\" height=\"10\" viewBox=\"0 0 6 10\" fill=\"none\" xmlns=\"http:\/\/www.w3.org\/2000\/svg\">\n                                        <path d=\"M1 1L5 5L1 9\" stroke-width=\"1.5\" stroke-linecap=\"round\" stroke-linejoin=\"round\" \/>\n                                    <\/svg>\n                                <\/a>\n                            <\/div>\n                        <\/div>\n                    <\/div>\n                <\/div>\n\t\t\t\t                <div class=\"rhea-featured-properties-carousel-item \">\n                    <div class=\"rhea-featured-properties-property\">\n                        <div class=\"rhea-featured-properties-property-thumb\">\n                            <a href=\"https:\/\/www.lucasfroeserealestate.com\/es\/immobilien\/estudios-como-inversion-en-portocolom-cerca-de-la-playa\/\"><img decoding=\"async\" src=\"https:\/\/www.lucasfroeserealestate.com\/wp-content\/uploads\/2025\/10\/immobilien-portocolom-apartments-LF0836-21-680x510.jpg\" alt=\"Estudios como inversi\u00f3n en Portocolom cerca de la playa\" title=\"\"><\/a>\n                        <\/div>\n                        <div class=\"rhea-featured-properties-property-content\">\n                            <h3 class=\"rhea-featured-properties-property-title\"><a href=\"https:\/\/www.lucasfroeserealestate.com\/es\/immobilien\/estudios-como-inversion-en-portocolom-cerca-de-la-playa\/\">Estudios como inversi\u00f3n en Portocolom cerca de la playa<\/a><\/h3>\n\t\t\t\t\t\t\t                                    <a class=\"rhea_trigger_map rhea_facnybox_trigger-1751d05 \" data-rhea-map-source=\"rhea-map-source-1751d05\" data-rhea-map-location=\"39.408249763236,3.2581157958128,17\" data-rhea-map-title=\"Estudios como inversi\u00f3n en Portocolom cerca de la playa\" data-rhea-map-price=\" 345.000\u20ac \" data-rhea-map-thumb=\"https:\/\/www.lucasfroeserealestate.com\/wp-content\/uploads\/2025\/10\/immobilien-portocolom-apartments-LF0836-21-488x326.jpg\" href=\"https:\/\/www.lucasfroeserealestate.com\/es\/immobilien\/estudios-como-inversion-en-portocolom-cerca-de-la-playa\/\">\n                                        <span class=\"rhea-featured-properties-property-address\">Cala Mar\u00e7al, Portocolom, Mallorca<\/span>\n                                    <\/a>\n\t\t\t\t\t\t\t\t\t    <div class=\"rh_prop_card_meta_wrap_ultra rh-ul-tooltip\">\n\t\t        <div class=\"rhea_ultra_prop_card__meta\" style=\"order: 2\">\n            <div class=\"rhea_ultra_meta_icon_wrapper\">\n                <span class=\"rhea_ultra_meta_icon\" title=\"Ba\u00f1os\"><img decoding=\"async\" class=\"custom-meta-icon custom-meta-icon-image\" src=\"https:\/\/www.lucasfroeserealestate.com\/wp-content\/uploads\/2024\/09\/badezimmer-immobilien-mallorca.png\" alt=\"Icono meta de la propiedad Cuartos de ba\u00f1o.\" title=\"\"><\/span>\n                <div class=\"rhea_ultra_meta_box\">\n\t\t\t\t\t<span class=\"figure\">1<\/span>                 <\/div>\n            <\/div>\n        <\/div>\n\t\t        <div class=\"rhea_ultra_prop_card__meta\" style=\"order: 3\">\n            <div class=\"rhea_ultra_meta_icon_wrapper\">\n                <span class=\"rhea_ultra_meta_icon\" title=\"Zona\"><img decoding=\"async\" class=\"custom-meta-icon custom-meta-icon-image\" src=\"https:\/\/www.lucasfroeserealestate.com\/wp-content\/uploads\/2024\/09\/wohnflaeche-immobilien-mallorca.png\" alt=\"Icono meta de la propiedad Tama\u00f1o del \u00c1rea.\" title=\"\"><\/span>\n                <div class=\"rhea_ultra_meta_box\">\n\t\t\t\t\t<span class=\"figure\">50<\/span>                 <\/div>\n            <\/div>\n        <\/div>\n\t\t        <div class=\"rhea_ultra_prop_card__meta\" style=\"order: 4\">\n            <div class=\"rhea_ultra_meta_icon_wrapper\">\n                <span class=\"rhea_ultra_meta_icon\" title=\"A\u00f1adir etiqueta\"><img decoding=\"async\" class=\"custom-meta-icon custom-meta-icon-image\" src=\"https:\/\/www.lucasfroeserealestate.com\/wp-content\/uploads\/2024\/09\/grundstueck-flaeche-immobilien.png\" alt=\"Icono meta de la propiedad Tama\u00f1o del Lote.\" title=\"\"><\/span>\n                <div class=\"rhea_ultra_meta_box\">\n\t\t\t\t\t<span class=\"figure\">7438<\/span>                 <\/div>\n            <\/div>\n        <\/div>\n\t\t    <\/div>\n\t                            <div class=\"rhea-featured-properties-property-footer\">\n                                <p class=\"rhea-featured-properties-property-price\">\n\t\t\t\t\t\t\t\t\t 345.000\u20ac                                 <\/p>\n                                <a class=\"rhea-featured-properties-property-link\" href=\"https:\/\/www.lucasfroeserealestate.com\/es\/immobilien\/estudios-como-inversion-en-portocolom-cerca-de-la-playa\/\">\n\t\t\t\t\t\t\t\t\tVer detalles                                    <svg width=\"6\" height=\"10\" viewBox=\"0 0 6 10\" fill=\"none\" xmlns=\"http:\/\/www.w3.org\/2000\/svg\">\n                                        <path d=\"M1 1L5 5L1 9\" stroke-width=\"1.5\" stroke-linecap=\"round\" stroke-linejoin=\"round\" \/>\n                                    <\/svg>\n                                <\/a>\n                            <\/div>\n                        <\/div>\n                    <\/div>\n                <\/div>\n\t\t\t\t                <div class=\"rhea-featured-properties-carousel-item \">\n                    <div class=\"rhea-featured-properties-property\">\n                        <div class=\"rhea-featured-properties-property-thumb\">\n                            <a href=\"https:\/\/www.lucasfroeserealestate.com\/es\/immobilien\/pisos-de-vacaciones-como-inversion-en-portocolom-a-150-metros-de-la-playa\/\"><img decoding=\"async\" src=\"https:\/\/www.lucasfroeserealestate.com\/wp-content\/uploads\/2025\/10\/immobilien-portocolom-apartments-LF0836-680x510.jpg\" alt=\"Pisos de vacaciones como inversi\u00f3n en Portocolom a 150 metros de la playa\" title=\"\"><\/a>\n                        <\/div>\n                        <div class=\"rhea-featured-properties-property-content\">\n                            <h3 class=\"rhea-featured-properties-property-title\"><a href=\"https:\/\/www.lucasfroeserealestate.com\/es\/immobilien\/pisos-de-vacaciones-como-inversion-en-portocolom-a-150-metros-de-la-playa\/\">Pisos de vacaciones como inversi\u00f3n en Portocolom a 150 metros de la playa<\/a><\/h3>\n\t\t\t\t\t\t\t                                    <a class=\"rhea_trigger_map rhea_facnybox_trigger-1751d05 \" data-rhea-map-source=\"rhea-map-source-1751d05\" data-rhea-map-location=\"39.408842916772,3.2581025493187,17\" data-rhea-map-title=\"Pisos de vacaciones como inversi\u00f3n en Portocolom a 150 metros de la playa\" data-rhea-map-price=\" 308.700\u20ac \" data-rhea-map-thumb=\"https:\/\/www.lucasfroeserealestate.com\/wp-content\/uploads\/2025\/10\/immobilien-portocolom-apartments-LF0836-488x326.jpg\" href=\"https:\/\/www.lucasfroeserealestate.com\/es\/immobilien\/pisos-de-vacaciones-como-inversion-en-portocolom-a-150-metros-de-la-playa\/\">\n                                        <span class=\"rhea-featured-properties-property-address\">Cala Mar\u00e7al, Portocolom, Mallorca<\/span>\n                                    <\/a>\n\t\t\t\t\t\t\t\t\t    <div class=\"rh_prop_card_meta_wrap_ultra rh-ul-tooltip\">\n\t\t        <div class=\"rhea_ultra_prop_card__meta\" style=\"order: 1\">\n            <div class=\"rhea_ultra_meta_icon_wrapper\">\n                <span class=\"rhea_ultra_meta_icon\" title=\"Dormitorios\"><img decoding=\"async\" class=\"custom-meta-icon custom-meta-icon-image\" src=\"https:\/\/www.lucasfroeserealestate.com\/wp-content\/uploads\/2024\/09\/schlafzimmer-immobilien-mallorca-02.png\" alt=\"Icono meta de la propiedad Habitaciones.\" title=\"\"><\/span>\n                <div class=\"rhea_ultra_meta_box\">\n\t\t\t\t\t<span class=\"figure\">1<\/span>                 <\/div>\n            <\/div>\n        <\/div>\n\t\t        <div class=\"rhea_ultra_prop_card__meta\" style=\"order: 2\">\n            <div class=\"rhea_ultra_meta_icon_wrapper\">\n                <span class=\"rhea_ultra_meta_icon\" title=\"Ba\u00f1os\"><img decoding=\"async\" class=\"custom-meta-icon custom-meta-icon-image\" src=\"https:\/\/www.lucasfroeserealestate.com\/wp-content\/uploads\/2024\/09\/badezimmer-immobilien-mallorca.png\" alt=\"Icono meta de la propiedad Cuartos de ba\u00f1o.\" title=\"\"><\/span>\n                <div class=\"rhea_ultra_meta_box\">\n\t\t\t\t\t<span class=\"figure\">1<\/span>                 <\/div>\n            <\/div>\n        <\/div>\n\t\t        <div class=\"rhea_ultra_prop_card__meta\" style=\"order: 3\">\n            <div class=\"rhea_ultra_meta_icon_wrapper\">\n                <span class=\"rhea_ultra_meta_icon\" title=\"Zona\"><img decoding=\"async\" class=\"custom-meta-icon custom-meta-icon-image\" src=\"https:\/\/www.lucasfroeserealestate.com\/wp-content\/uploads\/2024\/09\/wohnflaeche-immobilien-mallorca.png\" alt=\"Icono meta de la propiedad Tama\u00f1o del \u00c1rea.\" title=\"\"><\/span>\n                <div class=\"rhea_ultra_meta_box\">\n\t\t\t\t\t<span class=\"figure\">50<\/span>                 <\/div>\n            <\/div>\n        <\/div>\n\t\t    <\/div>\n\t                            <div class=\"rhea-featured-properties-property-footer\">\n                                <p class=\"rhea-featured-properties-property-price\">\n\t\t\t\t\t\t\t\t\t 308.700\u20ac                                 <\/p>\n                                <a class=\"rhea-featured-properties-property-link\" href=\"https:\/\/www.lucasfroeserealestate.com\/es\/immobilien\/pisos-de-vacaciones-como-inversion-en-portocolom-a-150-metros-de-la-playa\/\">\n\t\t\t\t\t\t\t\t\tVer detalles                                    <svg width=\"6\" height=\"10\" viewBox=\"0 0 6 10\" fill=\"none\" xmlns=\"http:\/\/www.w3.org\/2000\/svg\">\n                                        <path d=\"M1 1L5 5L1 9\" stroke-width=\"1.5\" stroke-linecap=\"round\" stroke-linejoin=\"round\" \/>\n                                    <\/svg>\n                                <\/a>\n                            <\/div>\n                        <\/div>\n                    <\/div>\n                <\/div>\n\t\t\t\t        <\/div>\n    <\/div>\n<\/div><!-- .rhea-featured-properties-container -->\n<script>\n    jQuery( document ).ready( function () {\n        const $slider       = jQuery( \"#rhea-featured-properties-1751d05\" ),\n              sliderOptions = {\n                  slidesToShow   : 3,\n                  slidesToScroll : 1,\n                  rtl            : rheaIsRTL(),\n                  arrows         : true,\n                  dots           : false,\n                  adaptiveHeight : true,\n                  infinite       : false,\n                  prevArrow      : '<a href=\"#\" class=\"rhea-properties-carousel-nav-prev rhea-properties-carousel-nav\" aria-label=\"Previous\"><svg width=\"8\" height=\"14\" viewBox=\"0 0 8 14\" fill=\"none\" xmlns=\"http:\/\/www.w3.org\/2000\/svg\"><path d=\"M7 1L1 7L7 13\" stroke-width=\"1.5\" stroke-linecap=\"round\" stroke-linejoin=\"round\"\/><\/svg><\/a>',\n                  nextArrow      : '<a href=\"#\" class=\"rhea-properties-carousel-nav-next rhea-properties-carousel-nav\" aria-label=\"Next\"><svg width=\"8\" height=\"14\" viewBox=\"0 0 8 14\" fill=\"none\" xmlns=\"http:\/\/www.w3.org\/2000\/svg\"><path d=\"M1 1L7 7L1 13\" stroke-width=\"1.5\" stroke-linecap=\"round\" stroke-linejoin=\"round\"\/><\/svg><\/a>',\n                  responsive     : [\n                      {\n                          breakpoint : 1100,\n                          settings   : {\n                              slidesToShow : 2\n                          }\n                      },\n                      {\n                          breakpoint : 767,\n                          settings   : {\n                              slidesToShow : 1\n                          }\n                      },\n                      {\n                          breakpoint : 0,\n                          settings   : {\n                              slidesToShow : 1\n                          }\n                      }\n                  ]\n              };\n\n        $slider.slick( sliderOptions );\n\n        const filtersContainer = jQuery( \"#rhea-featured-properties-filters-1751d05\" ),\n              filtersList      = filtersContainer.find( 'li' ),\n              filters          = {};\n\n        if ( filtersList.length ) {\n            jQuery.each( filtersList, function ( key, value ) {\n                let selector = jQuery( value ).data( 'filter' );\n\n                filters[selector] = $slider.find( '.rhea-featured-properties-carousel-item' + '.' + selector );\n            } );\n        }\n\n        filtersContainer.on( 'click', 'li', function ( event ) {\n            let self     = jQuery( this ),\n                selector = self.data( 'filter' );\n\n            if ( self.hasClass( 'active' ) ) {\n                return false;\n            }\n\n            filtersContainer.find( 'li' ).removeClass( 'active' );\n            self.addClass( 'active' );\n\n            $slider.slick( 'unslick' );\n            $slider.empty();\n            $slider.append( filters[selector] );\n\n            if ( filters[selector].length > 2 ) {\n                $slider.slick( sliderOptions );\n            }\n\n            event.preventDefault();\n        } );\n    } );\n<\/script>\n\t\t\t\t<\/div>\n\t\t\t\t<\/div>\n\t\t\t\t\t<\/div>\n\t\t<\/div>\n\t\t\t\t\t<\/div>\n\t\t<\/section>\n\t\t\t\t<\/div>\n\t\t","protected":false},"excerpt":{"rendered":"<p>Puertos deportivos en Mallorca: La gu\u00eda definitiva para propietarios de embarcaciones y aficionados a la vela Mallorca es un para\u00edso para los entusiastas de los deportes n\u00e1uticos. Con sus bellas costas, pintorescas bah\u00edas y numerosos puertos deportivos, la isla balear atrae a\u00f1o tras a\u00f1o a navegantes, propietarios de yates y entusiastas de la navegaci\u00f3n de&#8230;<\/p>\n","protected":false},"author":1,"featured_media":56904,"comment_status":"closed","ping_status":"closed","sticky":false,"template":"","format":"standard","meta":{"footnotes":""},"categories":[4140,4139],"tags":[],"class_list":["post-56918","post","type-post","status-publish","format-standard","has-post-thumbnail","hentry","category-actividades","category-ubicaciones"],"_links":{"self":[{"href":"https:\/\/www.lucasfroeserealestate.com\/es\/wp-json\/wp\/v2\/posts\/56918","targetHints":{"allow":["GET"]}}],"collection":[{"href":"https:\/\/www.lucasfroeserealestate.com\/es\/wp-json\/wp\/v2\/posts"}],"about":[{"href":"https:\/\/www.lucasfroeserealestate.com\/es\/wp-json\/wp\/v2\/types\/post"}],"author":[{"embeddable":true,"href":"https:\/\/www.lucasfroeserealestate.com\/es\/wp-json\/wp\/v2\/users\/1"}],"replies":[{"embeddable":true,"href":"https:\/\/www.lucasfroeserealestate.com\/es\/wp-json\/wp\/v2\/comments?post=56918"}],"version-history":[{"count":0,"href":"https:\/\/www.lucasfroeserealestate.com\/es\/wp-json\/wp\/v2\/posts\/56918\/revisions"}],"wp:featuredmedia":[{"embeddable":true,"href":"https:\/\/www.lucasfroeserealestate.com\/es\/wp-json\/wp\/v2\/media\/56904"}],"wp:attachment":[{"href":"https:\/\/www.lucasfroeserealestate.com\/es\/wp-json\/wp\/v2\/media?parent=56918"}],"wp:term":[{"taxonomy":"category","embeddable":true,"href":"https:\/\/www.lucasfroeserealestate.com\/es\/wp-json\/wp\/v2\/categories?post=56918"},{"taxonomy":"post_tag","embeddable":true,"href":"https:\/\/www.lucasfroeserealestate.com\/es\/wp-json\/wp\/v2\/tags?post=56918"}],"curies":[{"name":"wp","href":"https:\/\/api.w.org\/{rel}","templated":true}]}}