{"id":56288,"date":"2024-09-12T14:59:11","date_gmt":"2024-09-12T12:59:11","guid":{"rendered":"https:\/\/www.lucasfroeserealestate.com\/los-mercados-mas-bonitos-de-mallorca\/"},"modified":"2025-03-16T16:04:16","modified_gmt":"2025-03-16T15:04:16","slug":"los-mercados-mas-bonitos-de-mallorca","status":"publish","type":"post","link":"https:\/\/www.lucasfroeserealestate.com\/es\/los-mercados-mas-bonitos-de-mallorca\/","title":{"rendered":"Los mercados m\u00e1s bonitos de Mallorca"},"content":{"rendered":"<h1>Mercados semanales en Mallorca: Gu\u00eda completa para residentes y visitantes<\/h1>\n<p>En Mallorca hay animados mercados todos los d\u00edas de la semana, repartidos por toda la isla. Estos mercados no son s\u00f3lo un punto de encuentro para los lugare\u00f1os, sino tambi\u00e9n una atracci\u00f3n popular para los turistas que quieren experimentar el aut\u00e9ntico ambiente de la isla. Desde productos locales frescos hasta recuerdos hechos a mano, los mercados ofrecen una gran variedad de mercanc\u00edas.  <\/p>\n<div id=\"attachment_56280\" style=\"width: 1210px\" class=\"wp-caption alignnone\"><img decoding=\"async\" aria-describedby=\"caption-attachment-56280\" class=\"size-full wp-image-56280\" src=\"https:\/\/www.lucasfroeserealestate.com\/wp-content\/uploads\/2024\/09\/maerkte-auf-mallorca-2.jpg\" alt=\"Mercados Mallorca\" width=\"1200\" height=\"300\" title=\"\" srcset=\"https:\/\/www.lucasfroeserealestate.com\/wp-content\/uploads\/2024\/09\/maerkte-auf-mallorca-2.jpg 1200w, https:\/\/www.lucasfroeserealestate.com\/wp-content\/uploads\/2024\/09\/maerkte-auf-mallorca-2-300x75.jpg 300w, https:\/\/www.lucasfroeserealestate.com\/wp-content\/uploads\/2024\/09\/maerkte-auf-mallorca-2-1024x256.jpg 1024w, https:\/\/www.lucasfroeserealestate.com\/wp-content\/uploads\/2024\/09\/maerkte-auf-mallorca-2-768x192.jpg 768w, https:\/\/www.lucasfroeserealestate.com\/wp-content\/uploads\/2024\/09\/maerkte-auf-mallorca-2-150x38.jpg 150w\" sizes=\"(max-width: 1200px) 100vw, 1200px\" \/><p id=\"caption-attachment-56280\" class=\"wp-caption-text\">Mercados Mallorca<\/p><\/div>\n<h2>El encanto de los mercados de Mallorca<\/h2>\n<p>Los mercados de Mallorca son una tradici\u00f3n milenaria que perdura hasta nuestros d\u00edas. Todos los d\u00edas, normalmente de 9.00 a 13.00, las calles se llenan de puestos que venden productos locales. El surtido va desde frutas y verduras, queso y embutidos hasta ropa, zapatos, artesan\u00eda y regalos. Destacan los mercados de <strong>Inca<\/strong>, <strong>Pollen\u00e7a<\/strong>, <strong>Art\u00e0<\/strong>, <strong>Santa Maria del Cam\u00ed<\/strong>, <strong>Santany\u00ed<\/strong> y <strong>Sineu<\/strong>, muy populares entre los habitantes y los visitantes.   <\/p>\n<p>En los pueblos m\u00e1s peque\u00f1os, los mercados se dirigen principalmente a los lugare\u00f1os. Sin embargo, en cuanto comienza la temporada tur\u00edstica, la oferta se ampl\u00eda y atrae a numerosos visitantes. Estos mercados se convierten entonces en animados acontecimientos que reflejan perfectamente el ambiente de la regi\u00f3n: con m\u00fasica callejera, terrazas abarrotadas y una atm\u00f3sfera alegre.  <\/p>\n<h2>Mercados recomendados para cada d\u00eda de la semana<\/h2>\n<p>Nunca hay un d\u00eda en Mallorca en el que no puedas visitar un mercado. Aqu\u00ed tienes un resumen de los mercados que puedes visitar seg\u00fan el d\u00eda de la semana: <\/p>\n<h3><strong>Mercados del lunes:<\/strong><\/h3>\n<ul>\n<li><strong>Caimari<\/strong><\/li>\n<li><strong>Calvi\u00e0<\/strong><\/li>\n<li><strong>Lloret<\/strong><\/li>\n<li><strong>Manacor<\/strong><\/li>\n<li><strong>Montu\u00efri<\/strong><\/li>\n<\/ul>\n<h3><strong>Mercados del martes:<\/strong><\/h3>\n<ul>\n<li><strong>Alc\u00fadia<\/strong><\/li>\n<li><strong>Art\u00e0<\/strong> (Muy recomendable)<\/li>\n<li><strong>Campanet<\/strong><\/li>\n<li><strong>Llub\u00ed<\/strong><\/li>\n<li><strong>Porreres<\/strong><\/li>\n<li><strong>Santa Margalida<\/strong><\/li>\n<li><strong>Col\u00f3nia de Sant Jordi<\/strong><\/li>\n<\/ul>\n<h3><strong>Los mi\u00e9rcoles:<\/strong><\/h3>\n<ul>\n<li><strong>Andratx<\/strong><\/li>\n<li><strong>Bunyola<\/strong><\/li>\n<li><strong>Capdepera<\/strong><\/li>\n<li><strong><strong>Llucmajor<\/strong><\/strong>\n<p><div id=\"attachment_56271\" style=\"width: 310px\" class=\"wp-caption alignright\"><img decoding=\"async\" aria-describedby=\"caption-attachment-56271\" class=\"size-full wp-image-56271\" src=\"https:\/\/www.lucasfroeserealestate.com\/wp-content\/uploads\/2024\/09\/maerkte-auf-mallorca-5.jpg\" alt=\"Mercados Mallorca\" width=\"300\" height=\"600\" title=\"\" srcset=\"https:\/\/www.lucasfroeserealestate.com\/wp-content\/uploads\/2024\/09\/maerkte-auf-mallorca-5.jpg 300w, https:\/\/www.lucasfroeserealestate.com\/wp-content\/uploads\/2024\/09\/maerkte-auf-mallorca-5-150x300.jpg 150w, https:\/\/www.lucasfroeserealestate.com\/wp-content\/uploads\/2024\/09\/maerkte-auf-mallorca-5-75x150.jpg 75w\" sizes=\"(max-width: 300px) 100vw, 300px\" \/><p id=\"caption-attachment-56271\" class=\"wp-caption-text\">Mercados Mallorca<\/p><\/div><\/li>\n<li><strong>Marratx\u00ed<\/strong><\/li>\n<li><strong>Petra<\/strong><\/li>\n<li><strong>Puerto de Pollen\u00e7a<\/strong><\/li>\n<li><a href=\"https:\/\/www.lucasfroeserealestate.com\/markt-in-santanyi\/\"><strong>Mercado semanal en Santany\u00ed<\/strong><\/a><\/li>\n<li><strong>Selva<\/strong><\/li>\n<li><strong>Sencelles<\/strong><\/li>\n<li><strong>Sineu<\/strong> (Especialmente popular)<\/li>\n<li><strong>Villafranca de Bonany<\/strong><\/li>\n<\/ul>\n<h3><strong>Mercados del jueves:<\/strong><\/h3>\n<ul>\n<li><strong>S&#8217;Arenal<\/strong><\/li>\n<li><strong>Ariany<\/strong><\/li>\n<li><strong>Campos<\/strong><\/li>\n<li><strong>Consell<\/strong><\/li>\n<li><strong>Inca<\/strong> (imprescindible para los visitantes del mercado)<\/li>\n<li><strong>Ses Salines<\/strong><\/li>\n<li><strong>Sant Joan<\/strong><\/li>\n<li><strong>Sant Lloren\u00e7<\/strong><\/li>\n<li><strong>Dei\u00e0<\/strong><\/li>\n<\/ul>\n<h3><strong>Mercados del viernes:<\/strong><\/h3>\n<ul>\n<li><strong>Algaida<\/strong><\/li>\n<li><strong>Binissalem<\/strong><\/li>\n<li><strong>Can Picafort<\/strong><\/li>\n<li><strong>Llucmajor<\/strong><\/li>\n<li><strong>Maria de la Salut<\/strong><\/li>\n<li><strong>Son Servera<\/strong><\/li>\n<\/ul>\n<h3><strong>Mercados del s\u00e1bado:<\/strong><\/h3>\n<ul>\n<li><strong>B\u00fager<\/strong><\/li>\n<li><strong>Bunyola<\/strong><\/li>\n<li><a href=\"https:\/\/www.lucasfroeserealestate.com\/der-markt-in-campos\/\"><strong>Mercado semanal en Campos<\/strong><\/a><\/li>\n<li><strong>Cala Ratjada<\/strong><\/li>\n<li><strong>Costitx<\/strong><\/li>\n<li><strong>Esporles<\/strong><\/li>\n<li><strong>Lloseta<\/strong><\/li>\n<li><strong>Santa Margalida<\/strong><\/li>\n<li><strong>Santany\u00ed<\/strong><\/li>\n<li><strong>S\u00f3ller<\/strong><\/li>\n<li><strong>Alar\u00f3<\/strong><\/li>\n<li><strong>Palma<\/strong><\/li>\n<li><strong>Santa Eugenia<\/strong><\/li>\n<\/ul>\n<h3><strong>Mercados dominicales:<\/strong><\/h3>\n<ul>\n<li><strong>Alc\u00fadia<\/strong> (popular entre los turistas)<\/li>\n<li><a href=\"https:\/\/www.lucasfroeserealestate.com\/der-felanitx-markt\/\"><strong>Mercado semanal en Felanitx<\/strong><\/a><\/li>\n<li><strong>Inca<\/strong><\/li>\n<li><strong>Muro<\/strong><\/li>\n<li><strong>sa Pobla<\/strong><\/li>\n<li><strong>Pollen\u00e7a<\/strong> (lo m\u00e1s destacado)<\/li>\n<li><strong>Porto Cristo<\/strong><\/li>\n<li><strong>Santa Mar\u00eda del Cam\u00ed<\/strong><\/li>\n<li><strong>Valldemossa<\/strong><\/li>\n<li><strong>Consell<\/strong> (con zona de segunda mano)<\/li>\n<\/ul>\n<div id=\"attachment_56277\" style=\"width: 1210px\" class=\"wp-caption alignnone\"><img decoding=\"async\" aria-describedby=\"caption-attachment-56277\" class=\"size-full wp-image-56277\" src=\"https:\/\/www.lucasfroeserealestate.com\/wp-content\/uploads\/2024\/09\/maerkte-auf-mallorca-3.jpg\" alt=\"Mercados Mallorca\" width=\"1200\" height=\"300\" title=\"\" srcset=\"https:\/\/www.lucasfroeserealestate.com\/wp-content\/uploads\/2024\/09\/maerkte-auf-mallorca-3.jpg 1200w, https:\/\/www.lucasfroeserealestate.com\/wp-content\/uploads\/2024\/09\/maerkte-auf-mallorca-3-300x75.jpg 300w, https:\/\/www.lucasfroeserealestate.com\/wp-content\/uploads\/2024\/09\/maerkte-auf-mallorca-3-1024x256.jpg 1024w, https:\/\/www.lucasfroeserealestate.com\/wp-content\/uploads\/2024\/09\/maerkte-auf-mallorca-3-768x192.jpg 768w, https:\/\/www.lucasfroeserealestate.com\/wp-content\/uploads\/2024\/09\/maerkte-auf-mallorca-3-150x38.jpg 150w\" sizes=\"(max-width: 1200px) 100vw, 1200px\" \/><p id=\"caption-attachment-56277\" class=\"wp-caption-text\">Comprar mercados Mallorca<\/p><\/div>\n<h2>Los mercados m\u00e1s populares de Mallorca<\/h2>\n<p>Algunos mercados de Mallorca se han consolidado como favoritos del p\u00fablico y ocupan un lugar fijo en la agenda semanal tanto de turistas como de mallorquines.<\/p>\n<ul>\n<li><strong>Mercado de Inca:<\/strong> Uno de los mercados m\u00e1s grandes y famosos de Mallorca, que se extiende por varias calles. Aqu\u00ed hay una selecci\u00f3n especialmente amplia de art\u00edculos de piel y textiles. <\/li>\n<li><strong>Mercado de Sineu:<\/strong> Este mercado situado en el coraz\u00f3n de la isla es conocido por su ambiente tradicional y su aut\u00e9ntica oferta de productos locales y artesan\u00eda. Es toda una experiencia para cualquier visitante de la isla. <\/li>\n<li><strong>Mercado de <\/strong> <a href=\"https:\/\/www.lucasfroeserealestate.com\/der-felanitx-markt\/\">Felanitx<\/a> <strong>: <\/strong>Conocido desde hace a\u00f1os por sus aut\u00e9nticos productos locales, su comida y su gran ambiente, el mercado de Felanitx es cada vez m\u00e1s popular entre los lugare\u00f1os y los turistas.<\/li>\n<li><strong>Mercado de Pollen\u00e7a:<\/strong> Situado en la parte norte de la isla, este mercado ofrece una agradable mezcla de alimentos frescos, art\u00edculos hechos a mano y un entorno id\u00edlico.<\/li>\n<\/ul>\n<h2>Informaci\u00f3n importante para tu visita al mercado<\/h2>\n<div id=\"attachment_56274\" style=\"width: 310px\" class=\"wp-caption alignleft\"><img decoding=\"async\" aria-describedby=\"caption-attachment-56274\" class=\"size-full wp-image-56274\" src=\"https:\/\/www.lucasfroeserealestate.com\/wp-content\/uploads\/2024\/09\/maerkte-auf-mallorca-4.jpg\" alt=\"Mercados Mallorca\" width=\"300\" height=\"600\" title=\"\" srcset=\"https:\/\/www.lucasfroeserealestate.com\/wp-content\/uploads\/2024\/09\/maerkte-auf-mallorca-4.jpg 300w, https:\/\/www.lucasfroeserealestate.com\/wp-content\/uploads\/2024\/09\/maerkte-auf-mallorca-4-150x300.jpg 150w, https:\/\/www.lucasfroeserealestate.com\/wp-content\/uploads\/2024\/09\/maerkte-auf-mallorca-4-75x150.jpg 75w\" sizes=\"(max-width: 300px) 100vw, 300px\" \/><p id=\"caption-attachment-56274\" class=\"wp-caption-text\">Mercados Mallorca Limones<\/p><\/div>\n<p>La mayor\u00eda de los mercados empiezan temprano por la ma\u00f1ana y duran hasta las 13:00 aproximadamente. Especialmente en los meses de verano, es aconsejable llegar pronto para conseguir las mejores mercanc\u00edas y evitar el ajetreo durante las calurosas horas del mediod\u00eda. <\/p>\n<p>Una visita al mercado de Mallorca es una experiencia para toda la familia. Tanto ni\u00f1os como adultos quedar\u00e1n encantados con la variedad de productos que se ofrecen, desde fruta y verdura fresca hasta art\u00edculos para la playa y recuerdos para los seres queridos en casa. Otro punto destacado son los mercados de segunda mano, como el de Consell o Llucmajor, que ofrecen regularmente art\u00edculos de segunda mano.  <\/p>\n<h2>Recomendaciones para los mercados de segunda mano<\/h2>\n<p>Cada vez son m\u00e1s populares en Mallorca los <strong>mercadillos de segunda<\/strong> mano que se celebran regularmente en algunas ciudades. Aqu\u00ed tienes algunos de los mejores mercados de art\u00edculos de segunda mano: <\/p>\n<ul>\n<li><strong>Mercado de Consell:<\/strong> Un mercado dominical conocido por su gran secci\u00f3n de art\u00edculos usados.<\/li>\n<li><strong>Mercado de Llucmajor:<\/strong> Adem\u00e1s de productos frescos, aqu\u00ed tambi\u00e9n hay una secci\u00f3n de segunda mano.<\/li>\n<li><strong>Santa Maria del Cam\u00ed:<\/strong> Tambi\u00e9n el domingo y un para\u00edso para los amantes de los objetos vintage.<\/li>\n<li><strong>Baratillo de Palma:<\/strong> Un mercadillo que merece la pena visitar y que tiene lugar los s\u00e1bados entre abril y octubre en las Avingudes de Palma.<\/li>\n<\/ul>\n<h2>Los mercados como experiencia cultural<\/h2>\n<p>Los mercados semanales de Mallorca son algo m\u00e1s que oportunidades para ir de compras. Son parte integrante de la vida isle\u00f1a y ofrecen una visi\u00f3n de las tradiciones y la cultura de Mallorca. Tanto si buscas fruta y verdura fresca, como si quieres descubrir productos artesanales \u00fanicos o simplemente disfrutar del bullicio, una visita a uno de estos mercados es una experiencia inolvidable.  <\/p>\n<div id=\"gtx-trans\" style=\"position: absolute; left: 35px; top: 3413.06px;\">\n<div class=\"gtx-trans-icon\"><\/div>\n<\/div>\n","protected":false},"excerpt":{"rendered":"<p>Mercados semanales en Mallorca: Gu\u00eda completa para residentes y visitantes En Mallorca hay animados mercados todos los d\u00edas de la semana, repartidos por toda la isla. Estos mercados no son s\u00f3lo un punto de encuentro para los lugare\u00f1os, sino tambi\u00e9n una atracci\u00f3n popular para los turistas que quieren experimentar el aut\u00e9ntico ambiente de la isla&#8230;.<\/p>\n","protected":false},"author":1,"featured_media":56283,"comment_status":"closed","ping_status":"closed","sticky":false,"template":"","format":"standard","meta":{"footnotes":""},"categories":[4140,4171,4143],"tags":[],"class_list":["post-56288","post","type-post","status-publish","format-standard","has-post-thumbnail","hentry","category-actividades","category-eventos","category-gastronomia"],"_links":{"self":[{"href":"https:\/\/www.lucasfroeserealestate.com\/es\/wp-json\/wp\/v2\/posts\/56288","targetHints":{"allow":["GET"]}}],"collection":[{"href":"https:\/\/www.lucasfroeserealestate.com\/es\/wp-json\/wp\/v2\/posts"}],"about":[{"href":"https:\/\/www.lucasfroeserealestate.com\/es\/wp-json\/wp\/v2\/types\/post"}],"author":[{"embeddable":true,"href":"https:\/\/www.lucasfroeserealestate.com\/es\/wp-json\/wp\/v2\/users\/1"}],"replies":[{"embeddable":true,"href":"https:\/\/www.lucasfroeserealestate.com\/es\/wp-json\/wp\/v2\/comments?post=56288"}],"version-history":[{"count":0,"href":"https:\/\/www.lucasfroeserealestate.com\/es\/wp-json\/wp\/v2\/posts\/56288\/revisions"}],"wp:featuredmedia":[{"embeddable":true,"href":"https:\/\/www.lucasfroeserealestate.com\/es\/wp-json\/wp\/v2\/media\/56283"}],"wp:attachment":[{"href":"https:\/\/www.lucasfroeserealestate.com\/es\/wp-json\/wp\/v2\/media?parent=56288"}],"wp:term":[{"taxonomy":"category","embeddable":true,"href":"https:\/\/www.lucasfroeserealestate.com\/es\/wp-json\/wp\/v2\/categories?post=56288"},{"taxonomy":"post_tag","embeddable":true,"href":"https:\/\/www.lucasfroeserealestate.com\/es\/wp-json\/wp\/v2\/tags?post=56288"}],"curies":[{"name":"wp","href":"https:\/\/api.w.org\/{rel}","templated":true}]}}