{"id":46165,"date":"2023-12-09T11:30:08","date_gmt":"2023-12-09T10:30:08","guid":{"rendered":"https:\/\/www.lucasfroeserealestate.com\/la-montana-mas-alta-de-mallorca\/"},"modified":"2025-02-19T04:52:21","modified_gmt":"2025-02-19T03:52:21","slug":"la-montana-mas-alta-de-mallorca","status":"publish","type":"post","link":"https:\/\/www.lucasfroeserealestate.com\/es\/la-montana-mas-alta-de-mallorca\/","title":{"rendered":"La monta\u00f1a m\u00e1s alta de Mallorca"},"content":{"rendered":"<h1>\u00bfCu\u00e1l es la monta\u00f1a m\u00e1s alta de Mallorca?<\/h1>\n<h2>Las monta\u00f1as de Mallorca<\/h2>\n<p>Mallorca alberga la gran Serra de Tramuntana, en el noroeste, con una superficie de m\u00e1s de 1.000 km2. Tambi\u00e9n est\u00e1 la Serra de Llevant al este. La costa de la Serra de Tramuntana es muy popular y conocida por lugares como Port de Soller, Estellencs, Deia y Polen\u00e7a con el Cap de Formentor (la costa se extiende m\u00e1s de 90 km).<\/p>\n<p>La Serra de Tramuntana ofrece numerosas rutas de senderismo, excursiones de monta\u00f1a, playas escondidas y monta\u00f1as muy altas. Pero, \u00bfcu\u00e1l es la monta\u00f1a m\u00e1s alta de Mallorca?<\/p>\n<h2>Las monta\u00f1as m\u00e1s altas de Mallorca<\/h2>\n<h3>El Puig Major (1.445 m)<\/h3>\n<ul>\n<li>&#x1f3de;&#xfe0f; Con 1.445 metros, el Puig Mayor es la monta\u00f1a m\u00e1s alta de Mallorca y se encuentra en la Serra de Tramuntana.<\/li>\n<li>&#x2744;&#xfe0f; En invierno, la monta\u00f1a suele estar cubierta de nieve.<\/li>\n<li>&#x1f6e1;&#xfe0f; La cima del Puig Mayor es una zona militar restringida y fue utilizada, entre otros, por el ej\u00e9rcito estadounidense.<\/li>\n<li>&#x1f1ea;&#x1f1f8; Hoy en d\u00eda hay un escuadr\u00f3n de la fuerza a\u00e9rea espa\u00f1ola en la cumbre.<\/li>\n<li>El ingeniero italiano Antonio Paretti proyect\u00f3 y construy\u00f3 una carretera que conduce a la cima.<\/li>\n<li>&#x1f3de;&#xfe0f; A los pies del Puig Mayor hay dos embalses que abastecen de agua potable a Palma.<\/li>\n<li>&#x1f30d; La Serra de Tramuntana es ahora Patrimonio de la Humanidad protegido.<\/li>\n<\/ul>\n<p><a href=\"https:\/\/maps.app.goo.gl\/yaEujF3sSLoQniTVA\" rel=\"nofollow noopener\" target=\"_blank\">https:\/\/maps.app.goo.gl\/yaEujF3sSLoQniTVA<\/a><\/p>\n<p>&nbsp;<\/p>\n<h3>El Puig de Massanella (1.365 m)<\/h3>\n<ul>\n<li>&#x26f0;&#xfe0f; Con 1.364 metros, el Puig de Massanella es la segunda monta\u00f1a m\u00e1s alta de Mallorca y se encuentra en la Serra de Tramuntana.<\/li>\n<li>&#x1f697; La subida comienza en el aparcamiento al sur del Monasterio de Lluc.<\/li>\n<li>&#x1f4b0; Los excursionistas tienen que pagar una \u00abentrada\u00bb de 6 euros por persona, que se utiliza para mantener las rutas de senderismo.<\/li>\n<li>&#x1f333; El ascenso conduce a trav\u00e9s de un bosque de robles y, finalmente, por encima de una arboleda.<\/li>\n<li>&#x1f5fa;&#xfe0f; Hay dos caminos hacia la cumbre, pero est\u00e1n mal se\u00f1alizados.<\/li>\n<li>&#x2744;&#xfe0f; En la ruta sobre el Pla de Sa Neu encontrar\u00e1 las ruinas de antiguas casas de nieve.<\/li>\n<li>&#x1f304; Desde la cima se tiene una vista impresionante de gran parte de la isla, otros picos de la Serra de Tramuntana y el mar.<\/li>\n<li>&#x1f6b6;&#x200d;&#x2640;&#xfe0f; Se requiere un buen sentido de la orientaci\u00f3n y experiencia en monta\u00f1ismo para el ascenso y el descenso.<\/li>\n<li>&#x1f327;&#xfe0f; En caso de mal tiempo, no recomendamos la ascensi\u00f3n.<\/li>\n<li>&#x1f37d;&#xfe0f; En el aparcamiento del monasterio de Lluc se encuentra el restaurante Sa Font Cuberta, donde podr\u00e1 parar a comer algo.<\/li>\n<li>&#x1f4a7; En el restaurante hay una fuente donde se pueden rellenar botellas de agua.<\/li>\n<li>&#x1f3e8; En el Monasterio de Lluc hay alojamiento sencillo para pasar la noche, para lo que hay que inscribirse.<\/li>\n<\/ul>\n<p><a href=\"https:\/\/maps.app.goo.gl\/iAe72WY3HrBngKSG6\" rel=\"nofollow noopener\" target=\"_blank\">https:\/\/maps.app.goo.gl\/iAe72WY3HrBngKSG6<\/a><\/p>\n<p>&nbsp;<\/p>\n<h3>Los Tossals Verds (1.115 m)<\/h3>\n<ul>\n<li>&#x1f3de;&#xfe0f; Tossals Verds es un popular destino de senderismo en Mallorca con una altitud de 1.115 metros.<\/li>\n<li>La ruta suele comenzar en el embalse de C\u00faber, a 750 metros de altitud.<\/li>\n<li>&#x1f504; Hay varias rutas, como rodear la monta\u00f1a o ascender desde el norte o el sur.<\/li>\n<li>&#x2708;&#xfe0f; En el camino hay una depresi\u00f3n con los restos de un Cessna 150 Commuter.<\/li>\n<li>&#x1f333; El sendero contin\u00faa por un terreno pedregoso y un olivar hasta el Refugi des Tossals Verds, donde los bancos de picnic invitan a detenerse.<\/li>\n<li>&#x1f4a6; Tambi\u00e9n hay un grifo para llenar botellas de agua.<\/li>\n<li>&#x1f3dc;&#xfe0f; La subida sur atraviesa un desfiladero y est\u00e1 bien se\u00f1alizada.<\/li>\n<li>&#x1f343; El camino de vuelta es por la boscosa vertiente norte hasta el Coll des Coloms a 808 metros de altitud con maravillosas vistas del Gorg Blau.<\/li>\n<li>&#x1f697; Si sigues la ruta circular, al final llegar\u00e1s de nuevo al aparcamiento del embalse de C\u00faber.<\/li>\n<\/ul>\n<p><a href=\"https:\/\/maps.app.goo.gl\/mw9iuM2WHehVDXbJ6\" rel=\"nofollow noopener\" target=\"_blank\">https:\/\/maps.app.goo.gl\/mw9iuM2WHehVDXbJ6<\/a><\/p>\n<p>&nbsp;<\/p>\n<h3>El Puig de sa Rateta (1.113 m)<\/h3>\n<ul>\n<li>&#x1f6b6;&#x200d;&#x2642;&#xfe0f; La excursi\u00f3n al Puig de sa Rateta (1.113 m) comienza en el embalse de C\u00faber y es de dificultad media-alta.<\/li>\n<li>&#x1f698; El aparcamiento del punto de partida de la excursi\u00f3n se encuentra en la MA-10, que une Escorca con S\u00f3ller.<\/li>\n<li>&#x26f0;&#xfe0f; El Puig de sa Rateta forma parte de una triple formaci\u00f3n de tres picos, junto con el Puig de na Franquesa y el Puig de l`Ofre.<\/li>\n<li>&#x1f3de;&#xfe0f; La caminata comienza con un circuito del embalse por un sendero relativamente llano.<\/li>\n<li>&#x1f4cc; Las rutas est\u00e1n se\u00f1alizadas con marcas amarillas y rojas y mojones.<\/li>\n<li>&#x2744;&#xfe0f; En el camino hacia la cima se encuentran los restos de una antigua casa de nieve donde anta\u00f1o se produc\u00eda hielo.<\/li>\n<li>&#x1f5fb; Una vez en la cima, se puede disfrutar de una fant\u00e1stica vista del embalse de C\u00faber, el Gorg Blau y el Puig Mayor al fondo.<\/li>\n<\/ul>\n<p><a href=\"https:\/\/maps.app.goo.gl\/GoAPmeJRXC1u93447\" rel=\"nofollow noopener\" target=\"_blank\">https:\/\/maps.app.goo.gl\/GoAPmeJRXC1u93447<\/a><\/p>\n<h3>El Puig de Tomir (1.103 m)<\/h3>\n<ul>\n<li>&#x1f5fa;&#xfe0f; Puig Tomir es una monta\u00f1a de 1.103 metros de altura cercana al lugar de peregrinaci\u00f3n de Lluc.<\/li>\n<li>&#x1f97e; La ruta comienza en el Monasterio de Lluc (480 m) y discurre por el sendero de gran recorrido GR 221 hasta el Puig de Tomir.<\/li>\n<li>&#x1f3e0; Por el camino, pasar\u00e1s por el Refugi son Amer (540 m), un refugio de monta\u00f1a con habitaciones.<\/li>\n<li>&#x1f3d4;&#xfe0f; La subida al Puig de Tomir se realiza por un sendero de monta\u00f1a lleno de baches y una meseta rocosa con pasos similares a las v\u00edas ferratas, que est\u00e1n asegurados.<\/li>\n<li>&#x1f463; El camino hacia la cima est\u00e1 marcado por montones de piedras.<\/li>\n<li>&#x1f37d;&#xfe0f; Despu\u00e9s de la caminata, podr\u00e1 refrescarse y comer en el restaurante Sa Font Cuberta del monasterio de Lluc.<\/li>\n<li>&#x1f3e8; El monasterio tambi\u00e9n ofrece alojamiento para pasar la noche.<\/li>\n<\/ul>\n<p>https:\/\/maps.app.goo.gl\/YYfwoT1MqgFnv7Yt5<\/p>\n<h4>El Puig de Ofre (1.098 m)<\/h4>\n<h4>La Serra de Alfabia (1.070 m)<\/h4>\n<h4>El Puig de n&#8217;Ali (1.035 m)<\/h4>\n<h4>El Puig de Galatz\u00f3 (1.027 m)<\/h4>\n<h4>El Puig Roig (1.002 m)<\/h4>\n<blockquote><p>\u00bfCu\u00e1l es su monta\u00f1a favorita de Mallorca? Para ser sinceros, la nuestra es la monta\u00f1a de Sant Salvador, en el sureste de Mallorca, con s\u00f3lo 509 metros, pero sin embargo una de las vistas panor\u00e1micas m\u00e1s impresionantes de la isla (y por cierto, los atardeceres y amaneceres m\u00e1s bonitos&#8230;).<\/p><\/blockquote>\n","protected":false},"excerpt":{"rendered":"<p>\u00bfCu\u00e1l es la monta\u00f1a m\u00e1s alta de Mallorca? Las monta\u00f1as de Mallorca Mallorca alberga la gran Serra de Tramuntana, en el noroeste, con una superficie de m\u00e1s de 1.000 km2. Tambi\u00e9n est\u00e1 la Serra de Llevant al este. La costa de la Serra de Tramuntana es muy popular y conocida por lugares como Port de&#8230;<\/p>\n","protected":false},"author":1,"featured_media":22470,"comment_status":"closed","ping_status":"closed","sticky":false,"template":"","format":"standard","meta":{"footnotes":""},"categories":[4140,4134,4139],"tags":[],"class_list":["post-46165","post","type-post","status-publish","format-standard","has-post-thumbnail","hentry","category-actividades","category-curiosidades","category-ubicaciones"],"_links":{"self":[{"href":"https:\/\/www.lucasfroeserealestate.com\/es\/wp-json\/wp\/v2\/posts\/46165","targetHints":{"allow":["GET"]}}],"collection":[{"href":"https:\/\/www.lucasfroeserealestate.com\/es\/wp-json\/wp\/v2\/posts"}],"about":[{"href":"https:\/\/www.lucasfroeserealestate.com\/es\/wp-json\/wp\/v2\/types\/post"}],"author":[{"embeddable":true,"href":"https:\/\/www.lucasfroeserealestate.com\/es\/wp-json\/wp\/v2\/users\/1"}],"replies":[{"embeddable":true,"href":"https:\/\/www.lucasfroeserealestate.com\/es\/wp-json\/wp\/v2\/comments?post=46165"}],"version-history":[{"count":0,"href":"https:\/\/www.lucasfroeserealestate.com\/es\/wp-json\/wp\/v2\/posts\/46165\/revisions"}],"wp:featuredmedia":[{"embeddable":true,"href":"https:\/\/www.lucasfroeserealestate.com\/es\/wp-json\/wp\/v2\/media\/22470"}],"wp:attachment":[{"href":"https:\/\/www.lucasfroeserealestate.com\/es\/wp-json\/wp\/v2\/media?parent=46165"}],"wp:term":[{"taxonomy":"category","embeddable":true,"href":"https:\/\/www.lucasfroeserealestate.com\/es\/wp-json\/wp\/v2\/categories?post=46165"},{"taxonomy":"post_tag","embeddable":true,"href":"https:\/\/www.lucasfroeserealestate.com\/es\/wp-json\/wp\/v2\/tags?post=46165"}],"curies":[{"name":"wp","href":"https:\/\/api.w.org\/{rel}","templated":true}]}}