{"id":45005,"date":"2021-10-24T12:45:48","date_gmt":"2021-10-24T10:45:48","guid":{"rendered":"https:\/\/www.lucasfroeserealestate.com\/fiestas-y-mercados-de-los-fuegos-en-felanitx\/"},"modified":"2025-02-19T04:52:27","modified_gmt":"2025-02-19T03:52:27","slug":"fiestas-y-mercados-de-los-fuegos-en-felanitx","status":"publish","type":"post","link":"https:\/\/www.lucasfroeserealestate.com\/es\/fiestas-y-mercados-de-los-fuegos-en-felanitx\/","title":{"rendered":"Fiestas y Mercados de los Fuegos en Felanitx"},"content":{"rendered":"<h1>\u00abFires\u00bb fiestas y mercados en Felanitx y sus pueblos:<\/h1>\n<h2>Tradici\u00f3n y gastronom\u00eda que no debe perderse<\/h2>\n<p>En Felanitx y sus pueblos, las fiestas y mercados anuales son verdaderos tesoros culturales y gastron\u00f3micos que no hay que perderse. En esta singular ciudad de Mallorca, el calendario est\u00e1 repleto de acontecimientos que reflejan la historia, las ra\u00edces y la pasi\u00f3n de sus gentes. Este art\u00edculo le llevar\u00e1 en un emocionante viaje a trav\u00e9s de las fiestas m\u00e1s destacadas de Felanitx y sus alrededores y le mostrar\u00e1 por qu\u00e9 estas fiestas son tan especiales.<\/p>\n<p>&nbsp;<\/p>\n<div id=\"attachment_44999\" style=\"width: 430px\" class=\"wp-caption alignleft\"><img decoding=\"async\" aria-describedby=\"caption-attachment-44999\" class=\"size-full wp-image-44999\" src=\"https:\/\/www.lucasfroeserealestate.com\/wp-content\/uploads\/2023\/10\/fires-felanitx-feste-mallorca-004-1.jpg\" alt=\"Fires Felanitx Festa - Fira del pebre bord\" width=\"420\" height=\"560\" title=\"\" srcset=\"https:\/\/www.lucasfroeserealestate.com\/wp-content\/uploads\/2023\/10\/fires-felanitx-feste-mallorca-004-1.jpg 420w, https:\/\/www.lucasfroeserealestate.com\/wp-content\/uploads\/2023\/10\/fires-felanitx-feste-mallorca-004-1-225x300.jpg 225w, https:\/\/www.lucasfroeserealestate.com\/wp-content\/uploads\/2023\/10\/fires-felanitx-feste-mallorca-004-1-113x150.jpg 113w\" sizes=\"(max-width: 420px) 100vw, 420px\" \/><p id=\"caption-attachment-44999\" class=\"wp-caption-text\">Fires Felanitx Festa - Fira del pebre bord<\/p><\/div>\n<h3>Fira de Maig\/Mercado de mayo: un animado comienzo de primavera<\/h3>\n<p>El Mercado de Mayo, que se celebra el segundo domingo de mayo, marca el comienzo de la primavera con entusiasmo y colorido. Es una animada fiesta en la que las calles se convierten en un mosaico de puestos con artesan\u00eda local, productos frescos de granja y deliciosas especialidades culinarias. No pierda la oportunidad de probar platos tradicionales como la sobrasada, el tumbet y los exquisitos embutidos locales. La m\u00fasica en directo y los bailes folcl\u00f3ricos llenan el aire de alegr\u00eda y entretenimiento.<\/p>\n<p>&nbsp;<\/p>\n<h3>Fira de Santa Margalida: devoci\u00f3n y tradici\u00f3n<\/h3>\n<p>La fiesta de Santa Margalida est\u00e1 profundamente arraigada en la cultura local. Se celebra el domingo anterior al 20 de julio o, si ese d\u00eda es domingo, el mismo 20 de julio. Esta fiesta venera a Santa Margalida, patrona de Felanitx. Las procesiones religiosas son el n\u00facleo de las celebraciones y se caracterizan por la m\u00fasica sacra y una devoci\u00f3n palpable. Es una oportunidad ideal para conocer la fe religiosa y la comunidad de Felanitx.<\/p>\n<p>&nbsp;<\/p>\n<h3>Fira de Sant Agust\u00ed: Un alegre ambiente veraniego<\/h3>\n<p>El domingo anterior al 28 de agosto, Felanitx se transforma en un para\u00edso estival con las fiestas de Sant Agust\u00ed. Este festival es sin\u00f3nimo de diversi\u00f3n y entretenimiento para todos. Hay atracciones, juegos, m\u00fasica en directo y muchos otros actos. Es la ocasi\u00f3n perfecta para pasar tiempo con amigos y familiares en un ambiente relajado y alegre.<\/p>\n<p>Aqu\u00ed se re\u00fanen los lugare\u00f1os, grandes o peque\u00f1os, viejos o j\u00f3venes. Hay varios grupos tradicionales (las \u00abPe\u00f1as\u00bb), lo que es f\u00e1cil de notar por las camisetas con sus nombres. Para aparcar, lo mejor es hacerlo en las afueras de la ciudad, ya que ese d\u00eda no est\u00e1 permitido entrar en coche en la ciudad (s\u00f3lo los residentes, lo que se controla mediante controles policiales).<\/p>\n<p>&nbsp;<\/p>\n<h3>Fire de Sant Miquel: La fiesta de los arc\u00e1ngeles<\/h3>\n<p>El domingo anterior al 29 de septiembre, la fiesta de Sant Miquel celebra a los arc\u00e1ngeles con un ambiente especial. Los puestos con productos artesanales y la gastronom\u00eda local brillan en este evento. No olvide probar los tradicionales \u00abRobiols\u00bb y las delicias dulces que rinden homenaje a esta fiesta. Tambi\u00e9n podr\u00e1 disfrutar de conciertos y actividades culturales que complementan la celebraci\u00f3n.<\/p>\n<p>&nbsp;<\/p>\n<h3>Fira del Pebre Bord: Una tradici\u00f3n que no se olvida<\/h3>\n<p>El mercado de Pebre Bord es una celebraci\u00f3n \u00fanica que tiene lugar el domingo siguiente al 18 de octubre y coincide con la festividad de San Lluc. Esta fiesta rememora una tradici\u00f3n hist\u00f3rica en la que se compraban especias para las matanzas. Es una oportunidad \u00fanica para probar platos con el caracter\u00edstico \u00abPebre Bord\u00bb, un ingrediente que define la cocina local y que le dejar\u00e1 un sabor exquisito. Este festival se ha desarrollado cada vez m\u00e1s en los \u00faltimos a\u00f1os.<\/p>\n<p>Hoy en d\u00eda, hay exposiciones de coches antiguos, actividades para ni\u00f1os, muchos puestos de empresas locales, deliciosos panes de sobrasada para comer \u00aben la mano\u00bb, conciertos de m\u00fasica&#8230; y mucho m\u00e1s. Aproveche la oportunidad para comprar algunos productos locales y tradicionales como queso, embutidos, especias, etc.<\/p>\n<p>Y de postre, no se olvide de llevarse unos bunyols, que son unos peque\u00f1os bu\u00f1uelos mallorquines hechos con patatas&#8230;.. \u00a1Simplemente celestiales!<\/p>\n<div id=\"attachment_44996\" style=\"width: 430px\" class=\"wp-caption alignright\"><img decoding=\"async\" aria-describedby=\"caption-attachment-44996\" class=\"size-full wp-image-44996\" src=\"https:\/\/www.lucasfroeserealestate.com\/wp-content\/uploads\/2023\/10\/fires-felanitx-feste-mallorca-003-1.jpg\" alt=\"Fires Felanitx Festa - Fira del pebre bord\" width=\"420\" height=\"560\" title=\"\" srcset=\"https:\/\/www.lucasfroeserealestate.com\/wp-content\/uploads\/2023\/10\/fires-felanitx-feste-mallorca-003-1.jpg 420w, https:\/\/www.lucasfroeserealestate.com\/wp-content\/uploads\/2023\/10\/fires-felanitx-feste-mallorca-003-1-225x300.jpg 225w, https:\/\/www.lucasfroeserealestate.com\/wp-content\/uploads\/2023\/10\/fires-felanitx-feste-mallorca-003-1-113x150.jpg 113w\" sizes=\"(max-width: 420px) 100vw, 420px\" \/><p id=\"caption-attachment-44996\" class=\"wp-caption-text\">Fires Felanitx Festa - Fira del pebre bord<\/p><\/div>\n<p>&nbsp;<\/p>\n<h3>Mercado de S&#8217;Horta: pura tradici\u00f3n rural<\/h3>\n<p>El mercado de S&#8217;Horta, que se celebra el domingo anterior a la fiesta de la Quinquagesima, nos transporta a las ra\u00edces rurales de Mallorca. Aqu\u00ed podr\u00e1 admirar la artesan\u00eda local y descubrir c\u00f3mo se vive en la aut\u00e9ntica Mallorca. No se pierda las exhibiciones de animales, los concursos agr\u00edcolas y las actividades tradicionales que hacen de este mercado una experiencia \u00fanica.<\/p>\n<p>&nbsp;<\/p>\n<h3>Farina Marinera de Portocolom: Un d\u00eda especial junto al mar<\/h3>\n<p>El 16 de julio, Portocolom celebra el mercado marinero en honor de la Mare de D\u00e9u del Carme. Este festival de Portocolom destaca por su relaci\u00f3n con el mar. Podr\u00e1 disfrutar de procesiones de barcas, bendiciones de barcos y bendiciones de pescadores. Es un d\u00eda perfecto para explorar el puerto y disfrutar de la cocina marinera en los restaurantes locales.<\/p>\n<p>Hoy en d\u00eda tambi\u00e9n hay muchos puestos con deliciosos platos de marisco y algunos dise\u00f1adores locales que venden aqu\u00ed sus productos.<\/p>\n<p>&nbsp;<\/p>\n<h3>Fira de Cas Concos: El encanto de una tradici\u00f3n<\/h3>\n<p>El domingo siguiente a la festividad de San Nicol\u00e1s, que se celebra el 10 de septiembre, Cas Concos se engalana festivamente. Este peque\u00f1o pueblo ofrece su propio mercado, lleno de color, m\u00fasica y actividades para todas las edades. Es una excelente oportunidad para conocer la hospitalidad de los lugare\u00f1os y disfrutar de una aut\u00e9ntica experiencia mallorquina.<\/p>\n<blockquote><p>\u00bfCu\u00e1l es su festival favorito en Mallorca?<\/p><\/blockquote>\n<p>Ahora ya lo sabe, si quiere experimentar la diversidad cultural, la exquisita gastronom\u00eda y el aut\u00e9ntico entretenimiento de Mallorca, no debe perderse las fiestas y mercados de Felanitx y sus alrededores. Cada uno de estos festivales es una ventana abierta a la historia y al alma de esta maravillosa ciudad. No espere m\u00e1s, venga a descubrirlos y viva momentos inolvidables en Mallorca.<\/p>\n","protected":false},"excerpt":{"rendered":"<p>\u00abFires\u00bb fiestas y mercados en Felanitx y sus pueblos: Tradici\u00f3n y gastronom\u00eda que no debe perderse En Felanitx y sus pueblos, las fiestas y mercados anuales son verdaderos tesoros culturales y gastron\u00f3micos que no hay que perderse. En esta singular ciudad de Mallorca, el calendario est\u00e1 repleto de acontecimientos que reflejan la historia, las ra\u00edces&#8230;<\/p>\n","protected":false},"author":1,"featured_media":44993,"comment_status":"closed","ping_status":"closed","sticky":false,"template":"","format":"standard","meta":{"footnotes":""},"categories":[4140,4171],"tags":[],"class_list":["post-45005","post","type-post","status-publish","format-standard","has-post-thumbnail","hentry","category-actividades","category-eventos"],"_links":{"self":[{"href":"https:\/\/www.lucasfroeserealestate.com\/es\/wp-json\/wp\/v2\/posts\/45005","targetHints":{"allow":["GET"]}}],"collection":[{"href":"https:\/\/www.lucasfroeserealestate.com\/es\/wp-json\/wp\/v2\/posts"}],"about":[{"href":"https:\/\/www.lucasfroeserealestate.com\/es\/wp-json\/wp\/v2\/types\/post"}],"author":[{"embeddable":true,"href":"https:\/\/www.lucasfroeserealestate.com\/es\/wp-json\/wp\/v2\/users\/1"}],"replies":[{"embeddable":true,"href":"https:\/\/www.lucasfroeserealestate.com\/es\/wp-json\/wp\/v2\/comments?post=45005"}],"version-history":[{"count":0,"href":"https:\/\/www.lucasfroeserealestate.com\/es\/wp-json\/wp\/v2\/posts\/45005\/revisions"}],"wp:featuredmedia":[{"embeddable":true,"href":"https:\/\/www.lucasfroeserealestate.com\/es\/wp-json\/wp\/v2\/media\/44993"}],"wp:attachment":[{"href":"https:\/\/www.lucasfroeserealestate.com\/es\/wp-json\/wp\/v2\/media?parent=45005"}],"wp:term":[{"taxonomy":"category","embeddable":true,"href":"https:\/\/www.lucasfroeserealestate.com\/es\/wp-json\/wp\/v2\/categories?post=45005"},{"taxonomy":"post_tag","embeddable":true,"href":"https:\/\/www.lucasfroeserealestate.com\/es\/wp-json\/wp\/v2\/tags?post=45005"}],"curies":[{"name":"wp","href":"https:\/\/api.w.org\/{rel}","templated":true}]}}