{"id":43945,"date":"2023-08-25T09:49:06","date_gmt":"2023-08-25T07:49:06","guid":{"rendered":"https:\/\/www.lucasfroeserealestate.com\/la-nueva-casa-de-rafael-nadal\/"},"modified":"2025-02-19T04:52:34","modified_gmt":"2025-02-19T03:52:34","slug":"la-nueva-casa-de-rafael-nadal","status":"publish","type":"post","link":"https:\/\/www.lucasfroeserealestate.com\/es\/la-nueva-casa-de-rafael-nadal\/","title":{"rendered":"La nueva casa de Rafael Nadal"},"content":{"rendered":"<p>Todo el mundo sabe que el tenista profesional Rafael Nadal creci\u00f3 en Mallorca, en la regi\u00f3n de Manacor, y que a\u00fan hoy vive en la zona. Ahora, recientemente, han finalizado las obras de construcci\u00f3n de su nuevo hogar en la zona de Manacor, Porto Cristo para ser exactos (los lugare\u00f1os tambi\u00e9n lo llaman Puerto de Manacor). Ahora toca disfrutar del nuevo hogar, que tambi\u00e9n ha colgado y mostrado en Instagram en las \u00faltimas semanas.<\/p>\n<p>El deportista public\u00f3 una foto flotando en su gran piscina infinita, titulada \u00abTrabajando\u00bb. Se puede contemplar una hermosa vista de Porto Cristo, y del mar.<\/p>\n<blockquote class=\"instagram-media\" style=\"background: #FFF; border: 0; border-radius: 3px; box-shadow: 0 0 1px 0 rgba(0,0,0,0.5),0 1px 10px 0 rgba(0,0,0,0.15); margin: 1px; max-width: 540px; min-width: 326px; padding: 0; width: calc(100% - 2px);\" data-instgrm-captioned=\"\" data-instgrm-permalink=\"https:\/\/www.instagram.com\/p\/CxK0hbkNdb9\/?utm_source=ig_embed&amp;utm_campaign=loading\" data-instgrm-version=\"14\">\n<div style=\"padding: 16px;\">\n<p>&nbsp;<\/p>\n<div style=\"display: flex; flex-direction: row; align-items: center;\">\n<div style=\"background-color: #f4f4f4; border-radius: 50%; flex-grow: 0; height: 40px; margin-right: 14px; width: 40px;\"><\/div>\n<div style=\"display: flex; flex-direction: column; flex-grow: 1; justify-content: center;\">\n<div style=\"background-color: #f4f4f4; border-radius: 4px; flex-grow: 0; height: 14px; margin-bottom: 6px; width: 100px;\"><\/div>\n<div style=\"background-color: #f4f4f4; border-radius: 4px; flex-grow: 0; height: 14px; width: 60px;\"><\/div>\n<\/div>\n<\/div>\n<div style=\"padding: 19% 0;\"><\/div>\n<div style=\"display: block; height: 50px; margin: 0 auto 12px; width: 50px;\"><\/div>\n<div style=\"padding-top: 8px;\">\n<div style=\"color: #3897f0; font-family: Arial,sans-serif; font-size: 14px; font-style: normal; font-weight: 550; line-height: 18px;\">Ver esta publicaci\u00f3n en Instagram<\/div>\n<\/div>\n<div style=\"padding: 12.5% 0;\"><\/div>\n<div style=\"display: flex; flex-direction: row; margin-bottom: 14px; align-items: center;\">\n<div>\n<div style=\"background-color: #f4f4f4; border-radius: 50%; height: 12.5px; width: 12.5px; transform: translateX(0px) translateY(7px);\"><\/div>\n<div style=\"background-color: #f4f4f4; height: 12.5px; transform: rotate(-45deg) translateX(3px) translateY(1px); width: 12.5px; flex-grow: 0; margin-right: 14px; margin-left: 2px;\"><\/div>\n<div style=\"background-color: #f4f4f4; border-radius: 50%; height: 12.5px; width: 12.5px; transform: translateX(9px) translateY(-18px);\"><\/div>\n<\/div>\n<div style=\"margin-left: 8px;\">\n<div style=\"background-color: #f4f4f4; border-radius: 50%; flex-grow: 0; height: 20px; width: 20px;\"><\/div>\n<div style=\"width: 0; height: 0; border-top: 2px solid transparent; border-left: 6px solid #f4f4f4; border-bottom: 2px solid transparent; transform: translateX(16px) translateY(-4px) rotate(30deg);\"><\/div>\n<\/div>\n<div style=\"margin-left: auto;\">\n<div style=\"width: 0px; border-top: 8px solid #F4F4F4; border-right: 8px solid transparent; transform: translateY(16px);\"><\/div>\n<div style=\"background-color: #f4f4f4; flex-grow: 0; height: 12px; width: 16px; transform: translateY(-4px);\"><\/div>\n<div style=\"width: 0; height: 0; border-top: 8px solid #F4F4F4; border-left: 8px solid transparent; transform: translateY(-4px) translateX(8px);\"><\/div>\n<\/div>\n<\/div>\n<div style=\"display: flex; flex-direction: column; flex-grow: 1; justify-content: center; margin-bottom: 24px;\">\n<div style=\"background-color: #f4f4f4; border-radius: 4px; flex-grow: 0; height: 14px; margin-bottom: 6px; width: 224px;\"><\/div>\n<div style=\"background-color: #f4f4f4; border-radius: 4px; flex-grow: 0; height: 14px; width: 144px;\"><\/div>\n<\/div>\n<p>&nbsp;<\/p>\n<p style=\"color: #c9c8cd; font-family: Arial,sans-serif; font-size: 14px; line-height: 17px; margin-bottom: 0; margin-top: 8px; overflow: hidden; padding: 8px 0 7px; text-align: center; text-overflow: ellipsis; white-space: nowrap;\"><a style=\"color: #c9c8cd; font-family: Arial,sans-serif; font-size: 14px; font-style: normal; font-weight: normal; line-height: 17px; text-decoration: none;\" href=\"https:\/\/www.instagram.com\/p\/CxK0hbkNdb9\/?utm_source=ig_embed&amp;utm_campaign=loading\" target=\"_blank\" rel=\"noopener nofollow\">Una publicaci\u00f3n compartida de Rafa Nadal (@rafaelnadal)<\/a><\/p>\n<\/div>\n<\/blockquote>\n<p><script async=\"\" src=\"\/\/www.instagram.com\/embed.js\"><\/script><\/p>\n<p>La propiedad con muchos edificios existentes fue comprada hace unos 10 a\u00f1os por la familia de los propietarios de \u00abCova des dracs\u00bb. Todos los edificios han sido reconstruidos y renovados, incluyendo una hermosa piscina y jard\u00edn, donde la propiedad se extiende a m\u00e1s de 1000 m2. La finalizaci\u00f3n tuvo lugar este a\u00f1o, y las reformas comenzar\u00e1n en 2019, poco despu\u00e9s de la boda de Rafa Nadal.<\/p>\n<p>Una de las razones para instalarse en Porto Cristo fue la facilidad de tener el catamar\u00e1n en el puerto, justo en la puerta de casa. Antes sol\u00eda fondear en Portocolom, ya que antes hab\u00eda problemas para repostar en Porto Cristo. Si tambi\u00e9n buscas <a href=\"https:\/\/www.lucasfroeserealestate.com\/immobilien-in-portocristo\/\">una propiedad en Porto Cristo<\/a>, o incluso quieres <a href=\"https:\/\/www.lucasfroeserealestate.com\/villa-auf-mallorca-kaufen\/\">comprar un chalet en Mallorca<\/a>, \u00a1encontraremos justo la propiedad de tus sue\u00f1os!<\/p>\n<blockquote><p>Perder no es el enemigo. El miedo a perder es el enemigo. - Rafa Nadal<\/p><\/blockquote>\n<p>As\u00ed, tras 22 t\u00edtulos de Grand Slam, el tenista profesional tambi\u00e9n puede a\u00f1adir \u00e9ste a su colecci\u00f3n, con la villa m\u00e1s hermosa de Porto Cristo&#8230;<\/p>\n","protected":false},"excerpt":{"rendered":"<p>Todo el mundo sabe que el tenista profesional Rafael Nadal creci\u00f3 en Mallorca, en la regi\u00f3n de Manacor, y que a\u00fan hoy vive en la zona. Ahora, recientemente, han finalizado las obras de construcci\u00f3n de su nuevo hogar en la zona de Manacor, Porto Cristo para ser exactos (los lugare\u00f1os tambi\u00e9n lo llaman Puerto de&#8230;<\/p>\n","protected":false},"author":1,"featured_media":43938,"comment_status":"closed","ping_status":"closed","sticky":false,"template":"","format":"standard","meta":{"footnotes":""},"categories":[4163],"tags":[],"class_list":["post-43945","post","type-post","status-publish","format-standard","has-post-thumbnail","hentry","category-noticias"],"_links":{"self":[{"href":"https:\/\/www.lucasfroeserealestate.com\/es\/wp-json\/wp\/v2\/posts\/43945","targetHints":{"allow":["GET"]}}],"collection":[{"href":"https:\/\/www.lucasfroeserealestate.com\/es\/wp-json\/wp\/v2\/posts"}],"about":[{"href":"https:\/\/www.lucasfroeserealestate.com\/es\/wp-json\/wp\/v2\/types\/post"}],"author":[{"embeddable":true,"href":"https:\/\/www.lucasfroeserealestate.com\/es\/wp-json\/wp\/v2\/users\/1"}],"replies":[{"embeddable":true,"href":"https:\/\/www.lucasfroeserealestate.com\/es\/wp-json\/wp\/v2\/comments?post=43945"}],"version-history":[{"count":0,"href":"https:\/\/www.lucasfroeserealestate.com\/es\/wp-json\/wp\/v2\/posts\/43945\/revisions"}],"wp:featuredmedia":[{"embeddable":true,"href":"https:\/\/www.lucasfroeserealestate.com\/es\/wp-json\/wp\/v2\/media\/43938"}],"wp:attachment":[{"href":"https:\/\/www.lucasfroeserealestate.com\/es\/wp-json\/wp\/v2\/media?parent=43945"}],"wp:term":[{"taxonomy":"category","embeddable":true,"href":"https:\/\/www.lucasfroeserealestate.com\/es\/wp-json\/wp\/v2\/categories?post=43945"},{"taxonomy":"post_tag","embeddable":true,"href":"https:\/\/www.lucasfroeserealestate.com\/es\/wp-json\/wp\/v2\/tags?post=43945"}],"curies":[{"name":"wp","href":"https:\/\/api.w.org\/{rel}","templated":true}]}}