{"id":43458,"date":"2023-09-08T10:04:29","date_gmt":"2023-09-08T08:04:29","guid":{"rendered":"https:\/\/www.lucasfroeserealestate.com\/inmuebles-en-mallorca-hasta-200-000-euros\/"},"modified":"2026-01-10T10:34:31","modified_gmt":"2026-01-10T09:34:31","slug":"inmuebles-en-mallorca-hasta-200-000-euros","status":"publish","type":"post","link":"https:\/\/www.lucasfroeserealestate.com\/es\/inmuebles-en-mallorca-hasta-200-000-euros\/","title":{"rendered":"Inmuebles en Mallorca hasta 200.000 euros"},"content":{"rendered":"\t\t<div data-elementor-type=\"wp-post\" data-elementor-id=\"43458\" class=\"elementor elementor-43458 elementor-43440\" data-elementor-post-type=\"post\">\n\t\t\t\t\t\t<section class=\"elementor-section elementor-top-section elementor-element elementor-element-1099840d elementor-section-boxed elementor-section-height-default elementor-section-height-default\" data-id=\"1099840d\" data-element_type=\"section\" data-e-type=\"section\">\n\t\t\t\t\t\t<div class=\"elementor-container elementor-column-gap-default\">\n\t\t\t\t\t<div class=\"elementor-column elementor-col-100 elementor-top-column elementor-element elementor-element-1528977b\" data-id=\"1528977b\" data-element_type=\"column\" data-e-type=\"column\">\n\t\t\t<div class=\"elementor-widget-wrap elementor-element-populated\">\n\t\t\t\t\t\t<div class=\"elementor-element elementor-element-ab2fcf8 elementor-widget elementor-widget-text-editor\" data-id=\"ab2fcf8\" data-element_type=\"widget\" data-e-type=\"widget\" data-widget_type=\"text-editor.default\">\n\t\t\t\t<div class=\"elementor-widget-container\">\n\t\t\t\t\t\t\t\t\t<h1>Inmuebles en Mallorca hasta 200.000 euros<\/h1><h2>\u00bfA\u00fan es posible por este precio?<\/h2><p><strong>S\u00ed, sigue habiendo propiedades de hasta 200.000 euros en Mallorca.<\/strong> Pero ya no hay propiedades listas para entrar a vivir como hace unos a\u00f1os. En algunas regiones, como el sureste, sigue habiendo oportunidades de comprar una propiedad por menos de 200.000 euros. Como no s\u00f3lo nos centramos en el mercado de lujo, sino tambi\u00e9n en las inversiones, y estamos muy bien conectados con la sociedad internacional y mallorquina de esta regi\u00f3n, te recomendamos que vuelvas a consultar aqu\u00ed de vez en cuando (o incluso mejor suscr\u00edbete a nuestro bolet\u00edn en el men\u00fa de arriba para ser el primero en enterarte de las ofertas).<\/p><p>Las regiones m\u00e1s interesantes para \u00abinmuebles todav\u00eda baratos\u00bb son el sureste y el sur (excluimos el centro de la isla porque no tiene tanto potencial de desarrollo como inversi\u00f3n como estas dos zonas). En 2023, un crecimiento particularmente fuerte de las consultas y de las <strong><a href=\"https:\/\/www.lucasfroeserealestate.com\/es\/immobilien-in-ses-salines\/\">compras de propiedades en Ses Salines<\/a><\/strong> (sur) y <strong><a href=\"https:\/\/www.lucasfroeserealestate.com\/es\/immobilien-in-cala-dor\/\">inmuebles en Cala d&#8217;Or<\/a><\/strong> (sureste) (aparte de Portocolom, Felanitx, Cas Concos y Campos, por supuesto), y en 2025 Felanitx fue una de las regiones de m\u00e1s r\u00e1pido crecimiento de Mallorca.<\/p><h2>Lista de propiedades inmobiliarias de hasta 200.000 euros<\/h2>\t\t\t\t\t\t\t\t<\/div>\n\t\t\t\t<\/div>\n\t\t\t\t<div class=\"elementor-element elementor-element-990fe97 elementor-widget elementor-widget-rhea-properties-widget\" data-id=\"990fe97\" data-element_type=\"widget\" data-e-type=\"widget\" data-widget_type=\"rhea-properties-widget.default\">\n\t\t\t\t<div class=\"elementor-widget-container\">\n\t\t\t\t\t        <section id=\"rh-990fe97\" class=\"rh_elementor_widget rh_latest-properties rhea_properties_default rhea_ele_property_ajax_target rhea_latest_properties_ajax elementor_properties_grid elementor_property_card_parent rhea_has_tooltip\">\n\t\t\t\n<div class=\"container-latest-properties\">\n    <div class=\"wrapper-section-contents\">\n        <div class=\"home-properties-section-inner home-properties-section-inner-target\">\n\t\t\t                <div class=\"rh_properties_element rh_properties_pagination_append\">\n\t\t\t\t                    <div class=\"wrapper_properties_ele\">\n\n                        <article class=\"rh_prop_card_elementor\">\n\n                            <div class=\"rh_prop_card__wrap\">\n\n\t\t\t\t\t\t\t\t\n                                <figure class=\"rh_prop_card__thumbnail\">\n                                    <div class=\"rhea_figure_property_one\">\n                                        <div class=\"rhea_top_tags_box\">\n\t\t\t\t\t\t\t\t\t\t\t                                        <\/div>\n\n\t                                    \n                                        <a href=\"https:\/\/www.lucasfroeserealestate.com\/es\/immobilien\/parcela-agricola-en-felanitx-con-garaje-trastero-edificabilidad-disponible\/\">\n\t\t\t\t\t\t\t\t\t\t\t<img fetchpriority=\"high\" decoding=\"async\" width=\"488\" height=\"326\" src=\"https:\/\/www.lucasfroeserealestate.com\/wp-content\/uploads\/2026\/04\/Gartentiefe-488x326.jpg\" class=\"attachment-property-thumb-image size-property-thumb-image wp-post-image\" alt=\"\" loading=\"eager\" title=\"\">                                        <\/a>\n\n                                        <div class=\"rh_overlay\"><\/div>\n                                        <div class=\"rh_overlay__contents rh_overlay__fadeIn-bottom\">\n                                            <a href=\"https:\/\/www.lucasfroeserealestate.com\/es\/immobilien\/parcela-agricola-en-felanitx-con-garaje-trastero-edificabilidad-disponible\/\">Ver propiedad                                            <\/a>\n                                        <\/div>\n\t\t\t\t\t\t\t\t\t\t\n                                    <\/div>\n\n                                    <div class=\"rh_prop_card__btns\">\n\t\t\t\t\t\t\t\t\t\t                    <span class=\"favorite-btn-wrap favorite-btn-82875\">\n\t\t\t\t\t\t\t<span class=\"favorite-placeholder highlight__red hide user_not_logged_in\" data-propertyid=\"82875\"  data-tooltip=\"A\u00f1adido a favoritos\" >\n\t\t\t\t\t\t\t\t<svg xmlns=\"http:\/\/www.w3.org\/2000\/svg\" width=\"24\" height=\"24\" viewBox=\"0 0 24 21\">\n  <path class=\"rh_svg\" d=\"M1089.48,1923.98a6.746,6.746,0,0,1,9.54,9.54L1089,1943l-10.02-9.48a6.746,6.746,0,0,1,9.54-9.54A0.641,0.641,0,0,0,1089.48,1923.98Z\" transform=\"translate(-1077 -1922)\"\/>\n<\/svg>\t\t\t\t\t\t\t<\/span>\n\t\t\t\t\t\t\t<a href=\"#\" class=\"favorite add-to-favorite user_not_logged_in\" data-propertyid=\"82875\"  data-tooltip=\"A\u00f1adir a favoritos\" >\n\t\t\t\t\t\t\t\t<svg xmlns=\"http:\/\/www.w3.org\/2000\/svg\" width=\"24\" height=\"24\" viewBox=\"0 0 24 21\">\n  <path class=\"rh_svg\" d=\"M1089.48,1923.98a6.746,6.746,0,0,1,9.54,9.54L1089,1943l-10.02-9.48a6.746,6.746,0,0,1,9.54-9.54A0.641,0.641,0,0,0,1089.48,1923.98Z\" transform=\"translate(-1077 -1922)\"\/>\n<\/svg>\t\t\t\t\t\t\t<\/a>\n\t\t\t\t\t\t<\/span>\n\t\t\t\t\t                                    <\/div>\n                                <\/figure>\n\n                                <div class=\"rh_prop_card__details_elementor\">\n\n                                    <h3><a href=\"https:\/\/www.lucasfroeserealestate.com\/es\/immobilien\/parcela-agricola-en-felanitx-con-garaje-trastero-edificabilidad-disponible\/\">Finca agr\u00edcola en Felanitx con garaje\/trastero y opci\u00f3n residencial<\/a><\/h3>\n\n\t\t\t\t\t\t\t\t\t\n                                        <p class=\"rh_prop_card__excerpt\">Esta propiedad de 823 m\u00b2 en Felanitx ofrece m\u00e1s de&hellip;<\/p>\n\n\t\t\t\t\t\t\t\t\t\t\n                                    <div class=\"rh_prop_card__meta_wrap_elementor\">\n\t\t                                    <div class=\"rh_prop_card_meta_wrap_stylish\">\n\t\t        <div class=\"rh_prop_card__meta\" style=\"order: 2\">\n\t\t\t\t\t\t\t<span class=\"rhea_meta_titles\">Ba\u00f1os<\/span>                <div class=\"rhea_meta_icon_wrapper\">\n\t\t\t\t\t<img decoding=\"async\" class=\"custom-meta-icon custom-meta-icon-image\" src=\"https:\/\/www.lucasfroeserealestate.com\/wp-content\/uploads\/2024\/09\/badezimmer-immobilien-mallorca.png\" alt=\"Icono meta de la propiedad Cuartos de ba\u00f1o.\" title=\"\">\t\t\t\t\t<span class=\"figure\">1<\/span>\t\t\t\t\t                <\/div>\n\t\t\t        <\/div>\n\t\t        <div class=\"rh_prop_card__meta\" style=\"order: 3\">\n\t\t\t\t\t\t\t<span class=\"rhea_meta_titles\">Zona<\/span>                <div class=\"rhea_meta_icon_wrapper\">\n\t\t\t\t\t<img decoding=\"async\" class=\"custom-meta-icon custom-meta-icon-image\" src=\"https:\/\/www.lucasfroeserealestate.com\/wp-content\/uploads\/2024\/09\/wohnflaeche-immobilien-mallorca.png\" alt=\"Icono meta de la propiedad Tama\u00f1o del \u00c1rea.\" title=\"\">\t\t\t\t\t<span class=\"figure\">133<\/span>\t\t\t\t\t<span class=\"label\">m2<\/span>                <\/div>\n\t\t\t        <\/div>\n\t\t    <\/div>\n\t                                    <\/div>\n\n                                    <div class=\"rh_prop_card__priceLabel \">\n                                        <div class=\"rhea_property_price_box\">\n                                            <span class=\"rh_prop_card__status\">\n                                                Precio                                            <\/span>\n                                            <p class=\"rh_prop_card__price \">\n\t\t\t\t                                 180.000\u20ac                                             <\/p>\n                                        <\/div>\n\t\t                                                                            <div class=\"rhea_rvr_ratings rvr_rating_right\">\n\t\t\t\t                                                                            <\/div>\n\t\t                                                                    <\/div>\n\n                                <\/div>\n\n                            <\/div>\n\n                        <\/article>\n\n                    <\/div>\n\t\t\t\t\t                    <div class=\"wrapper_properties_ele\">\n\n                        <article class=\"rh_prop_card_elementor\">\n\n                            <div class=\"rh_prop_card__wrap\">\n\n\t\t\t\t\t\t\t\t\n                                <figure class=\"rh_prop_card__thumbnail\">\n                                    <div class=\"rhea_figure_property_one\">\n                                        <div class=\"rhea_top_tags_box\">\n\t\t\t\t\t\t\t\t\t\t\t                                        <\/div>\n\n\t                                    \n                                        <a href=\"https:\/\/www.lucasfroeserealestate.com\/es\/immobilien\/solar-urbano-en-sa-coma\/\">\n\t\t\t\t\t\t\t\t\t\t\t<img decoding=\"async\" width=\"488\" height=\"326\" src=\"https:\/\/www.lucasfroeserealestate.com\/wp-content\/uploads\/2025\/02\/WhatsApp-Image-2025-02-02-at-220104-1-488x326.jpg\" class=\"attachment-property-thumb-image size-property-thumb-image wp-post-image\" alt=\"\" srcset=\"https:\/\/www.lucasfroeserealestate.com\/wp-content\/uploads\/2025\/02\/WhatsApp-Image-2025-02-02-at-220104-1-488x326.jpg 488w, https:\/\/www.lucasfroeserealestate.com\/wp-content\/uploads\/2025\/02\/WhatsApp-Image-2025-02-02-at-220104-1-300x200.jpg 300w, https:\/\/www.lucasfroeserealestate.com\/wp-content\/uploads\/2025\/02\/WhatsApp-Image-2025-02-02-at-220104-1-1024x682.jpg 1024w, https:\/\/www.lucasfroeserealestate.com\/wp-content\/uploads\/2025\/02\/WhatsApp-Image-2025-02-02-at-220104-1-768x511.jpg 768w, https:\/\/www.lucasfroeserealestate.com\/wp-content\/uploads\/2025\/02\/WhatsApp-Image-2025-02-02-at-220104-1-1536x1022.jpg 1536w, https:\/\/www.lucasfroeserealestate.com\/wp-content\/uploads\/2025\/02\/WhatsApp-Image-2025-02-02-at-220104-1-150x100.jpg 150w, https:\/\/www.lucasfroeserealestate.com\/wp-content\/uploads\/2025\/02\/WhatsApp-Image-2025-02-02-at-220104-1.jpg 1600w\" sizes=\"(max-width: 488px) 100vw, 488px\" loading=\"eager\" title=\"\">                                        <\/a>\n\n                                        <div class=\"rh_overlay\"><\/div>\n                                        <div class=\"rh_overlay__contents rh_overlay__fadeIn-bottom\">\n                                            <a href=\"https:\/\/www.lucasfroeserealestate.com\/es\/immobilien\/solar-urbano-en-sa-coma\/\">Ver propiedad                                            <\/a>\n                                        <\/div>\n\t\t\t\t\t\t\t\t\t\t\n                                    <\/div>\n\n                                    <div class=\"rh_prop_card__btns\">\n\t\t\t\t\t\t\t\t\t\t                    <span class=\"favorite-btn-wrap favorite-btn-62223\">\n\t\t\t\t\t\t\t<span class=\"favorite-placeholder highlight__red hide user_not_logged_in\" data-propertyid=\"62223\"  data-tooltip=\"A\u00f1adido a favoritos\" >\n\t\t\t\t\t\t\t\t<svg xmlns=\"http:\/\/www.w3.org\/2000\/svg\" width=\"24\" height=\"24\" viewBox=\"0 0 24 21\">\n  <path class=\"rh_svg\" d=\"M1089.48,1923.98a6.746,6.746,0,0,1,9.54,9.54L1089,1943l-10.02-9.48a6.746,6.746,0,0,1,9.54-9.54A0.641,0.641,0,0,0,1089.48,1923.98Z\" transform=\"translate(-1077 -1922)\"\/>\n<\/svg>\t\t\t\t\t\t\t<\/span>\n\t\t\t\t\t\t\t<a href=\"#\" class=\"favorite add-to-favorite user_not_logged_in\" data-propertyid=\"62223\"  data-tooltip=\"A\u00f1adir a favoritos\" >\n\t\t\t\t\t\t\t\t<svg xmlns=\"http:\/\/www.w3.org\/2000\/svg\" width=\"24\" height=\"24\" viewBox=\"0 0 24 21\">\n  <path class=\"rh_svg\" d=\"M1089.48,1923.98a6.746,6.746,0,0,1,9.54,9.54L1089,1943l-10.02-9.48a6.746,6.746,0,0,1,9.54-9.54A0.641,0.641,0,0,0,1089.48,1923.98Z\" transform=\"translate(-1077 -1922)\"\/>\n<\/svg>\t\t\t\t\t\t\t<\/a>\n\t\t\t\t\t\t<\/span>\n\t\t\t\t\t                                    <\/div>\n                                <\/figure>\n\n                                <div class=\"rh_prop_card__details_elementor\">\n\n                                    <h3><a href=\"https:\/\/www.lucasfroeserealestate.com\/es\/immobilien\/solar-urbano-en-sa-coma\/\">Solar urbano en Sa Coma<\/a><\/h3>\n\n\t\t\t\t\t\t\t\t\t\n                                        <p class=\"rh_prop_card__excerpt\">Espectacular terreno edificable en venta en el pueblo de Sa&hellip;<\/p>\n\n\t\t\t\t\t\t\t\t\t\t\n                                    <div class=\"rh_prop_card__meta_wrap_elementor\">\n\t\t                                    <div class=\"rh_prop_card_meta_wrap_stylish\">\n\t\t    <\/div>\n\t                                    <\/div>\n\n                                    <div class=\"rh_prop_card__priceLabel \">\n                                        <div class=\"rhea_property_price_box\">\n                                            <span class=\"rh_prop_card__status\">\n                                                Precio                                            <\/span>\n                                            <p class=\"rh_prop_card__price \">\n\t\t\t\t                                 160.000\u20ac                                             <\/p>\n                                        <\/div>\n\t\t                                                                            <div class=\"rhea_rvr_ratings rvr_rating_right\">\n\t\t\t\t                                                                            <\/div>\n\t\t                                                                    <\/div>\n\n                                <\/div>\n\n                            <\/div>\n\n                        <\/article>\n\n                    <\/div>\n\t\t\t\t\t                    <div class=\"wrapper_properties_ele\">\n\n                        <article class=\"rh_prop_card_elementor\">\n\n                            <div class=\"rh_prop_card__wrap\">\n\n\t\t\t\t\t\t\t\t\n                                <figure class=\"rh_prop_card__thumbnail\">\n                                    <div class=\"rhea_figure_property_one\">\n                                        <div class=\"rhea_top_tags_box\">\n\t\t\t\t\t\t\t\t\t\t\t                                        <\/div>\n\n\t                                    \n                                        <a href=\"https:\/\/www.lucasfroeserealestate.com\/es\/immobilien\/ladenlokal-in-portocolom\/\">\n\t\t\t\t\t\t\t\t\t\t\t<img decoding=\"async\" width=\"488\" height=\"326\" src=\"https:\/\/www.lucasfroeserealestate.com\/wp-content\/uploads\/2021\/03\/ladenlokal-in-portocolom-LF0287-10-488x326.jpg\" class=\"attachment-property-thumb-image size-property-thumb-image wp-post-image\" alt=\"Bar Gewerbelokal Portocolom\" srcset=\"https:\/\/www.lucasfroeserealestate.com\/wp-content\/uploads\/2021\/03\/ladenlokal-in-portocolom-LF0287-10-488x326.jpg 488w, https:\/\/www.lucasfroeserealestate.com\/wp-content\/uploads\/2021\/03\/ladenlokal-in-portocolom-LF0287-10-300x200.jpg 300w, https:\/\/www.lucasfroeserealestate.com\/wp-content\/uploads\/2021\/03\/ladenlokal-in-portocolom-LF0287-10-1024x683.jpg 1024w, https:\/\/www.lucasfroeserealestate.com\/wp-content\/uploads\/2021\/03\/ladenlokal-in-portocolom-LF0287-10-768x512.jpg 768w, https:\/\/www.lucasfroeserealestate.com\/wp-content\/uploads\/2021\/03\/ladenlokal-in-portocolom-LF0287-10-1536x1024.jpg 1536w, https:\/\/www.lucasfroeserealestate.com\/wp-content\/uploads\/2021\/03\/ladenlokal-in-portocolom-LF0287-10-150x100.jpg 150w, https:\/\/www.lucasfroeserealestate.com\/wp-content\/uploads\/2021\/03\/ladenlokal-in-portocolom-LF0287-10.jpg 1600w\" sizes=\"(max-width: 488px) 100vw, 488px\" loading=\"eager\" title=\"\">                                        <\/a>\n\n                                        <div class=\"rh_overlay\"><\/div>\n                                        <div class=\"rh_overlay__contents rh_overlay__fadeIn-bottom\">\n                                            <a href=\"https:\/\/www.lucasfroeserealestate.com\/es\/immobilien\/ladenlokal-in-portocolom\/\">Ver propiedad                                            <\/a>\n                                        <\/div>\n\t\t\t\t\t\t\t\t\t\t            <span style=\"background: #dd3333; border-color: #dd3333\" class='rhea-property-label'>-15.000<\/span>\n\t\t\t\n                                    <\/div>\n\n                                    <div class=\"rh_prop_card__btns\">\n\t\t\t\t\t\t\t\t\t\t                    <span class=\"favorite-btn-wrap favorite-btn-23913\">\n\t\t\t\t\t\t\t<span class=\"favorite-placeholder highlight__red hide user_not_logged_in\" data-propertyid=\"23913\"  data-tooltip=\"A\u00f1adido a favoritos\" >\n\t\t\t\t\t\t\t\t<svg xmlns=\"http:\/\/www.w3.org\/2000\/svg\" width=\"24\" height=\"24\" viewBox=\"0 0 24 21\">\n  <path class=\"rh_svg\" d=\"M1089.48,1923.98a6.746,6.746,0,0,1,9.54,9.54L1089,1943l-10.02-9.48a6.746,6.746,0,0,1,9.54-9.54A0.641,0.641,0,0,0,1089.48,1923.98Z\" transform=\"translate(-1077 -1922)\"\/>\n<\/svg>\t\t\t\t\t\t\t<\/span>\n\t\t\t\t\t\t\t<a href=\"#\" class=\"favorite add-to-favorite user_not_logged_in\" data-propertyid=\"23913\"  data-tooltip=\"A\u00f1adir a favoritos\" >\n\t\t\t\t\t\t\t\t<svg xmlns=\"http:\/\/www.w3.org\/2000\/svg\" width=\"24\" height=\"24\" viewBox=\"0 0 24 21\">\n  <path class=\"rh_svg\" d=\"M1089.48,1923.98a6.746,6.746,0,0,1,9.54,9.54L1089,1943l-10.02-9.48a6.746,6.746,0,0,1,9.54-9.54A0.641,0.641,0,0,0,1089.48,1923.98Z\" transform=\"translate(-1077 -1922)\"\/>\n<\/svg>\t\t\t\t\t\t\t<\/a>\n\t\t\t\t\t\t<\/span>\n\t\t\t\t\t                                    <\/div>\n                                <\/figure>\n\n                                <div class=\"rh_prop_card__details_elementor\">\n\n                                    <h3><a href=\"https:\/\/www.lucasfroeserealestate.com\/es\/immobilien\/ladenlokal-in-portocolom\/\">Local comercial en Portocolom directamente en la Plaza Corso<\/a><\/h3>\n\n\t\t\t\t\t\t\t\t\t\n                                        <p class=\"rh_prop_card__excerpt\">Se vende un atractivo local comercial en una ubicaci\u00f3n privilegiada&hellip;<\/p>\n\n\t\t\t\t\t\t\t\t\t\t\n                                    <div class=\"rh_prop_card__meta_wrap_elementor\">\n\t\t                                    <div class=\"rh_prop_card_meta_wrap_stylish\">\n\t\t        <div class=\"rh_prop_card__meta\" style=\"order: 2\">\n\t\t\t\t\t\t\t<span class=\"rhea_meta_titles\">Ba\u00f1os<\/span>                <div class=\"rhea_meta_icon_wrapper\">\n\t\t\t\t\t<img decoding=\"async\" class=\"custom-meta-icon custom-meta-icon-image\" src=\"https:\/\/www.lucasfroeserealestate.com\/wp-content\/uploads\/2024\/09\/badezimmer-immobilien-mallorca.png\" alt=\"Icono meta de la propiedad Cuartos de ba\u00f1o.\" title=\"\">\t\t\t\t\t<span class=\"figure\">4<\/span>\t\t\t\t\t                <\/div>\n\t\t\t        <\/div>\n\t\t        <div class=\"rh_prop_card__meta\" style=\"order: 3\">\n\t\t\t\t\t\t\t<span class=\"rhea_meta_titles\">Zona<\/span>                <div class=\"rhea_meta_icon_wrapper\">\n\t\t\t\t\t<img decoding=\"async\" class=\"custom-meta-icon custom-meta-icon-image\" src=\"https:\/\/www.lucasfroeserealestate.com\/wp-content\/uploads\/2024\/09\/wohnflaeche-immobilien-mallorca.png\" alt=\"Icono meta de la propiedad Tama\u00f1o del \u00c1rea.\" title=\"\">\t\t\t\t\t<span class=\"figure\">100<\/span>\t\t\t\t\t                <\/div>\n\t\t\t        <\/div>\n\t\t    <\/div>\n\t                                    <\/div>\n\n                                    <div class=\"rh_prop_card__priceLabel \">\n                                        <div class=\"rhea_property_price_box\">\n                                            <span class=\"rh_prop_card__status\">\n                                                Precio                                            <\/span>\n                                            <p class=\"rh_prop_card__price \">\n\t\t\t\t                                 190.000\u20ac                                             <\/p>\n                                        <\/div>\n\t\t                                                                            <div class=\"rhea_rvr_ratings rvr_rating_right\">\n\t\t\t\t                                                                            <\/div>\n\t\t                                                                    <\/div>\n\n                                <\/div>\n\n                            <\/div>\n\n                        <\/article>\n\n                    <\/div>\n\t\t\t\t\t                <\/div>                <div class=\"rhea_svg_loader\">\n\t\t\t\t\t<svg xmlns=\"http:\/\/www.w3.org\/2000\/svg\" viewBox=\"0 0 32 32\" width=\"32\" height=\"32\" fill=\"#dedede\">\n  <path transform=\"translate(2)\" d=\"M0 12 V20 H4 V12z\"> \n    <animate attributeName=\"d\" values=\"M0 12 V20 H4 V12z; M0 4 V28 H4 V4z; M0 12 V20 H4 V12z; M0 12 V20 H4 V12z\" dur=\"1.2s\" repeatCount=\"indefinite\" begin=\"0\" keytimes=\"0;.2;.5;1\" keySplines=\"0.2 0.2 0.4 0.8;0.2 0.6 0.4 0.8;0.2 0.8 0.4 0.8\" calcMode=\"spline\"  \/>\n  <\/path>\n  <path transform=\"translate(8)\" d=\"M0 12 V20 H4 V12z\">\n    <animate attributeName=\"d\" values=\"M0 12 V20 H4 V12z; M0 4 V28 H4 V4z; M0 12 V20 H4 V12z; M0 12 V20 H4 V12z\" dur=\"1.2s\" repeatCount=\"indefinite\" begin=\"0.2\" keytimes=\"0;.2;.5;1\" keySplines=\"0.2 0.2 0.4 0.8;0.2 0.6 0.4 0.8;0.2 0.8 0.4 0.8\" calcMode=\"spline\"  \/>\n  <\/path>\n  <path transform=\"translate(14)\" d=\"M0 12 V20 H4 V12z\">\n    <animate attributeName=\"d\" values=\"M0 12 V20 H4 V12z; M0 4 V28 H4 V4z; M0 12 V20 H4 V12z; M0 12 V20 H4 V12z\" dur=\"1.2s\" repeatCount=\"indefinite\" begin=\"0.4\" keytimes=\"0;.2;.5;1\" keySplines=\"0.2 0.2 0.4 0.8;0.2 0.6 0.4 0.8;0.2 0.8 0.4 0.8\" calcMode=\"spline\" \/>\n  <\/path>\n  <path transform=\"translate(20)\" d=\"M0 12 V20 H4 V12z\">\n    <animate attributeName=\"d\" values=\"M0 12 V20 H4 V12z; M0 4 V28 H4 V4z; M0 12 V20 H4 V12z; M0 12 V20 H4 V12z\" dur=\"1.2s\" repeatCount=\"indefinite\" begin=\"0.6\" keytimes=\"0;.2;.5;1\" keySplines=\"0.2 0.2 0.4 0.8;0.2 0.6 0.4 0.8;0.2 0.8 0.4 0.8\" calcMode=\"spline\" \/>\n  <\/path>\n  <path transform=\"translate(26)\" d=\"M0 12 V20 H4 V12z\">\n    <animate attributeName=\"d\" values=\"M0 12 V20 H4 V12z; M0 4 V28 H4 V4z; M0 12 V20 H4 V12z; M0 12 V20 H4 V12z\" dur=\"1.2s\" repeatCount=\"indefinite\" begin=\"0.8\" keytimes=\"0;.2;.5;1\" keySplines=\"0.2 0.2 0.4 0.8;0.2 0.6 0.4 0.8;0.2 0.8 0.4 0.8\" calcMode=\"spline\" \/>\n  <\/path>\n<\/svg>\n                <\/div>\n\t\t\t\t        <\/div>\n    <\/div>\n<\/div><!-- \/.rh_prop_card -->\n        <\/section>\n\t\t\t\t\t\t<\/div>\n\t\t\t\t<\/div>\n\t\t\t\t\t<\/div>\n\t\t<\/div>\n\t\t\t\t\t<\/div>\n\t\t<\/section>\n\t\t\t\t<\/div>\n\t\t","protected":false},"excerpt":{"rendered":"<p>Inmuebles en Mallorca hasta 200.000 euros \u00bfA\u00fan es posible por este precio? S\u00ed, sigue habiendo propiedades de hasta 200.000 euros en Mallorca. Pero ya no hay propiedades listas para entrar a vivir como hace unos a\u00f1os. En algunas regiones, como el sureste, sigue habiendo oportunidades de comprar una propiedad por menos de 200.000 euros. Como&#8230;<\/p>\n","protected":false},"author":1,"featured_media":43530,"comment_status":"closed","ping_status":"closed","sticky":false,"template":"","format":"standard","meta":{"footnotes":""},"categories":[4134,3332],"tags":[],"class_list":["post-43458","post","type-post","status-publish","format-standard","has-post-thumbnail","hentry","category-curiosidades","category-immobilienmarkt-es"],"_links":{"self":[{"href":"https:\/\/www.lucasfroeserealestate.com\/es\/wp-json\/wp\/v2\/posts\/43458","targetHints":{"allow":["GET"]}}],"collection":[{"href":"https:\/\/www.lucasfroeserealestate.com\/es\/wp-json\/wp\/v2\/posts"}],"about":[{"href":"https:\/\/www.lucasfroeserealestate.com\/es\/wp-json\/wp\/v2\/types\/post"}],"author":[{"embeddable":true,"href":"https:\/\/www.lucasfroeserealestate.com\/es\/wp-json\/wp\/v2\/users\/1"}],"replies":[{"embeddable":true,"href":"https:\/\/www.lucasfroeserealestate.com\/es\/wp-json\/wp\/v2\/comments?post=43458"}],"version-history":[{"count":4,"href":"https:\/\/www.lucasfroeserealestate.com\/es\/wp-json\/wp\/v2\/posts\/43458\/revisions"}],"predecessor-version":[{"id":79543,"href":"https:\/\/www.lucasfroeserealestate.com\/es\/wp-json\/wp\/v2\/posts\/43458\/revisions\/79543"}],"wp:featuredmedia":[{"embeddable":true,"href":"https:\/\/www.lucasfroeserealestate.com\/es\/wp-json\/wp\/v2\/media\/43530"}],"wp:attachment":[{"href":"https:\/\/www.lucasfroeserealestate.com\/es\/wp-json\/wp\/v2\/media?parent=43458"}],"wp:term":[{"taxonomy":"category","embeddable":true,"href":"https:\/\/www.lucasfroeserealestate.com\/es\/wp-json\/wp\/v2\/categories?post=43458"},{"taxonomy":"post_tag","embeddable":true,"href":"https:\/\/www.lucasfroeserealestate.com\/es\/wp-json\/wp\/v2\/tags?post=43458"}],"curies":[{"name":"wp","href":"https:\/\/api.w.org\/{rel}","templated":true}]}}