{"id":43318,"date":"2022-03-31T14:00:45","date_gmt":"2022-03-31T12:00:45","guid":{"rendered":"https:\/\/www.lucasfroeserealestate.com\/anima-negra-la-iconica-marca-de-vino-de-felanitx\/"},"modified":"2025-02-19T04:53:08","modified_gmt":"2025-02-19T03:53:08","slug":"anima-negra-la-iconica-marca-de-vino-de-felanitx","status":"publish","type":"post","link":"https:\/\/www.lucasfroeserealestate.com\/es\/anima-negra-la-iconica-marca-de-vino-de-felanitx\/","title":{"rendered":"Anima Negra, la ic\u00f3nica marca de vino de Felanitx"},"content":{"rendered":"<h1>Anima Negra de Felanitx<\/h1>\n<p>La marca Anima Negra no es desconocida en el extranjero desde hace mucho tiempo. Con sus ra\u00edces y cultivo actual en <a href=\"https:\/\/www.lucasfroeserealestate.com\/top-restaurants-in-felanitx-unsere-tips\/\">Felanitx<\/a>, la marca est\u00e1 estrechamente vinculada a la historia vitivin\u00edcola de Felanitx.<\/p>\n<div id=\"attachment_43306\" style=\"width: 466px\" class=\"wp-caption alignleft\"><img decoding=\"async\" aria-describedby=\"caption-attachment-43306\" class=\"size-full wp-image-43306\" src=\"https:\/\/www.lucasfroeserealestate.com\/wp-content\/uploads\/2023\/08\/wein-mallorca-anima-negra-002.jpg\" alt=\"Vino Mallorca Anima Negra\" width=\"456\" height=\"145\" title=\"\" srcset=\"https:\/\/www.lucasfroeserealestate.com\/wp-content\/uploads\/2023\/08\/wein-mallorca-anima-negra-002.jpg 456w, https:\/\/www.lucasfroeserealestate.com\/wp-content\/uploads\/2023\/08\/wein-mallorca-anima-negra-002-300x95.jpg 300w, https:\/\/www.lucasfroeserealestate.com\/wp-content\/uploads\/2023\/08\/wein-mallorca-anima-negra-002-150x48.jpg 150w\" sizes=\"(max-width: 456px) 100vw, 456px\" \/><p id=\"caption-attachment-43306\" class=\"wp-caption-text\">Vino Mallorca Anima Negra<\/p><\/div>\n<h2>La historia de la viticultura en Felanitx<\/h2>\n<p>La historia de la viticultura en Felanitx se remonta a siglos atr\u00e1s. Ya en la \u00e9poca romana, la regi\u00f3n era muy conocida por su viticultura de calidad. Felanitx siempre ha ofrecido un clima perfecto para el cultivo de la vid, debido a las colinas y monta\u00f1as que la rodean, que la proteg\u00edan del fr\u00edo viento del norte.<\/p>\n<h3>Variedades de uva y viticultura en Felanitx<\/h3>\n<p>Se cultivan muchas variedades de uva diferentes, incluida la conocida uva Manto Negro. Este tipo de vino se utiliza para tintos fuertes y es muy popular entre los entendidos. Tambi\u00e9n son muy conocidos el Callet, el Gorgollassa y el Premsal Blanc.<\/p>\n<div id=\"attachment_43303\" style=\"width: 360px\" class=\"wp-caption alignright\"><img decoding=\"async\" aria-describedby=\"caption-attachment-43303\" class=\"size-full wp-image-43303\" src=\"https:\/\/www.lucasfroeserealestate.com\/wp-content\/uploads\/2023\/07\/wein-mallorca-anima-negra-003.jpg\" alt=\"Vino Mallorca Anima Negra\" width=\"350\" height=\"220\" title=\"\" srcset=\"https:\/\/www.lucasfroeserealestate.com\/wp-content\/uploads\/2023\/07\/wein-mallorca-anima-negra-003.jpg 350w, https:\/\/www.lucasfroeserealestate.com\/wp-content\/uploads\/2023\/07\/wein-mallorca-anima-negra-003-300x189.jpg 300w, https:\/\/www.lucasfroeserealestate.com\/wp-content\/uploads\/2023\/07\/wein-mallorca-anima-negra-003-150x94.jpg 150w\" sizes=\"(max-width: 350px) 100vw, 350px\" \/><p id=\"caption-attachment-43303\" class=\"wp-caption-text\">Vino Mallorca Anima Negra<\/p><\/div>\n<h2>Los inicios de Anima Negra<\/h2>\n<p>Anima Negra fue fundada en 1994 por Miquel Angel Cerd\u00e0, Pere Ignasi Obrador y Francesc Grimalt. El objetivo de los tres era transportar la esencia de Felanitx a otro lugar con un vino.<\/p>\n<h4>Calidad, sostenibilidad y productos de primera<\/h4>\n<p>Los vinos de Anima Negra son conocidos por su complejidad, elegancia y, sobre todo, alta calidad. El buque insignia de la marca es AN (Anima Negra), un vino tinto creado a partir de Manto Negro, Callet y otras variedades de uva locales. Su color rojo intenso combinado con sus aromas afrutados y taninos finos a la vez, fascina a la mayor\u00eda de los amantes del vino que prueban este vino mallorqu\u00edn.<\/p>\n<p>El n\u00famero 2 de la casa tambi\u00e9n lleva este n\u00famero en su nombre \u00abAN2\u00bb. Este vino tinto es una cuve\u00e9 de Manto Negro, Callet, Syrah y Merlot. Se diferencia de su hermano mayor AN por su nota especiada y sus taninos sedosos.<\/p>\n<p>Los vinos de Anima Negra han recibido un gran reconocimiento en los \u00faltimos a\u00f1os, y se ofrecen en restaurantes de renombre y en los estantes de tiendas de vinos exclusivos.<\/p>\n<h2>Visita Anima Negra en Felanitx<\/h2>\n<p>La pr\u00f3xima vez que est\u00e9 en Mallorca y visite Felanitx, aseg\u00farese de incluir una visita a Anima Negra. La bodega ofrece visitas y catas en las que se puede conocer la historia de la marca mientras se degustan sus exquisitos vinos.<\/p>\n<p>&nbsp;<\/p>\n<p>Segona Volta, 157. AP 28, 07200 Felanitx, Islas Baleares<\/p>\n<p>971583335<\/p>\n<p><a href=\"https:\/\/goo.gl\/maps\/mGGfWdci3RNWm8Qw5\" rel=\"nofollow noopener\" target=\"_blank\">https:\/\/goo.gl\/maps\/mGGfWdci3RNWm8Qw5<\/a><\/p>\n<p>&nbsp;<\/p>\n<blockquote><p>Un poco de informaci\u00f3n privilegiada: hay una cantera de piedra con cuevas en una colina de Felanitx, donde se almacenaba y envasaba el vino Anima Negra. A\u00fan hoy se pueden encontrar las etiquetas en las cuevas.<\/p><\/blockquote>\n","protected":false},"excerpt":{"rendered":"<p>Anima Negra de Felanitx La marca Anima Negra no es desconocida en el extranjero desde hace mucho tiempo. Con sus ra\u00edces y cultivo actual en Felanitx, la marca est\u00e1 estrechamente vinculada a la historia vitivin\u00edcola de Felanitx. La historia de la viticultura en Felanitx La historia de la viticultura en Felanitx se remonta a siglos&#8230;<\/p>\n","protected":false},"author":1,"featured_media":43300,"comment_status":"closed","ping_status":"closed","sticky":false,"template":"","format":"standard","meta":{"footnotes":""},"categories":[4140,4134,4143,990],"tags":[],"class_list":["post-43318","post","type-post","status-publish","format-standard","has-post-thumbnail","hentry","category-actividades","category-curiosidades","category-gastronomia","category-lifestyle-es"],"_links":{"self":[{"href":"https:\/\/www.lucasfroeserealestate.com\/es\/wp-json\/wp\/v2\/posts\/43318","targetHints":{"allow":["GET"]}}],"collection":[{"href":"https:\/\/www.lucasfroeserealestate.com\/es\/wp-json\/wp\/v2\/posts"}],"about":[{"href":"https:\/\/www.lucasfroeserealestate.com\/es\/wp-json\/wp\/v2\/types\/post"}],"author":[{"embeddable":true,"href":"https:\/\/www.lucasfroeserealestate.com\/es\/wp-json\/wp\/v2\/users\/1"}],"replies":[{"embeddable":true,"href":"https:\/\/www.lucasfroeserealestate.com\/es\/wp-json\/wp\/v2\/comments?post=43318"}],"version-history":[{"count":0,"href":"https:\/\/www.lucasfroeserealestate.com\/es\/wp-json\/wp\/v2\/posts\/43318\/revisions"}],"wp:featuredmedia":[{"embeddable":true,"href":"https:\/\/www.lucasfroeserealestate.com\/es\/wp-json\/wp\/v2\/media\/43300"}],"wp:attachment":[{"href":"https:\/\/www.lucasfroeserealestate.com\/es\/wp-json\/wp\/v2\/media?parent=43318"}],"wp:term":[{"taxonomy":"category","embeddable":true,"href":"https:\/\/www.lucasfroeserealestate.com\/es\/wp-json\/wp\/v2\/categories?post=43318"},{"taxonomy":"post_tag","embeddable":true,"href":"https:\/\/www.lucasfroeserealestate.com\/es\/wp-json\/wp\/v2\/tags?post=43318"}],"curies":[{"name":"wp","href":"https:\/\/api.w.org\/{rel}","templated":true}]}}