{"id":42405,"date":"2021-07-10T15:41:16","date_gmt":"2021-07-10T13:41:16","guid":{"rendered":"https:\/\/www.lucasfroeserealestate.com\/la-montana-y-el-monasterio-de-sant-salvador\/"},"modified":"2025-02-19T04:53:13","modified_gmt":"2025-02-19T03:53:13","slug":"la-montana-y-el-monasterio-de-sant-salvador","status":"publish","type":"post","link":"https:\/\/www.lucasfroeserealestate.com\/es\/la-montana-y-el-monasterio-de-sant-salvador\/","title":{"rendered":"La monta\u00f1a y el monasterio de Sant Salvador"},"content":{"rendered":"<h1>Sant Salvador en Mallorca<\/h1>\n<h2>La monta\u00f1a y el monasterio<\/h2>\n<p>La monta\u00f1a de Sant Salvador tiene m\u00e1s de 500 metros de altura y vistas sobre las <a href=\"https:\/\/www.lucasfroeserealestate.com\/immobilien-in-felanitx\/\">casas de Felanitx<\/a> y toda la isla. Desde aqu\u00ed puedes disfrutar de los amaneceres y atardeceres m\u00e1s bellos de la isla hasta el mar. La monta\u00f1a es el punto m\u00e1s alto de la cadena monta\u00f1osa del este de la isla, la \u00abSerra de llevant\u00bb.<\/p>\n<div id=\"attachment_42399\" style=\"width: 254px\" class=\"wp-caption alignright\"><img decoding=\"async\" aria-describedby=\"caption-attachment-42399\" class=\"size-full wp-image-42399\" src=\"https:\/\/www.lucasfroeserealestate.com\/wp-content\/uploads\/2023\/07\/sant-salvador-berg-in-felanitx-004.jpg\" alt=\"Monasterio de Sant Salvador Felanitx\" width=\"244\" height=\"150\" title=\"\" srcset=\"https:\/\/www.lucasfroeserealestate.com\/wp-content\/uploads\/2023\/07\/sant-salvador-berg-in-felanitx-004.jpg 244w, https:\/\/www.lucasfroeserealestate.com\/wp-content\/uploads\/2023\/07\/sant-salvador-berg-in-felanitx-004-150x92.jpg 150w\" sizes=\"(max-width: 244px) 100vw, 244px\" \/><p id=\"caption-attachment-42399\" class=\"wp-caption-text\">Monasterio de Sant Salvador Felanitx<\/p><\/div>\n<p>En la cima de la monta\u00f1a se encuentra el monasterio con su peque\u00f1a capilla e iglesia, junto con el peque\u00f1o hotel y restaurante (sin duda merece la pena pasar una noche aqu\u00ed). Adem\u00e1s, est\u00e1 la gran estatua \u00abCrist Rei\u00bb (de 1934) y la cruz, desde donde se tiene el punto m\u00e1s alto para una gigantesca vista panor\u00e1mica de toda la isla (este punto o monta\u00f1a secundaria tambi\u00e9n se llama \u00abEs Picot\u00bb entre los mallorquines, donde se erigi\u00f3 la cruz en 1957).<\/p>\n<h3>Llegada y salida a Sant Salvador<\/h3>\n<p>Se llega a la cima de la monta\u00f1a a trav\u00e9s de muchas curvas sinuosas, donde se puede subir en coche o en bicicleta (si se est\u00e1 realmente en forma) poco a poco, y disfrutar de las vistas mientras se come (unos 7 km en total). Pero si vienes de otro pueblo, lo primero importante es, por supuesto, que la monta\u00f1a est\u00e1 en Felanitx, donde tienes que girar a la derecha en la MA-4011 hacia Portocolom, ver\u00e1s la se\u00f1al con el nombre \u00abSant Salvador\u00bb.<\/p>\n<div id=\"attachment_32140\" style=\"width: 2010px\" class=\"wp-caption alignnone\"><img decoding=\"async\" aria-describedby=\"caption-attachment-32140\" class=\"size-full wp-image-32140\" src=\"https:\/\/www.lucasfroeserealestate.com\/wp-content\/uploads\/2022\/06\/immobilien-felanitx-0012.jpg\" alt=\"Inmobiliaria Felanitx Sunset\" width=\"2000\" height=\"700\" title=\"\" srcset=\"https:\/\/www.lucasfroeserealestate.com\/wp-content\/uploads\/2022\/06\/immobilien-felanitx-0012.jpg 2000w, https:\/\/www.lucasfroeserealestate.com\/wp-content\/uploads\/2022\/06\/immobilien-felanitx-0012-300x105.jpg 300w, https:\/\/www.lucasfroeserealestate.com\/wp-content\/uploads\/2022\/06\/immobilien-felanitx-0012-1024x358.jpg 1024w, https:\/\/www.lucasfroeserealestate.com\/wp-content\/uploads\/2022\/06\/immobilien-felanitx-0012-768x269.jpg 768w, https:\/\/www.lucasfroeserealestate.com\/wp-content\/uploads\/2022\/06\/immobilien-felanitx-0012-1536x538.jpg 1536w, https:\/\/www.lucasfroeserealestate.com\/wp-content\/uploads\/2022\/06\/immobilien-felanitx-0012-150x53.jpg 150w\" sizes=\"(max-width: 2000px) 100vw, 2000px\" \/><p id=\"caption-attachment-32140\" class=\"wp-caption-text\">Inmobiliaria Felanitx Sunset<\/p><\/div>\n<h3>El Monasterio de Sant Salvador y su historia<\/h3>\n<p>El monasterio fue construido en la monta\u00f1a hacia el siglo XIV, con la idea de erigir un signo de gratitud, por los supervivientes de la peste (al principio, sin embargo, era s\u00f3lo la capilla). El complejo sigui\u00f3 construy\u00e9ndose pieza a pieza, incluido el monasterio. Otro punto por el que el monasterio y el complejo fueron tan importantes para el municipio de Felanitx es que se utiliz\u00f3 como fortaleza contra piratas u otros ataques enemigos.<\/p>\n<p>Finalmente, en el siglo XVIII se construy\u00f3 la iglesia propiamente dicha, donde todav\u00eda se celebra una misa todos los domingos y festivos en torno a las 17.00 horas.<\/p>\n<div id=\"attachment_42396\" style=\"width: 179px\" class=\"wp-caption alignright\"><img decoding=\"async\" aria-describedby=\"caption-attachment-42396\" class=\"wp-image-42396 size-medium\" src=\"https:\/\/www.lucasfroeserealestate.com\/wp-content\/uploads\/2023\/07\/sant-salvador-berg-in-felanitx-003-169x300.jpg\" alt=\"Monta\u00f1a de Sant Salvador en Felanitx\" width=\"169\" height=\"300\" title=\"\" srcset=\"https:\/\/www.lucasfroeserealestate.com\/wp-content\/uploads\/2023\/07\/sant-salvador-berg-in-felanitx-003-169x300.jpg 169w, https:\/\/www.lucasfroeserealestate.com\/wp-content\/uploads\/2023\/07\/sant-salvador-berg-in-felanitx-003-84x150.jpg 84w, https:\/\/www.lucasfroeserealestate.com\/wp-content\/uploads\/2023\/07\/sant-salvador-berg-in-felanitx-003.jpg 540w\" sizes=\"(max-width: 169px) 100vw, 169px\" \/><p id=\"caption-attachment-42396\" class=\"wp-caption-text\">Monta\u00f1a de Sant Salvador en Felanitx<\/p><\/div>\n<h4>Posesi\u00f3n y propiedad del monasterio<\/h4>\n<p>Hacia 1992, el monasterio fue cedido por la Orden a la propiedad privada de dos colegios mallorquines. As\u00ed naci\u00f3 tambi\u00e9n el actual hotel \u00abPetit Hotel\u00bb.<\/p>\n<h4>Hotel Sant Salvador<\/h4>\n<p>El hotel se construy\u00f3, como ya se ha mencionado, a partir del a\u00f1o 1992, mediante una completa renovaci\u00f3n y remodelaci\u00f3n del edificio. Sin embargo, no hay que esperar aqu\u00ed grandes lujos como en los hoteles de 5 estrellas, pero eso es precisamente lo que hace el encanto de este peque\u00f1o hotel. Es muy recomendable probar el \u00abArros Brut\u00bb del restaurante (una sopa de arroz con azafr\u00e1n t\u00edpica de Mallorca).<\/p>\n<p>&nbsp;<\/p>\n<ul>\n<li><a href=\"https:\/\/www.lucasfroeserealestate.com\/\">Agencia inmobiliaria en Felanitx<\/a><\/li>\n<li><a href=\"https:\/\/www.lucasfroeserealestate.com\/immobilien-in-felanitx\/\">Propiedades en Felanitx<\/a><\/li>\n<\/ul>\n","protected":false},"excerpt":{"rendered":"<p>Sant Salvador en Mallorca La monta\u00f1a y el monasterio La monta\u00f1a de Sant Salvador tiene m\u00e1s de 500 metros de altura y vistas sobre las casas de Felanitx y toda la isla. Desde aqu\u00ed puedes disfrutar de los amaneceres y atardeceres m\u00e1s bellos de la isla hasta el mar. La monta\u00f1a es el punto m\u00e1s&#8230;<\/p>\n","protected":false},"author":1,"featured_media":42393,"comment_status":"closed","ping_status":"closed","sticky":false,"template":"","format":"standard","meta":{"footnotes":""},"categories":[4140,4134,4143,990,4139],"tags":[],"class_list":["post-42405","post","type-post","status-publish","format-standard","has-post-thumbnail","hentry","category-actividades","category-curiosidades","category-gastronomia","category-lifestyle-es","category-ubicaciones"],"_links":{"self":[{"href":"https:\/\/www.lucasfroeserealestate.com\/es\/wp-json\/wp\/v2\/posts\/42405","targetHints":{"allow":["GET"]}}],"collection":[{"href":"https:\/\/www.lucasfroeserealestate.com\/es\/wp-json\/wp\/v2\/posts"}],"about":[{"href":"https:\/\/www.lucasfroeserealestate.com\/es\/wp-json\/wp\/v2\/types\/post"}],"author":[{"embeddable":true,"href":"https:\/\/www.lucasfroeserealestate.com\/es\/wp-json\/wp\/v2\/users\/1"}],"replies":[{"embeddable":true,"href":"https:\/\/www.lucasfroeserealestate.com\/es\/wp-json\/wp\/v2\/comments?post=42405"}],"version-history":[{"count":0,"href":"https:\/\/www.lucasfroeserealestate.com\/es\/wp-json\/wp\/v2\/posts\/42405\/revisions"}],"wp:featuredmedia":[{"embeddable":true,"href":"https:\/\/www.lucasfroeserealestate.com\/es\/wp-json\/wp\/v2\/media\/42393"}],"wp:attachment":[{"href":"https:\/\/www.lucasfroeserealestate.com\/es\/wp-json\/wp\/v2\/media?parent=42405"}],"wp:term":[{"taxonomy":"category","embeddable":true,"href":"https:\/\/www.lucasfroeserealestate.com\/es\/wp-json\/wp\/v2\/categories?post=42405"},{"taxonomy":"post_tag","embeddable":true,"href":"https:\/\/www.lucasfroeserealestate.com\/es\/wp-json\/wp\/v2\/tags?post=42405"}],"curies":[{"name":"wp","href":"https:\/\/api.w.org\/{rel}","templated":true}]}}