{"id":36363,"date":"2023-01-31T12:37:06","date_gmt":"2023-01-31T11:37:06","guid":{"rendered":"https:\/\/www.lucasfroeserealestate.com\/8-datos-importantes-sobre-felanitx-y-el-ayuntamiento\/"},"modified":"2023-06-08T15:08:07","modified_gmt":"2023-06-08T13:08:07","slug":"8-datos-importantes-sobre-felanitx-y-el-ayuntamiento","status":"publish","type":"post","link":"https:\/\/www.lucasfroeserealestate.com\/es\/8-datos-importantes-sobre-felanitx-y-el-ayuntamiento\/","title":{"rendered":"8 datos importantes sobre Felanitx y el ayuntamiento"},"content":{"rendered":"<h1>8 datos sobre Felanitx y el ayuntamiento<\/h1>\n<h2>Felanitx y su ayuntamiento<\/h2>\n<p>Cuando se oye el nombre de Felanitx, vienen a la mente el mercado semanal de los domingos, la iglesia de Santa Margalida, la \u00abPlaza de las Palmeras\u00bb y el hermoso ayuntamiento situado junto al mercado en el centro de Felanitx.<\/p>\n<p>&nbsp;<\/p>\n<div id=\"attachment_33605\" style=\"width: 1210px\" class=\"wp-caption alignnone\"><img decoding=\"async\" aria-describedby=\"caption-attachment-33605\" class=\"size-full wp-image-33605\" src=\"https:\/\/www.lucasfroeserealestate.com\/wp-content\/uploads\/2020\/09\/wohnung-mit-fahrstuhl-felanitx-001-1.jpg\" alt=\"Piso con ascensor en Felanitx Ver\" width=\"1200\" height=\"900\" title=\"\" srcset=\"https:\/\/www.lucasfroeserealestate.com\/wp-content\/uploads\/2020\/09\/wohnung-mit-fahrstuhl-felanitx-001-1.jpg 1200w, https:\/\/www.lucasfroeserealestate.com\/wp-content\/uploads\/2020\/09\/wohnung-mit-fahrstuhl-felanitx-001-1-300x225.jpg 300w, https:\/\/www.lucasfroeserealestate.com\/wp-content\/uploads\/2020\/09\/wohnung-mit-fahrstuhl-felanitx-001-1-1024x768.jpg 1024w, https:\/\/www.lucasfroeserealestate.com\/wp-content\/uploads\/2020\/09\/wohnung-mit-fahrstuhl-felanitx-001-1-768x576.jpg 768w, https:\/\/www.lucasfroeserealestate.com\/wp-content\/uploads\/2020\/09\/wohnung-mit-fahrstuhl-felanitx-001-1-150x113.jpg 150w, https:\/\/www.lucasfroeserealestate.com\/wp-content\/uploads\/2020\/09\/wohnung-mit-fahrstuhl-felanitx-001-1-680x510.jpg 680w\" sizes=\"(max-width: 1200px) 100vw, 1200px\" \/><p id=\"caption-attachment-33605\" class=\"wp-caption-text\">La Plaza Palmeras en Felanitx<\/p><\/div>\n<p>Pero a menudo un hombre habla de un lugar y de repente se da cuenta de que no sabe tanto en detalle sobre el lugar&#8230; Estaremos encantados de ayudarle. Aqu\u00ed tienes 8 datos interesantes sobre Felanitx y el ayuntamiento. Algunos de estos datos pueden ser muy \u00fatiles, otros son simplemente interesantes en caso de que quiera hablar sobre el creciente atractivo de Felanitx.  <strong><br \/>\n  <a href=\"https:\/\/www.lucasfroeserealestate.com\/immobilien-in-felanitx\/\">Mercado inmobiliario en Felanitx<\/a><br \/>\n<\/strong> hablar con alguien.<\/p>\n<h2>1. \u00bfcu\u00e1ntos habitantes tiene Felanitx?<\/h2>\n<p><strong>Se estima que Felanitx como municipio tendr\u00e1 18.357 habitantes en 2022, de los cuales alrededor del 50% viven en el propio pueblo de Felanitx.<\/strong>  En 202o, por ejemplo, Portocolom a\u00fan ten\u00eda 4.613 residentes empadronados, lo que supon\u00eda m\u00e1s del 25% de la poblaci\u00f3n del municipio. Tambi\u00e9n el a\u00f1o anterior en 2019, Portocolom estaba entre las 3 zonas m\u00e1s pobladas, junto al pueblo de Felanitx, y S&#8217;Horta (seguido de cerca por Cas Concos).<\/p>\n<h3>2. \u00bfcu\u00e1l es el c\u00f3digo postal de Felanitx?<\/h3>\n<p>El <strong>c\u00f3digo postal de Felanitx es 07200<\/strong>. Cabe se\u00f1alar que cada regi\u00f3n del municipio tiene su propio c\u00f3digo postal (Portocolom, por ejemplo, tiene el 07670), incluso las regiones perif\u00e9ricas o del \u00abcampo\u00bb tienen sus propios c\u00f3digos postales.<\/p>\n<h3>3. \u00bfqu\u00e9 altura tiene la monta\u00f1a de sant salvador?<\/h3>\n<p><strong>La monta\u00f1a de Sant Salvador tiene 509 metros de altura, calculados desde el nivel del mar.<\/strong>  Como hay mucho terreno llano en la zona \u00abLlevant\u00bb\/sureste de Mallorca, la vista desde el Sant Salvador ofrece una impresionante vista panor\u00e1mica al mar, especialmente encantadora durante las puestas de sol.<\/p>\n<h2>4. \u00bftiene Felanitx playa?<\/h2>\n<p>El pueblo de Felanitx en s\u00ed no tiene playa, pero el municipio s\u00ed a trav\u00e9s de sus numerosos centros tur\u00edsticos costeros como Portocolom.<\/p>\n<h4>\u00bfQu\u00e9 es la famosa fiesta de San Agust\u00edn?<\/h4>\n<p><strong>Es una de las verbenas de verano (28 de agosto) en la que todo Felanitx festeja a uno de sus patrones, San Agust\u00edn, desde primera hora de la ma\u00f1ana hasta bien entrada la noche.<\/strong>  En este d\u00eda, todo Felanitx celebra, en todas las calles, y todas las edades se unen a las festividades. Todo el mundo es bienvenido y muchos bares o locales organizan conciertos o actuaciones de DJ. Tambi\u00e9n hay algo para los m\u00e1s peque\u00f1os, se organizan fiestas de la espuma y juegos durante todo el d\u00eda.<\/p>\n<h5>6. \u00bfPuedo votar en las elecciones de Felanitx como extranjero?<\/h5>\n<p><strong>S\u00ed, los extranjeros tambi\u00e9n pueden y deben votar en las elecciones locales organizadas por los municipios.<\/strong>  Es diferente en las elecciones nacionales, en las que un hombre debe votar en el pa\u00eds del que es nacional.<\/p>\n<h5>7. \u00bfes cierto que el pintor Miquel Barcel\u00f3 es natural de Felanitx?<\/h5>\n<p>S\u00ed, as\u00ed es.<\/p>\n<h4>8. \u00bfSe celebra la Nochebuena en Felanitx, o los Reyes Magos?<\/h4>\n<p>Tradicionalmente, los Reyes Magos se celebran en el municipio de Felanitx, al igual que en el resto de Espa\u00f1a. Sin embargo, en los \u00faltimos a\u00f1os hemos observado que muchas familias se han internacionalizado y tambi\u00e9n hacen regalos a sus hijos en Nochebuena. Qu\u00e9 suerte para los ni\u00f1os, \u00a1regalos dos veces!<\/p>\n<div id=\"attachment_30198\" style=\"width: 310px\" class=\"wp-caption alignright\"><img decoding=\"async\" aria-describedby=\"caption-attachment-30198\" class=\"wp-image-30198 size-medium\" src=\"https:\/\/www.lucasfroeserealestate.com\/wp-content\/uploads\/2020\/11\/immobilien-felanitx-luxus-apartment-rathaus-03-300x225.jpg\" alt=\"Inmobiliaria Felanitx Centro de Apartamentos de Lujo\" width=\"300\" height=\"225\" title=\"\" srcset=\"https:\/\/www.lucasfroeserealestate.com\/wp-content\/uploads\/2020\/11\/immobilien-felanitx-luxus-apartment-rathaus-03-300x225.jpg 300w, https:\/\/www.lucasfroeserealestate.com\/wp-content\/uploads\/2020\/11\/immobilien-felanitx-luxus-apartment-rathaus-03-1024x768.jpg 1024w, https:\/\/www.lucasfroeserealestate.com\/wp-content\/uploads\/2020\/11\/immobilien-felanitx-luxus-apartment-rathaus-03-768x576.jpg 768w, https:\/\/www.lucasfroeserealestate.com\/wp-content\/uploads\/2020\/11\/immobilien-felanitx-luxus-apartment-rathaus-03-1536x1152.jpg 1536w, https:\/\/www.lucasfroeserealestate.com\/wp-content\/uploads\/2020\/11\/immobilien-felanitx-luxus-apartment-rathaus-03-150x113.jpg 150w, https:\/\/www.lucasfroeserealestate.com\/wp-content\/uploads\/2020\/11\/immobilien-felanitx-luxus-apartment-rathaus-03-680x510.jpg 680w, https:\/\/www.lucasfroeserealestate.com\/wp-content\/uploads\/2020\/11\/immobilien-felanitx-luxus-apartment-rathaus-03.jpg 1800w\" sizes=\"(max-width: 300px) 100vw, 300px\" \/><p id=\"caption-attachment-30198\" class=\"wp-caption-text\">Inmobiliaria Felanitx Centro de Apartamentos de Lujo<\/p><\/div>\n<p>&nbsp;<\/p>\n<p>\u00bfCu\u00e1l es su descubrimiento m\u00e1s emocionante sobre Felanitx? \u00bfHas estado alguna vez en el edificio del ayuntamiento? Incluso le gustar\u00eda ver esto cada ma\u00f1ana mientras se toma un caf\u00e9 (entonces haga clic aqu\u00ed; <strong><br \/>\n  <a href=\"https:\/\/www.lucasfroeserealestate.com\/immobilien\/moderne-wohnung-felanitx-1\/\">Piso alto con vistas al ayuntamiento de Felanitx<\/a><br \/>\n<\/strong> !).<\/p>\n<blockquote><p>\u00a1No dudes en escribirnos tu dato favorito sobre Felanitx!<\/p><\/blockquote>\n","protected":false},"excerpt":{"rendered":"<p>8 datos sobre Felanitx y el ayuntamiento Felanitx y su ayuntamiento Cuando se oye el nombre de Felanitx, vienen a la mente el mercado semanal de los domingos, la iglesia de Santa Margalida, la \u00abPlaza de las Palmeras\u00bb y el hermoso ayuntamiento situado junto al mercado en el centro de Felanitx. &nbsp; Pero a menudo&#8230;<\/p>\n","protected":false},"author":1,"featured_media":18581,"comment_status":"open","ping_status":"closed","sticky":false,"template":"","format":"standard","meta":{"footnotes":""},"categories":[4134],"tags":[],"class_list":["post-36363","post","type-post","status-publish","format-standard","has-post-thumbnail","hentry","category-curiosidades"],"_links":{"self":[{"href":"https:\/\/www.lucasfroeserealestate.com\/es\/wp-json\/wp\/v2\/posts\/36363","targetHints":{"allow":["GET"]}}],"collection":[{"href":"https:\/\/www.lucasfroeserealestate.com\/es\/wp-json\/wp\/v2\/posts"}],"about":[{"href":"https:\/\/www.lucasfroeserealestate.com\/es\/wp-json\/wp\/v2\/types\/post"}],"author":[{"embeddable":true,"href":"https:\/\/www.lucasfroeserealestate.com\/es\/wp-json\/wp\/v2\/users\/1"}],"replies":[{"embeddable":true,"href":"https:\/\/www.lucasfroeserealestate.com\/es\/wp-json\/wp\/v2\/comments?post=36363"}],"version-history":[{"count":0,"href":"https:\/\/www.lucasfroeserealestate.com\/es\/wp-json\/wp\/v2\/posts\/36363\/revisions"}],"wp:featuredmedia":[{"embeddable":true,"href":"https:\/\/www.lucasfroeserealestate.com\/es\/wp-json\/wp\/v2\/media\/18581"}],"wp:attachment":[{"href":"https:\/\/www.lucasfroeserealestate.com\/es\/wp-json\/wp\/v2\/media?parent=36363"}],"wp:term":[{"taxonomy":"category","embeddable":true,"href":"https:\/\/www.lucasfroeserealestate.com\/es\/wp-json\/wp\/v2\/categories?post=36363"},{"taxonomy":"post_tag","embeddable":true,"href":"https:\/\/www.lucasfroeserealestate.com\/es\/wp-json\/wp\/v2\/tags?post=36363"}],"curies":[{"name":"wp","href":"https:\/\/api.w.org\/{rel}","templated":true}]}}