{"id":36113,"date":"2020-01-16T15:43:16","date_gmt":"2020-01-16T14:43:16","guid":{"rendered":"https:\/\/www.lucasfroeserealestate.com\/?p=36113"},"modified":"2023-01-16T15:52:34","modified_gmt":"2023-01-16T14:52:34","slug":"5-mejores-excursiones-mallorca","status":"publish","type":"post","link":"https:\/\/www.lucasfroeserealestate.com\/es\/5-mejores-excursiones-mallorca\/","title":{"rendered":"Las 5 mejores excursiones en Mallorca"},"content":{"rendered":"<h1>5 MEJORES EXCURSIONES DE LLEVANT<\/h1>\n<p>Mallorca es uno de los mejores destinos tur\u00edsticos, \u00bfsabes por qu\u00e9? Adem\u00e1s de sus incre\u00edbles playas de aguas cristalinas, la belleza rural de sus pueblos, las visitas culturales y su gastronom\u00eda, tiene much\u00edsimas rutas para conectar con la naturaleza. Es la perfecta combinaci\u00f3n de mar y monta\u00f1a, y te puedes desplazar de punta a punta de la isla en tan solo 1h en coche.<\/p>\n<p><strong>\u00bfTodav\u00eda no crees que sigue siendo un destino ideal?<\/strong><\/p>\n<p>A continuaci\u00f3n, te contamos las 5 mejores excursiones que puedes hacer en la comarca de Llevant.<\/p>\n<h2>1. CALA VARQUES<\/h2>\n<p>Una de las playas v\u00edrgenes por excelencia en Mallorca. Se ha hecho muy famosa por el espectacular azul de sus aguas y la belleza natural que ofrece. Al ser una playa virgen, no dispone de ning\u00fan servicio a su alrededor.<\/p>\n<p>Se encuentra situada a 12km de Portocristo, en el t\u00e9rmino municipal de Manacor. Su acceso es a pie o en barca.<\/p>\n<p>A pie, se trata de una ruta de baja dificultad a 45 minutos aproximadamente desde el punto de inicio. En verano se recomienda ir temprano y con mucha agua por el calor. Sin embargo, en invierno, apenas hay turistas y es una cala muy tranquila.<\/p>\n<p>La ruta se inicia en la carretera de Portocolom-Portocristo, justo despu\u00e9s del desv\u00edo hacia Manacor, si vienes desde Portocolom, a mano derecha, donde encontraremos un camino con una gran verja de prohibido el paso en coche. Desde all\u00ed, comenzaremos la ruta todo recto sin p\u00e9rdida. \u00danicamente deberemos desviarnos cuando lleguemos a otra verja sin salida, donde encontraremos un sendero alternativo a la derecha para poder pasar y continuar todo recto durante unos 30min hasta llegar a Cala Varques.<\/p>\n<div id=\"attachment_36121\" style=\"width: 310px\" class=\"wp-caption alignright\"><img decoding=\"async\" aria-describedby=\"caption-attachment-36121\" class=\"wp-image-36121 size-medium\" src=\"https:\/\/www.lucasfroeserealestate.com\/wp-content\/uploads\/2020\/01\/mallorca-wanderungen-cala-agulla-1-300x189.jpg\" alt=\"Mallorca Blog Wanderungen\" width=\"300\" height=\"189\" title=\"\" srcset=\"https:\/\/www.lucasfroeserealestate.com\/wp-content\/uploads\/2020\/01\/mallorca-wanderungen-cala-agulla-1-300x189.jpg 300w, https:\/\/www.lucasfroeserealestate.com\/wp-content\/uploads\/2020\/01\/mallorca-wanderungen-cala-agulla-1-150x95.jpg 150w, https:\/\/www.lucasfroeserealestate.com\/wp-content\/uploads\/2020\/01\/mallorca-wanderungen-cala-agulla-1.jpg 600w\" sizes=\"(max-width: 300px) 100vw, 300px\" \/><p id=\"caption-attachment-36121\" class=\"wp-caption-text\">Mallorca Blog Wanderungen<\/p><\/div>\n<h2>2. S\u2019ARENALET DES VERGER<\/h2>\n<p>Tambi\u00e9n es conocido como s\u2019Arenalet d\u2019Aubarca. Es una playa virgen situada a 12km del municipio de Art\u00e0 y es de las menos frecuentadas de Mallorca debido a su complicado acceso.<\/p>\n<p>La ruta se inicia yendo hacia Cala Torta (Art\u00e0), donde podremos ir en coche hasta que el camino empiece a complicarse debido a los baches y el mal estado. Una vez ah\u00ed, se debe estacionar el coche y continuar a pie o en bicicleta.<\/p>\n<p>Debemos continuar el camino y dirigirnos hasta Cala Estreta, desde donde continuaremos el sendero hasta Cala es Matzocs durante 1km. Es f\u00e1cil perder la ruta, por lo que hay que ir con especial cuidado.<\/p>\n<p>Una vez all\u00ed, continuaremos 500m m\u00e1s hasta llegar a la Torre de Aubarca, donde es posible subir al mirador de la torre y contemplar las vistas. Continuaremos la excursi\u00f3n durante 2km de descenso hasta llegar a Cala de sa Font Celada, otra playa virgen, y, finalmente, bordeando la costa durante 400m m\u00e1s, llegaremos a nuestro destino.<\/p>\n<p>&nbsp;<\/p>\n<blockquote><p>Mallorca, el cielo en la tierra.<\/p><\/blockquote>\n<h3><\/h3>\n<h3>3. PUIG DES MIG DIA<\/h3>\n<p>Para los que prefieran el trekking, una buena opci\u00f3n es adentrarnos en la sierra de Art\u00e1 y subir el Puig des Mig Dia (390m de altura).<\/p>\n<p>El itinerario comienza en el parking de las casas des Verger y cogeremos el camino que sube hacia nuestra izquierda en direcci\u00f3n a la Ermita de Betlem. El camino es pedregoso pero f\u00e1cil de seguir. Una vez lleguemos al cartel que indica Ermita de Betlem, abandonaremos el camino y seguiremos recto, siguiendo los hitos que nos conducir\u00e1n hasta el puig des Migdia, desde donde se observan las incre\u00edbles vistas de la bah\u00eda de Alcudia, Can Picafort, Colonia de Sant Pere y Betlem.<\/p>\n<h3>4. PUIG DE SA CREU<\/h3>\n<p>Para los m\u00e1s aventureros, continuaremos la ruta desde el Puig des Mig Dia para subir el Puig de Sa Creu. El camino es de fuerte ascenso, pero sin p\u00e9rdida, siguiendo los hitos marcados hasta llegar a una gran cruz que da nombre a este puig. Desde all\u00ed, se vuelven a contemplar las incre\u00edbles vistas a 480m de altura.<\/p>\n<h4>5. TALAIA DE SON JAUMELL<\/h4>\n<p>Es una peque\u00f1a monta\u00f1a de 277m de altura localizada en el municipio de Capdepera donde se encuentra una peque\u00f1a torre de vigilancia del siglo XVI.<\/p>\n<p>Empezaremos el sendero desde el parking de la playa de Cala Agulla (Cala Ratjada) direcci\u00f3n Cala Mesquida. Minutos despu\u00e9s, encontraremos un gran hito a la derecha con un cartel que indica Talaia de Son Jaumell. El camino es muy f\u00e1cil de seguir a trav\u00e9s de puntos de pintura en rojo y es un ascenso de 3km de recorrido durante 50min. Sin embargo, la bajada, est\u00e1 guiada por puntos de pintura en azul en direcci\u00f3n Cala Mesquida. Se trata de una ruta circular.<\/p>\n<p>&nbsp;<\/p>\n<div id=\"attachment_36118\" style=\"width: 1210px\" class=\"wp-caption alignnone\"><img decoding=\"async\" aria-describedby=\"caption-attachment-36118\" class=\"size-full wp-image-36118\" src=\"https:\/\/www.lucasfroeserealestate.com\/wp-content\/uploads\/2020\/01\/cala-agulla-mallorca-wanderungen-1.jpg\" alt=\"Mallorca Blog Wanderungen\" width=\"1200\" height=\"568\" title=\"\" srcset=\"https:\/\/www.lucasfroeserealestate.com\/wp-content\/uploads\/2020\/01\/cala-agulla-mallorca-wanderungen-1.jpg 1200w, https:\/\/www.lucasfroeserealestate.com\/wp-content\/uploads\/2020\/01\/cala-agulla-mallorca-wanderungen-1-300x142.jpg 300w, https:\/\/www.lucasfroeserealestate.com\/wp-content\/uploads\/2020\/01\/cala-agulla-mallorca-wanderungen-1-1024x485.jpg 1024w, https:\/\/www.lucasfroeserealestate.com\/wp-content\/uploads\/2020\/01\/cala-agulla-mallorca-wanderungen-1-768x364.jpg 768w, https:\/\/www.lucasfroeserealestate.com\/wp-content\/uploads\/2020\/01\/cala-agulla-mallorca-wanderungen-1-150x71.jpg 150w\" sizes=\"(max-width: 1200px) 100vw, 1200px\" \/><p id=\"caption-attachment-36118\" class=\"wp-caption-text\">Mallorca Blog Wanderungen<\/p><\/div>\n<h2>Excursiones en Mallorca<\/h2>\n<p>Como pod\u00e9is observar, son m\u00faltiples las opciones disponibles en la zona de Llevant. Recomendar\u00edamos cala Varques o la Talaia de Son Jaumell, para quienes prefieran escoger un nivel de dificultad bajo, y, para los m\u00e1s aventureros, cualquiera de las otras 3, ya que, requieren de mayor esfuerzo f\u00edsico. Tambi\u00e9n hay otras excursiones como la de Cala Agulla en otra zona de la isla (foto de arriba), y si os interesa un post sobre esta excursi\u00f3n en concreto, comentad abajo!<\/p>\n<p>En cualquier caso, las 5 opciones son un acierto para deleitarte de la belleza natural mallorquina. \u00a1Nos vemos en el siguiente post!<\/p>\n","protected":false},"excerpt":{"rendered":"<p>5 MEJORES EXCURSIONES DE LLEVANT Mallorca es uno de los mejores destinos tur\u00edsticos, \u00bfsabes por qu\u00e9? Adem\u00e1s de sus incre\u00edbles playas de aguas cristalinas, la belleza rural de sus pueblos, las visitas culturales y su gastronom\u00eda, tiene much\u00edsimas rutas para conectar con la naturaleza. Es la perfecta combinaci\u00f3n de mar y monta\u00f1a, y te puedes&#8230;<\/p>\n","protected":false},"author":1,"featured_media":36115,"comment_status":"closed","ping_status":"closed","sticky":false,"template":"","format":"standard","meta":{"footnotes":""},"categories":[990],"tags":[],"class_list":["post-36113","post","type-post","status-publish","format-standard","has-post-thumbnail","hentry","category-lifestyle-es"],"_links":{"self":[{"href":"https:\/\/www.lucasfroeserealestate.com\/es\/wp-json\/wp\/v2\/posts\/36113","targetHints":{"allow":["GET"]}}],"collection":[{"href":"https:\/\/www.lucasfroeserealestate.com\/es\/wp-json\/wp\/v2\/posts"}],"about":[{"href":"https:\/\/www.lucasfroeserealestate.com\/es\/wp-json\/wp\/v2\/types\/post"}],"author":[{"embeddable":true,"href":"https:\/\/www.lucasfroeserealestate.com\/es\/wp-json\/wp\/v2\/users\/1"}],"replies":[{"embeddable":true,"href":"https:\/\/www.lucasfroeserealestate.com\/es\/wp-json\/wp\/v2\/comments?post=36113"}],"version-history":[{"count":0,"href":"https:\/\/www.lucasfroeserealestate.com\/es\/wp-json\/wp\/v2\/posts\/36113\/revisions"}],"wp:featuredmedia":[{"embeddable":true,"href":"https:\/\/www.lucasfroeserealestate.com\/es\/wp-json\/wp\/v2\/media\/36115"}],"wp:attachment":[{"href":"https:\/\/www.lucasfroeserealestate.com\/es\/wp-json\/wp\/v2\/media?parent=36113"}],"wp:term":[{"taxonomy":"category","embeddable":true,"href":"https:\/\/www.lucasfroeserealestate.com\/es\/wp-json\/wp\/v2\/categories?post=36113"},{"taxonomy":"post_tag","embeddable":true,"href":"https:\/\/www.lucasfroeserealestate.com\/es\/wp-json\/wp\/v2\/tags?post=36113"}],"curies":[{"name":"wp","href":"https:\/\/api.w.org\/{rel}","templated":true}]}}