{"id":35954,"date":"2023-06-29T21:07:10","date_gmt":"2023-06-29T19:07:10","guid":{"rendered":"https:\/\/www.lucasfroeserealestate.com\/cuando-es-el-mercado-en-santanyi\/"},"modified":"2024-04-12T12:18:42","modified_gmt":"2024-04-12T10:18:42","slug":"cuando-es-el-mercado-en-santanyi","status":"publish","type":"post","link":"https:\/\/www.lucasfroeserealestate.com\/es\/cuando-es-el-mercado-en-santanyi\/","title":{"rendered":"\u00bfCu\u00e1ndo es el mercado en Santany\u00ed?"},"content":{"rendered":"<p>Casi todos los pueblos de Mallorca tienen su propio mercado semanal, y en el sureste de la isla son especialmente conocidos los mercados semanales de Santany\u00ed y Felanitx. Ya hemos escrito un art\u00edculo sobre el de Felanitx, que puedes encontrar aqu\u00ed <a href=\"https:\/\/www.lucasfroeserealestate.com\/der-felanitx-markt\/\"><br \/>\n<strong>Mercado semanal en Felanitx<\/strong><br \/>\n<\/a>.<\/p>\n<h2>Pero, \u00bfcu\u00e1ndo es el mercado semanal en Santany\u00ed?<\/h2>\n<p>El mercado de la conocida ciudad tiene lugar todos los mi\u00e9rcoles y s\u00e1bados, de 8.00 a 13.00 horas aproximadamente. El mercado sol\u00eda ser una informaci\u00f3n privilegiada, pero hace tiempo que esto no es as\u00ed.<\/p>\n<div id=\"attachment_35941\" style=\"width: 310px\" class=\"wp-caption alignright\"><img decoding=\"async\" aria-describedby=\"caption-attachment-35941\" class=\"wp-image-35941 size-medium\" src=\"https:\/\/www.lucasfroeserealestate.com\/wp-content\/uploads\/2023\/01\/santanyi-immobilien-dorf-300x225.jpg\" alt=\"El pueblo de Santany\u00ed\" width=\"300\" height=\"225\" title=\"\" srcset=\"https:\/\/www.lucasfroeserealestate.com\/wp-content\/uploads\/2023\/01\/santanyi-immobilien-dorf-300x225.jpg 300w, https:\/\/www.lucasfroeserealestate.com\/wp-content\/uploads\/2023\/01\/santanyi-immobilien-dorf-768x576.jpg 768w, https:\/\/www.lucasfroeserealestate.com\/wp-content\/uploads\/2023\/01\/santanyi-immobilien-dorf-150x113.jpg 150w, https:\/\/www.lucasfroeserealestate.com\/wp-content\/uploads\/2023\/01\/santanyi-immobilien-dorf-680x510.jpg 680w, https:\/\/www.lucasfroeserealestate.com\/wp-content\/uploads\/2023\/01\/santanyi-immobilien-dorf.jpg 800w\" sizes=\"(max-width: 300px) 100vw, 300px\" \/><p id=\"caption-attachment-35941\" class=\"wp-caption-text\">El pueblo de Santany\u00ed<\/p><\/div>\n<p>ya no es as\u00ed, lo que tambi\u00e9n crea una gran aglomeraci\u00f3n en el mercado. Pero aun as\u00ed merece la pena visitar el mercado y pasear tranquilamente por las callejuelas, y dejarse inspirar por las numerosas impresiones.<\/p>\n<h4>\u00bfQu\u00e9 hay de interesante en el mercado semanal?<\/h4>\n<p>Frutas y verduras frescas cuyo delicioso sabor a\u00fan se siente en cada bocado. Muchas carnes, embutidos y quesos (entre ellos el delicioso jam\u00f3n serrano, y la sobrasada picante al piment\u00f3n, que tambi\u00e9n puedes probar para llevar). Almendras tostadas, licores, vinos y muchos encurtidos que tambi\u00e9n pueden ser una buena opci\u00f3n como recuerdo o regalo en casa.<\/p>\n<p><script async src=\"https:\/\/pagead2.googlesyndication.com\/pagead\/js\/adsbygoogle.js?client=ca-pub-9096568293010746\" crossorigin=\"anonymous\"><\/script><br \/>\n<ins class=\"adsbygoogle\" style=\"display: block; text-align: center;\" data-ad-layout=\"in-article\" data-ad-format=\"fluid\" data-ad-client=\"ca-pub-9096568293010746\" data-ad-slot=\"4077235326\"><\/ins><br \/>\n<script>\n     (adsbygoogle = window.adsbygoogle || []).push({});\n<\/script><\/p>\n<p>La sala del pescado de la Casa Cultura y los numerosos puestos de venta de sal marina tambi\u00e9n forman parte del mercado semanal de Santany\u00ed. Tambi\u00e9n puede encontrar aqu\u00ed joyer\u00eda y productos textiles hechos a mano.<\/p>\n<blockquote><p>El mercado semanal de Santanyi se celebra todos los mi\u00e9rcoles y s\u00e1bados de 08.00 a 13.00 horas.<\/p><\/blockquote>\n","protected":false},"excerpt":{"rendered":"<p>Casi todos los pueblos de Mallorca tienen su propio mercado semanal, y en el sureste de la isla son especialmente conocidos los mercados semanales de Santany\u00ed y Felanitx. Ya hemos escrito un art\u00edculo sobre el de Felanitx, que puedes encontrar aqu\u00ed Mercado semanal en Felanitx . Pero, \u00bfcu\u00e1ndo es el mercado semanal en Santany\u00ed? El&#8230;<\/p>\n","protected":false},"author":1,"featured_media":35946,"comment_status":"closed","ping_status":"closed","sticky":false,"template":"","format":"standard","meta":{"footnotes":""},"categories":[4140,4171,990,4139],"tags":[],"class_list":["post-35954","post","type-post","status-publish","format-standard","has-post-thumbnail","hentry","category-actividades","category-eventos","category-lifestyle-es","category-ubicaciones"],"_links":{"self":[{"href":"https:\/\/www.lucasfroeserealestate.com\/es\/wp-json\/wp\/v2\/posts\/35954","targetHints":{"allow":["GET"]}}],"collection":[{"href":"https:\/\/www.lucasfroeserealestate.com\/es\/wp-json\/wp\/v2\/posts"}],"about":[{"href":"https:\/\/www.lucasfroeserealestate.com\/es\/wp-json\/wp\/v2\/types\/post"}],"author":[{"embeddable":true,"href":"https:\/\/www.lucasfroeserealestate.com\/es\/wp-json\/wp\/v2\/users\/1"}],"replies":[{"embeddable":true,"href":"https:\/\/www.lucasfroeserealestate.com\/es\/wp-json\/wp\/v2\/comments?post=35954"}],"version-history":[{"count":0,"href":"https:\/\/www.lucasfroeserealestate.com\/es\/wp-json\/wp\/v2\/posts\/35954\/revisions"}],"wp:featuredmedia":[{"embeddable":true,"href":"https:\/\/www.lucasfroeserealestate.com\/es\/wp-json\/wp\/v2\/media\/35946"}],"wp:attachment":[{"href":"https:\/\/www.lucasfroeserealestate.com\/es\/wp-json\/wp\/v2\/media?parent=35954"}],"wp:term":[{"taxonomy":"category","embeddable":true,"href":"https:\/\/www.lucasfroeserealestate.com\/es\/wp-json\/wp\/v2\/categories?post=35954"},{"taxonomy":"post_tag","embeddable":true,"href":"https:\/\/www.lucasfroeserealestate.com\/es\/wp-json\/wp\/v2\/tags?post=35954"}],"curies":[{"name":"wp","href":"https:\/\/api.w.org\/{rel}","templated":true}]}}