{"id":32923,"date":"2023-05-23T16:22:50","date_gmt":"2023-05-23T14:22:50","guid":{"rendered":"https:\/\/www.lucasfroeserealestate.com\/el-mercado-de-felanitx\/"},"modified":"2024-04-12T12:32:43","modified_gmt":"2024-04-12T10:32:43","slug":"el-mercado-de-felanitx","status":"publish","type":"post","link":"https:\/\/www.lucasfroeserealestate.com\/es\/el-mercado-de-felanitx\/","title":{"rendered":"El mercado de Felanitx"},"content":{"rendered":"<h1>Mercado de Felanitx<\/h1>\n<p>El municipio de Felanitx se encuentra en el sureste de la isla y sigue siendo un lugar muy virgen de Mallorca. La zona a\u00fan conserva todo su encanto mallorqu\u00edn y tradicional, pero a\u00fan est\u00e1 muy bien comunicada con el aeropuerto y Palma gracias a la autopista que pronto se completar\u00e1 a Campos. La mayor\u00eda de las playas naturales se encuentran en el sureste de Mallorca, y algunas de ellas se encuentran entre las m\u00e1s bonitas (Cal\u00f3 d&#8217;es Moro, Cala Llombards, Cala Santanyi, Cala Mitjana, Cala Sa Nau&#8230;). El municipio incluye Cas Concos, Es Carritx\u00f3, s&#8217;Horta, Son Valls, Son Mesquida, Son Negre, Son Prohens, Portocolom, Cala Ferrera y Cala Serena.<\/p>\n<p>La historia de Felanitx comienza alrededor del a\u00f1o 2000 a.C. donde se asentaron los primeros pobladores el Castillo de Santueri y el \u00abPuig de Sa Mola\u00bb. Desde 1913, Felanitx tambi\u00e9n es conocida por su cultivo del vino, incluido el enorme edificio \u00abEl Sindicato\u00bb, que fue una f\u00e1brica de vino fundada por Bartolom\u00e9 Vaquero Veny. El vino cultivado y producido s\u00f3lo se vendi\u00f3 en el municipio de Felanitx hasta 1923.<\/p>\n<p>Adem\u00e1s de impresionantes playas naturales y un delicioso vino tinto, Felanitx ofrece mucho m\u00e1s. Especialmente los productos locales tienen una gran demanda. Pero, \u00bfd\u00f3nde encontramos realmente estos productos?<\/p>\n<h2>El mercado semanal de Felanitx<\/h2>\n<p>El mercado semanal se lleva a cabo en el pueblo todos los domingos, de 9 am a alrededor de las 2 pm, el plan perfecto para lo que suele ser un domingo tranquilo en el resto de la isla. Aqu\u00ed encontrar\u00e1 muchos productos locales, desde verduras y frutas frescas directamente del campo vecino, hasta especias, dulces y toallas de playa. Todos los bares est\u00e1n abiertos y cuando brilla el sol puedes desayunar tranquilamente en la Plaza de las Palmeras (un peque\u00f1o consejo: \u00a1prueba el bocadillo con sobrasada caliente o con \u00abcamaiot\u00bb y queso!).<br \/>\nEn el mercado tambi\u00e9n hay muchos puestos con ropa, marroquiner\u00eda, herramientas, castillos hinchables, m\u00fasicos, etc. En algunas calles hay unos peque\u00f1os puestos con gallinas, ocas y pavos reales.<\/p>\n<p><script async src=\"https:\/\/pagead2.googlesyndication.com\/pagead\/js\/adsbygoogle.js?client=ca-pub-9096568293010746\" crossorigin=\"anonymous\"><\/script><br \/>\n<ins class=\"adsbygoogle\" style=\"display: block; text-align: center;\" data-ad-layout=\"in-article\" data-ad-format=\"fluid\" data-ad-client=\"ca-pub-9096568293010746\" data-ad-slot=\"4077235326\"><\/ins><br \/>\n<script>\n     (adsbygoogle = window.adsbygoogle || []).push({});\n<\/script><\/p>\n<p>Aprovecha para comprar unas sobrasadas o longanizas para amigos y familiares en Alemania y disfruta del t\u00edpico bullicio mallorqu\u00edn.<\/p>\n<p>En la plaza del mercado en plena \u00abCalle Major\u00bb tambi\u00e9n encontrar\u00e1 queso, embutidos y pescado fresco directamente de los pescadores de Portocolom. Aqu\u00ed tambi\u00e9n tiene un stand el matadero local \u00abEs Ramaders\u00bb, que trabaja en estrecha colaboraci\u00f3n con los ganaderos de la zona. Aceitunas en escabeche y pimientos picantes, as\u00ed como hermosas flores y ramos de flores.<\/p>\n","protected":false},"excerpt":{"rendered":"<p>Mercado de Felanitx El municipio de Felanitx se encuentra en el sureste de la isla y sigue siendo un lugar muy virgen de Mallorca. La zona a\u00fan conserva todo su encanto mallorqu\u00edn y tradicional, pero a\u00fan est\u00e1 muy bien comunicada con el aeropuerto y Palma gracias a la autopista que pronto se completar\u00e1 a Campos&#8230;.<\/p>\n","protected":false},"author":1,"featured_media":23401,"comment_status":"closed","ping_status":"closed","sticky":false,"template":"","format":"standard","meta":{"footnotes":""},"categories":[4140,4171,990,4139],"tags":[],"class_list":["post-32923","post","type-post","status-publish","format-standard","has-post-thumbnail","hentry","category-actividades","category-eventos","category-lifestyle-es","category-ubicaciones"],"_links":{"self":[{"href":"https:\/\/www.lucasfroeserealestate.com\/es\/wp-json\/wp\/v2\/posts\/32923","targetHints":{"allow":["GET"]}}],"collection":[{"href":"https:\/\/www.lucasfroeserealestate.com\/es\/wp-json\/wp\/v2\/posts"}],"about":[{"href":"https:\/\/www.lucasfroeserealestate.com\/es\/wp-json\/wp\/v2\/types\/post"}],"author":[{"embeddable":true,"href":"https:\/\/www.lucasfroeserealestate.com\/es\/wp-json\/wp\/v2\/users\/1"}],"replies":[{"embeddable":true,"href":"https:\/\/www.lucasfroeserealestate.com\/es\/wp-json\/wp\/v2\/comments?post=32923"}],"version-history":[{"count":0,"href":"https:\/\/www.lucasfroeserealestate.com\/es\/wp-json\/wp\/v2\/posts\/32923\/revisions"}],"wp:featuredmedia":[{"embeddable":true,"href":"https:\/\/www.lucasfroeserealestate.com\/es\/wp-json\/wp\/v2\/media\/23401"}],"wp:attachment":[{"href":"https:\/\/www.lucasfroeserealestate.com\/es\/wp-json\/wp\/v2\/media?parent=32923"}],"wp:term":[{"taxonomy":"category","embeddable":true,"href":"https:\/\/www.lucasfroeserealestate.com\/es\/wp-json\/wp\/v2\/categories?post=32923"},{"taxonomy":"post_tag","embeddable":true,"href":"https:\/\/www.lucasfroeserealestate.com\/es\/wp-json\/wp\/v2\/tags?post=32923"}],"curies":[{"name":"wp","href":"https:\/\/api.w.org\/{rel}","templated":true}]}}