{"id":32907,"date":"2020-07-19T16:53:09","date_gmt":"2020-07-19T14:53:09","guid":{"rendered":"https:\/\/www.lucasfroeserealestate.com\/consejos-y-trucos-para-alquileres-de-vacaciones-en-mallorca\/"},"modified":"2022-08-02T15:38:02","modified_gmt":"2022-08-02T13:38:02","slug":"consejos-y-trucos-para-alquileres-de-vacaciones-en-mallorca","status":"publish","type":"post","link":"https:\/\/www.lucasfroeserealestate.com\/es\/consejos-y-trucos-para-alquileres-de-vacaciones-en-mallorca\/","title":{"rendered":"Consejos y trucos para alquileres de vacaciones en Mallorca"},"content":{"rendered":"<h2>Alquileres de vacaciones en Mallorca<\/h2>\n<p>El verano en Mallorca es sin duda la mejor \u00e9poca del a\u00f1o para alquilar tu casa de vacaciones, aunque tambi\u00e9n hay mucho movimiento en el segmento del alquiler vacacional en la isla en torno a Navidad y Semana Santa. Por eso, en este post te contamos todo lo que necesitas saber para utilizar tu licencia de alquiler vacacional de la forma m\u00e1s eficiente.<\/p>\n<p><img decoding=\"async\" class=\"tama\u00f1o-full wp-image-30638\" src=\"https:\/\/www.lucasfroeserealestate.com\/wp-content\/uploads\/2020\/07\/alquiler-vacacional-mallorca-01.jpg\" alt=\" Alquiler Vacacional Mallorca\" width=\"800\" height=\"250\" title=\"\" srcset=\"https:\/\/www.lucasfroeserealestate.com\/wp-content\/uploads\/2020\/07\/alquiler-vacacional-mallorca-01.jpg 800w, https:\/\/www.lucasfroeserealestate.com\/wp-content\/uploads\/2020\/07\/alquiler-vacacional-mallorca-01-300x94.jpg 300w, https:\/\/www.lucasfroeserealestate.com\/wp-content\/uploads\/2020\/07\/alquiler-vacacional-mallorca-01-768x240.jpg 768w, https:\/\/www.lucasfroeserealestate.com\/wp-content\/uploads\/2020\/07\/alquiler-vacacional-mallorca-01-150x47.jpg 150w\" sizes=\"(max-width: 800px) 100vw, 800px\" \/><\/p>\n<h3>\u00bfC\u00f3mo prepar\u00f3 su casa para el alquiler?<\/h3>\n<p>Lo primero que debes hacer es preparar tu vivienda para que tus futuros inquilinos puedan disfrutar al m\u00e1ximo de su estancia. Adem\u00e1s de preparar tu propiedad, tambi\u00e9n puedes realizar peque\u00f1as reformas. Recuerda que un peque\u00f1o detalle como cambiar el aire acondicionado o a\u00f1adir una cama extra puede permitirte alquilar tu propiedad a un mejor precio.<\/p>\n<p>No hace falta decir que siempre revisas todo con anterioridad para asegurarte de que todo est\u00e1 limpio y que no hay defectos de ning\u00fan tipo que puedan dar lugar a reclamaciones por parte del arrendatario. En particular, recuerda revisar el aire acondicionado y el agua, si hay agua caliente, los grifos y ba\u00f1os de la casa, las luces, la conexi\u00f3n a internet y cosas similares que t\u00fa tambi\u00e9n encontrar\u00edas un problema en el alojamiento cuando vengas como un inquilino lo har\u00eda.<br \/>\nAdem\u00e1s, tambi\u00e9n es una buena idea revisar el aislamiento de la casa a largo plazo, para que no entren corrientes de aire f\u00e1cilmente o el techo gotee, y durante las lluvias fuertes esto provoque goteos dentro de la casa. Porque todo esto te ahorrar\u00e1 muchos problemas, discusiones y malas cr\u00edticas.<\/p>\n<h4>Renovaciones o personalizaciones importantes y econ\u00f3micas que pueden interesarle<\/h4>\n<p>Puede parecer una tonter\u00eda, pero peque\u00f1os cambios pueden aumentar exponencialmente el valor de su propiedad. Por eso te dejamos aqu\u00ed una lista de recomendaciones que sin duda puedes implementar f\u00e1cilmente:<\/p>\n<p>&nbsp;<\/p>\n<ul>\n<li><strong>Im\u00e1genes o fotos nuevas\/compartidas.<\/strong> Seamos realistas, hoy en d\u00eda pocas personas encuentran reconfortante dormir con una foto de su bisabuelo sobre la cama, as\u00ed que decora tu casa con estilo minimalista y moderno. obras, y sus inquilinos seguramente estar\u00e1n agradecidos. En general, tambi\u00e9n debe quitar cualquier otra decoraci\u00f3n personal.<\/li>\n<\/ul>\n<p>&nbsp;<\/p>\n<ul>\n<li><strong>Flores, \u00e1rboles o plantas decorativas.<\/strong> Estas le dar\u00e1n al apartamento un acento diferente y un ambiente m\u00e1s agradable. Incluso si se encuentra cerca de una carretera muy transitada, los \u00e1rboles o un mont\u00edculo de tierra brindar\u00e1n una buena protecci\u00f3n contra el ruido, lo cual es otra ventaja para sus inquilinos. En general, si tiene un jard\u00edn, tambi\u00e9n debe verse ordenado.<\/li>\n<\/ul>\n<p>&nbsp;<\/p>\n<ul>\n<li><strong>Personalizaci\u00f3n de muebles.<\/strong> Creemos que una visita r\u00e1pida a Ikea (o una charla con su dise\u00f1ador de interiores de confianza) puede ser una gran idea para mejorar la apariencia de la casa de vacaciones, especialmente si hay hay alg\u00fan mueble en la casa que est\u00e9 desgastado o un poco anticuado.<\/li>\n<\/ul>\n<p>&nbsp;<\/p>\n<ul>\n<li><strong>Terraza.<\/strong> Si tienes terraza o balc\u00f3n, tambi\u00e9n es muy importante<em><strong>utilizarlo como punto culminante!!<\/strong><\/em> Presta atenci\u00f3n a mantenerlos en buenas condiciones. Instala un peque\u00f1o toldo, o compra una mesa o sillas de jard\u00edn, y algunas plantas o peque\u00f1as palmeras para crear un ambiente agradable. \u00a1S\u00e9 juguet\u00f3n, e incluso con un poco de imaginaci\u00f3n puedes crear un verdadero punto de atracci\u00f3n en forma de un rinc\u00f3n chillout mediterr\u00e1neo vintage con muebles antiguos pintados en colores pastel y algunas macetas con palmeras!<\/li>\n<\/ul>\n<p>&nbsp;<\/p>\n<ul>\n<li><strong>Pon alguna fruta\/verdura de los vecinos<\/strong> (si tienes agricultores como vecinos en el campo) <strong>o mercado semanal en las tramas de la cocina,<\/strong> una ensaimada en la mesa del comedor , o llena la nevera con algunos productos locales. \u00a1\u00a1A tus inquilinos les encantar\u00e1!! Son precisamente estos detalles los que marcan la diferencia. Y tal vez una peque\u00f1a tarjeta con <em><strong>\u00ab\u00a1Bienvenidos! Esperamos su estad\u00eda, aqu\u00ed hay algunas peque\u00f1as cosas en las que sumergirse durante las vacaciones, y al final tambi\u00e9n nos complacer\u00e1 recibir una rese\u00f1a en XXXXX! :)\u00bb<\/strong><\/em><\/li>\n<\/ul>\n<p>&nbsp;<\/p>\n<p><img decoding=\"async\" class=\"tama\u00f1o-full wp-image-30641\" src=\"https:\/\/www.lucasfroeserealestate.com\/wp-content\/uploads\/2020\/07\/alquiler-vacacional-mallorca-02.jpg\" alt=\" Alquiler Vacacional Mallorca\" width=\"800\" height=\"250\" title=\"\" srcset=\"https:\/\/www.lucasfroeserealestate.com\/wp-content\/uploads\/2020\/07\/alquiler-vacacional-mallorca-02.jpg 800w, https:\/\/www.lucasfroeserealestate.com\/wp-content\/uploads\/2020\/07\/alquiler-vacacional-mallorca-02-300x94.jpg 300w, https:\/\/www.lucasfroeserealestate.com\/wp-content\/uploads\/2020\/07\/alquiler-vacacional-mallorca-02-768x240.jpg 768w, https:\/\/www.lucasfroeserealestate.com\/wp-content\/uploads\/2020\/07\/alquiler-vacacional-mallorca-02-150x47.jpg 150w\" sizes=\"(max-width: 800px) 100vw, 800px\" \/><\/p>\n<p>Esperamos que este post te haya sido de ayuda, nos pondremos en contacto<\/p>\n","protected":false},"excerpt":{"rendered":"<p>Alquileres de vacaciones en Mallorca El verano en Mallorca es sin duda la mejor \u00e9poca del a\u00f1o para alquilar tu casa de vacaciones, aunque tambi\u00e9n hay mucho movimiento en el segmento del alquiler vacacional en la isla en torno a Navidad y Semana Santa. Por eso, en este post te contamos todo lo que necesitas&#8230;<\/p>\n","protected":false},"author":1,"featured_media":30541,"comment_status":"closed","ping_status":"closed","sticky":false,"template":"","format":"standard","meta":{"footnotes":""},"categories":[3332],"tags":[],"class_list":["post-32907","post","type-post","status-publish","format-standard","has-post-thumbnail","hentry","category-immobilienmarkt-es"],"_links":{"self":[{"href":"https:\/\/www.lucasfroeserealestate.com\/es\/wp-json\/wp\/v2\/posts\/32907","targetHints":{"allow":["GET"]}}],"collection":[{"href":"https:\/\/www.lucasfroeserealestate.com\/es\/wp-json\/wp\/v2\/posts"}],"about":[{"href":"https:\/\/www.lucasfroeserealestate.com\/es\/wp-json\/wp\/v2\/types\/post"}],"author":[{"embeddable":true,"href":"https:\/\/www.lucasfroeserealestate.com\/es\/wp-json\/wp\/v2\/users\/1"}],"replies":[{"embeddable":true,"href":"https:\/\/www.lucasfroeserealestate.com\/es\/wp-json\/wp\/v2\/comments?post=32907"}],"version-history":[{"count":0,"href":"https:\/\/www.lucasfroeserealestate.com\/es\/wp-json\/wp\/v2\/posts\/32907\/revisions"}],"wp:featuredmedia":[{"embeddable":true,"href":"https:\/\/www.lucasfroeserealestate.com\/es\/wp-json\/wp\/v2\/media\/30541"}],"wp:attachment":[{"href":"https:\/\/www.lucasfroeserealestate.com\/es\/wp-json\/wp\/v2\/media?parent=32907"}],"wp:term":[{"taxonomy":"category","embeddable":true,"href":"https:\/\/www.lucasfroeserealestate.com\/es\/wp-json\/wp\/v2\/categories?post=32907"},{"taxonomy":"post_tag","embeddable":true,"href":"https:\/\/www.lucasfroeserealestate.com\/es\/wp-json\/wp\/v2\/tags?post=32907"}],"curies":[{"name":"wp","href":"https:\/\/api.w.org\/{rel}","templated":true}]}}