{"id":15038,"date":"2020-03-13T14:13:25","date_gmt":"2020-03-13T13:13:25","guid":{"rendered":"https:\/\/www.lucasfroeserealestate.com\/ferienvermietung-mallorca\/"},"modified":"2025-08-27T15:40:03","modified_gmt":"2025-08-27T13:40:03","slug":"ferienvermietung-mallorca","status":"publish","type":"post","link":"https:\/\/www.lucasfroeserealestate.com\/es\/ferienvermietung-mallorca\/","title":{"rendered":"Alquiler de vacaciones Mallorca"},"content":{"rendered":"\t\t<div data-elementor-type=\"wp-post\" data-elementor-id=\"15038\" class=\"elementor elementor-15038 elementor-14761\" data-elementor-post-type=\"post\">\n\t\t\t\t\t\t<section class=\"elementor-section elementor-top-section elementor-element elementor-element-3489dcf2 elementor-section-boxed elementor-section-height-default elementor-section-height-default\" data-id=\"3489dcf2\" data-element_type=\"section\" data-e-type=\"section\">\n\t\t\t\t\t\t<div class=\"elementor-container elementor-column-gap-default\">\n\t\t\t\t\t<div class=\"elementor-column elementor-col-100 elementor-top-column elementor-element elementor-element-7199021f\" data-id=\"7199021f\" data-element_type=\"column\" data-e-type=\"column\">\n\t\t\t<div class=\"elementor-widget-wrap elementor-element-populated\">\n\t\t\t\t\t\t<div class=\"elementor-element elementor-element-702d868e elementor-widget elementor-widget-text-editor\" data-id=\"702d868e\" data-element_type=\"widget\" data-e-type=\"widget\" data-widget_type=\"text-editor.default\">\n\t\t\t\t<div class=\"elementor-widget-container\">\n\t\t\t\t\t\t\t\t\t<h2>\u00bfBuscas una finca de vacaciones en Mallorca?<\/h2><p>Probablemente sabes lo que se siente, el pr\u00f3ximo verano est\u00e1 a la vuelta de la esquina, y con \u00e9l la elecci\u00f3n del destino de vacaciones. Tras unas cuantas discusiones con la familia, llegas a la conclusi\u00f3n de que definitivamente quieres volver a Mallorca. Al fin y al cabo, Mallorca es una de las islas m\u00e1s bellas del mundo, un verdadero para\u00edso. Ya sean playas naturales, rutas de senderismo y monta\u00f1a, rutas ciclistas o deliciosas experiencias culinarias en restaurantes y bares t\u00edpicos mallorquines&#8230; Mallorca hace latir m\u00e1s r\u00e1pido el coraz\u00f3n de cualquiera, \u00a1porque hay algo para todos los gustos!<\/p><p> <\/p><p><img decoding=\"async\" class=\"size-full wp-image-14728\" src=\"https:\/\/www.lucasfroeserealestate.com\/wp-content\/uploads\/2017\/06\/Drone-luxusimmobilien-felanitx-LF0001-31.jpg\" alt=\"Inmuebles de lujo Felanitx Mallorca\" width=\"1600\" height=\"1067\" title=\"\" srcset=\"https:\/\/www.lucasfroeserealestate.com\/wp-content\/uploads\/2017\/06\/Drone-luxusimmobilien-felanitx-LF0001-31.jpg 1600w, https:\/\/www.lucasfroeserealestate.com\/wp-content\/uploads\/2017\/06\/Drone-luxusimmobilien-felanitx-LF0001-31-300x200.jpg 300w, https:\/\/www.lucasfroeserealestate.com\/wp-content\/uploads\/2017\/06\/Drone-luxusimmobilien-felanitx-LF0001-31-1024x683.jpg 1024w, https:\/\/www.lucasfroeserealestate.com\/wp-content\/uploads\/2017\/06\/Drone-luxusimmobilien-felanitx-LF0001-31-768x512.jpg 768w, https:\/\/www.lucasfroeserealestate.com\/wp-content\/uploads\/2017\/06\/Drone-luxusimmobilien-felanitx-LF0001-31-1536x1024.jpg 1536w, https:\/\/www.lucasfroeserealestate.com\/wp-content\/uploads\/2017\/06\/Drone-luxusimmobilien-felanitx-LF0001-31-150x100.jpg 150w, https:\/\/www.lucasfroeserealestate.com\/wp-content\/uploads\/2017\/06\/Drone-luxusimmobilien-felanitx-LF0001-31-488x326.jpg 488w\" sizes=\"(max-width: 1600px) 100vw, 1600px\" \/><\/p><div><h3>\u00bfA qu\u00e9 regi\u00f3n de Mallorca debo ir?<\/h3><p>Ya tienes claro que quieres ir a Mallorca, pero no sabes exactamente a qu\u00e9 zona o regi\u00f3n quieres ir esta vez. As\u00ed que vamos a repasarlo todo; Ballermann\/Magaluf est\u00e1 descartado para ti (s\u00f3lo la fiesta y el jolgorio no le gustan a todo el mundo). \u00bfPort Andratx-Port Adriano-Portitxol es bastante bonito, pero de alg\u00fan modo carece de autenticidad y todo es demasiado fingido? Vale, entonces sigamos buscando. \u00bfEl centro de la isla? Demasiado lejos de las playas.     <\/p><p><strong>\u00bfQu\u00e9 se cuestionar\u00eda exactamente?<\/strong><\/p><p>\u00a1Te recomendamos el sur, el sureste y el noreste! Esta regi\u00f3n ofrece las playas naturales m\u00e1s bonitas (Calo d&#8217;es Moro, Cala Murada, S&#8217;Algar, Cala Brafi, Cala Santany\u00ed, Cala Mitjana&#8230;), pueblos aut\u00e9nticos con deliciosos restaurantes y bares de estilo mallorqu\u00edn, pueblos pesqueros con tiendas estupendas, monta\u00f1as con rutas de senderismo, y fincas de vacaciones, pisos de vacaciones y chalets de vacaciones de alquiler muy buenos. Esto significa que, en relaci\u00f3n calidad\/precio, es bastante dif\u00edcil alquilar fincas de este tipo a precios superiores en cualquier otro lugar.  <\/p><h2>Finca vacacional Estrella Fugaz<\/h2><p>Hoy queremos presentarte una finca de vacaciones muy especial, la \u00ab<strong><a href=\"https:\/\/ferienfincamallorca.com\/\" target=\"_blank\" rel=\"nofollow noopener\">Finca Estrella Fugaz<\/a><\/strong>\u00bb o tambi\u00e9n llamada \u00abfinca estrella fugaz\u00bb, te invita a vivir momentos inolvidables en ella. La finca est\u00e1 dividida en casa principal, piso, zonas de jard\u00edn\/terraza, zona de piscina con porche y cocina de verano, zona de sauna y SPA y sala de fitness. \u00bfLoco o no? Pero eso no es todo. Con 6 dormitorios, <a href=\"https:\/\/ferienfincamallorca.com\/\" target=\"_blank\" rel=\"nofollow noopener\">la<\/a> finca ofrece espacio suficiente para que se alojen en ella hasta 16 personas. La distribuci\u00f3n espaciosa y abierta invita a pasar las vacaciones juntos, pero sigue ofreciendo suficiente intimidad y tranquilidad gracias a sus numerosas terrazas y porches. \u00bfPero crees que te aburrir\u00e1s al cabo de unos d\u00edas? De ninguna manera, en esta finca tienes suficientes actividades para que esto no ocurra hasta tu partida (aunque te quedaras en <a href=\"https:\/\/ferienfincamallorca.com\/\" target=\"_blank\" rel=\"nofollow noopener\">la finca<\/a> durante semanas).      <\/p><p> <\/p><p><img decoding=\"async\" class=\"size-full wp-image-11781\" src=\"https:\/\/www.lucasfroeserealestate.com\/wp-content\/uploads\/2017\/06\/finca-felanitx-mallorca-zu-verkaufen.jpg\" alt=\"Entrada casa Finca Felanitx\" width=\"1600\" height=\"1067\" title=\"\" srcset=\"https:\/\/www.lucasfroeserealestate.com\/wp-content\/uploads\/2017\/06\/finca-felanitx-mallorca-zu-verkaufen.jpg 1600w, https:\/\/www.lucasfroeserealestate.com\/wp-content\/uploads\/2017\/06\/finca-felanitx-mallorca-zu-verkaufen-300x200.jpg 300w, https:\/\/www.lucasfroeserealestate.com\/wp-content\/uploads\/2017\/06\/finca-felanitx-mallorca-zu-verkaufen-768x512.jpg 768w, https:\/\/www.lucasfroeserealestate.com\/wp-content\/uploads\/2017\/06\/finca-felanitx-mallorca-zu-verkaufen-1024x683.jpg 1024w, https:\/\/www.lucasfroeserealestate.com\/wp-content\/uploads\/2017\/06\/finca-felanitx-mallorca-zu-verkaufen-150x100.jpg 150w, https:\/\/www.lucasfroeserealestate.com\/wp-content\/uploads\/2017\/06\/finca-felanitx-mallorca-zu-verkaufen-488x326.jpg 488w\" sizes=\"(max-width: 1600px) 100vw, 1600px\" \/><\/p><div><p><strong>Pero, \u00bfqu\u00e9 ofrece exactamente la Finca y sus alrededores como entretenimiento?<\/strong><\/p><p>Las caracter\u00edsticas de la finca incluyen:<\/p><ul><li><strong>Piscina:<\/strong> la enorme piscina es perfecta para un chapuz\u00f3n refrescante, un ba\u00f1o o una fiesta de verano.<\/li><li><strong>Barbacoa:<\/strong> \u00bfTe apetece una barbacoa? No hay problema, \u00a1la zona de barbacoa que hay junto a la zona principal\/comedor es perfecta para ello! <\/li><li><strong>Tenis de mesa:<\/strong> diversi\u00f3n para toda la familia.<\/li><li><strong>Mesa de billar:<\/strong> Ya sean profesionales o principiantes, todos encontrar\u00e1n aqu\u00ed su sitio.<\/li><li><strong>Sauna y zona SPA:<\/strong> Si necesitas un poco de descanso y relajaci\u00f3n, aqu\u00ed lo encontrar\u00e1s.<\/li><li><strong>Sala de fitness:<\/strong> Seguir haciendo ejercicio durante las vacaciones o quemar los martinis de la noche anterior no es ning\u00fan problema aqu\u00ed.<\/li><li><strong>Recinto de animales:<\/strong> \u00a1Aqu\u00ed no s\u00f3lo fascinan los m\u00e1s peque\u00f1os! Patos, cabras y gallinas viven en el mismo lugar del recinto de animales. Por supuesto, las gallinas siempre tienen huevos ecol\u00f3gicos naturales frescos por la ma\u00f1ana: \u00a1deliciosos!  <\/li><\/ul><p> <\/p><\/div><\/div>\t\t\t\t\t\t\t\t<\/div>\n\t\t\t\t<\/div>\n\t\t\t\t<div class=\"elementor-element elementor-element-ad36156 elementor-widget elementor-widget-gallery\" data-id=\"ad36156\" data-element_type=\"widget\" data-e-type=\"widget\" data-settings=\"{&quot;columns&quot;:3,&quot;lazyload&quot;:&quot;yes&quot;,&quot;gallery_layout&quot;:&quot;grid&quot;,&quot;columns_tablet&quot;:2,&quot;columns_mobile&quot;:1,&quot;gap&quot;:{&quot;unit&quot;:&quot;px&quot;,&quot;size&quot;:10,&quot;sizes&quot;:[]},&quot;gap_tablet&quot;:{&quot;unit&quot;:&quot;px&quot;,&quot;size&quot;:10,&quot;sizes&quot;:[]},&quot;gap_mobile&quot;:{&quot;unit&quot;:&quot;px&quot;,&quot;size&quot;:10,&quot;sizes&quot;:[]},&quot;link_to&quot;:&quot;file&quot;,&quot;aspect_ratio&quot;:&quot;3:2&quot;,&quot;overlay_background&quot;:&quot;yes&quot;,&quot;content_hover_animation&quot;:&quot;fade-in&quot;}\" data-widget_type=\"gallery.default\">\n\t\t\t\t<div class=\"elementor-widget-container\">\n\t\t\t\t\t\t\t<div class=\"elementor-gallery__container\">\n\t\t\t\t\t\t\t<a class=\"e-gallery-item elementor-gallery-item elementor-animated-content\" href=\"https:\/\/www.lucasfroeserealestate.com\/wp-content\/uploads\/2017\/06\/swimmingpool-mallorca-felanitx.jpg\" data-elementor-open-lightbox=\"yes\" data-elementor-lightbox-slideshow=\"ad36156\" data-elementor-lightbox-title=\"Swimmingpool Finca Felanitx\" data-e-action-hash=\"#elementor-action%3Aaction%3Dlightbox%26settings%3DeyJpZCI6MTE3NjAsInVybCI6Imh0dHBzOlwvXC93d3cubHVjYXNmcm9lc2VyZWFsZXN0YXRlLmNvbVwvd3AtY29udGVudFwvdXBsb2Fkc1wvMjAxN1wvMDZcL3N3aW1taW5ncG9vbC1tYWxsb3JjYS1mZWxhbml0eC5qcGciLCJzbGlkZXNob3ciOiJhZDM2MTU2In0%3D\">\n\t\t\t\t\t<div class=\"e-gallery-image elementor-gallery-item__image\" data-thumbnail=\"https:\/\/www.lucasfroeserealestate.com\/wp-content\/uploads\/2017\/06\/swimmingpool-mallorca-felanitx-300x200.jpg\" data-width=\"300\" data-height=\"200\" aria-label=\"Swimmingpool Finca Felanitx\" role=\"img\" ><\/div>\n\t\t\t\t\t\t\t\t\t\t\t<div class=\"elementor-gallery-item__overlay\"><\/div>\n\t\t\t\t\t\t\t\t\t\t\t\t\t\t<\/a>\n\t\t\t\t\t\t\t<a class=\"e-gallery-item elementor-gallery-item elementor-animated-content\" href=\"https:\/\/www.lucasfroeserealestate.com\/wp-content\/uploads\/2017\/06\/billiard-finca-felanitx-zu-verkaufen.jpg\" data-elementor-open-lightbox=\"yes\" data-elementor-lightbox-slideshow=\"ad36156\" data-elementor-lightbox-title=\"Billiard Raum Immobilie Felanitx\" data-e-action-hash=\"#elementor-action%3Aaction%3Dlightbox%26settings%3DeyJpZCI6MTE4MTEsInVybCI6Imh0dHBzOlwvXC93d3cubHVjYXNmcm9lc2VyZWFsZXN0YXRlLmNvbVwvd3AtY29udGVudFwvdXBsb2Fkc1wvMjAxN1wvMDZcL2JpbGxpYXJkLWZpbmNhLWZlbGFuaXR4LXp1LXZlcmthdWZlbi5qcGciLCJzbGlkZXNob3ciOiJhZDM2MTU2In0%3D\">\n\t\t\t\t\t<div class=\"e-gallery-image elementor-gallery-item__image\" data-thumbnail=\"https:\/\/www.lucasfroeserealestate.com\/wp-content\/uploads\/2017\/06\/billiard-finca-felanitx-zu-verkaufen-300x200.jpg\" data-width=\"300\" data-height=\"200\" aria-label=\"Billiard Raum Immobilie Felanitx\" role=\"img\" ><\/div>\n\t\t\t\t\t\t\t\t\t\t\t<div class=\"elementor-gallery-item__overlay\"><\/div>\n\t\t\t\t\t\t\t\t\t\t\t\t\t\t<\/a>\n\t\t\t\t\t\t\t<a class=\"e-gallery-item elementor-gallery-item elementor-animated-content\" href=\"https:\/\/www.lucasfroeserealestate.com\/wp-content\/uploads\/2017\/06\/fitness-raum-finca-felanitx.jpg\" data-elementor-open-lightbox=\"yes\" data-elementor-lightbox-slideshow=\"ad36156\" data-elementor-lightbox-title=\"Fitness Raum Felanitx Finca\" data-e-action-hash=\"#elementor-action%3Aaction%3Dlightbox%26settings%3DeyJpZCI6MTE4MTcsInVybCI6Imh0dHBzOlwvXC93d3cubHVjYXNmcm9lc2VyZWFsZXN0YXRlLmNvbVwvd3AtY29udGVudFwvdXBsb2Fkc1wvMjAxN1wvMDZcL2ZpdG5lc3MtcmF1bS1maW5jYS1mZWxhbml0eC5qcGciLCJzbGlkZXNob3ciOiJhZDM2MTU2In0%3D\">\n\t\t\t\t\t<div class=\"e-gallery-image elementor-gallery-item__image\" data-thumbnail=\"https:\/\/www.lucasfroeserealestate.com\/wp-content\/uploads\/2017\/06\/fitness-raum-finca-felanitx-300x200.jpg\" data-width=\"300\" data-height=\"200\" aria-label=\"Fitness Raum Felanitx Finca\" role=\"img\" ><\/div>\n\t\t\t\t\t\t\t\t\t\t\t<div class=\"elementor-gallery-item__overlay\"><\/div>\n\t\t\t\t\t\t\t\t\t\t\t\t\t\t<\/a>\n\t\t\t\t\t\t\t<a class=\"e-gallery-item elementor-gallery-item elementor-animated-content\" href=\"https:\/\/www.lucasfroeserealestate.com\/wp-content\/uploads\/2017\/06\/spa-bereich-finca-felanitx.jpg\" data-elementor-open-lightbox=\"yes\" data-elementor-lightbox-slideshow=\"ad36156\" data-elementor-lightbox-title=\"Spa Bereich Felanitx Finca zu verkaufen\" data-e-action-hash=\"#elementor-action%3Aaction%3Dlightbox%26settings%3DeyJpZCI6MTE4MjAsInVybCI6Imh0dHBzOlwvXC93d3cubHVjYXNmcm9lc2VyZWFsZXN0YXRlLmNvbVwvd3AtY29udGVudFwvdXBsb2Fkc1wvMjAxN1wvMDZcL3NwYS1iZXJlaWNoLWZpbmNhLWZlbGFuaXR4LmpwZyIsInNsaWRlc2hvdyI6ImFkMzYxNTYifQ%3D%3D\">\n\t\t\t\t\t<div class=\"e-gallery-image elementor-gallery-item__image\" data-thumbnail=\"https:\/\/www.lucasfroeserealestate.com\/wp-content\/uploads\/2017\/06\/spa-bereich-finca-felanitx-300x200.jpg\" data-width=\"300\" data-height=\"200\" aria-label=\"Spa Bereich Felanitx Finca zu verkaufen\" role=\"img\" ><\/div>\n\t\t\t\t\t\t\t\t\t\t\t<div class=\"elementor-gallery-item__overlay\"><\/div>\n\t\t\t\t\t\t\t\t\t\t\t\t\t\t<\/a>\n\t\t\t\t\t\t\t<a class=\"e-gallery-item elementor-gallery-item elementor-animated-content\" href=\"https:\/\/www.lucasfroeserealestate.com\/wp-content\/uploads\/2017\/06\/immobilien-felanitx-finca-sauna.jpg\" data-elementor-open-lightbox=\"yes\" data-elementor-lightbox-slideshow=\"ad36156\" data-elementor-lightbox-title=\"Sauna Finca Felanitx zu verkaufen\" data-e-action-hash=\"#elementor-action%3Aaction%3Dlightbox%26settings%3DeyJpZCI6MTE4MjMsInVybCI6Imh0dHBzOlwvXC93d3cubHVjYXNmcm9lc2VyZWFsZXN0YXRlLmNvbVwvd3AtY29udGVudFwvdXBsb2Fkc1wvMjAxN1wvMDZcL2ltbW9iaWxpZW4tZmVsYW5pdHgtZmluY2Etc2F1bmEuanBnIiwic2xpZGVzaG93IjoiYWQzNjE1NiJ9\">\n\t\t\t\t\t<div class=\"e-gallery-image elementor-gallery-item__image\" data-thumbnail=\"https:\/\/www.lucasfroeserealestate.com\/wp-content\/uploads\/2017\/06\/immobilien-felanitx-finca-sauna-300x200.jpg\" data-width=\"300\" data-height=\"200\" aria-label=\"Sauna Finca Felanitx zu verkaufen\" role=\"img\" ><\/div>\n\t\t\t\t\t\t\t\t\t\t\t<div class=\"elementor-gallery-item__overlay\"><\/div>\n\t\t\t\t\t\t\t\t\t\t\t\t\t\t<\/a>\n\t\t\t\t\t\t\t<a class=\"e-gallery-item elementor-gallery-item elementor-animated-content\" href=\"https:\/\/www.lucasfroeserealestate.com\/wp-content\/uploads\/2017\/06\/immobilien-felanitx-finca-mit-pool.jpg\" data-elementor-open-lightbox=\"yes\" data-elementor-lightbox-slideshow=\"ad36156\" data-elementor-lightbox-title=\"Swimmingpool Finca Felanitx\" data-e-action-hash=\"#elementor-action%3Aaction%3Dlightbox%26settings%3DeyJpZCI6MTE3NjMsInVybCI6Imh0dHBzOlwvXC93d3cubHVjYXNmcm9lc2VyZWFsZXN0YXRlLmNvbVwvd3AtY29udGVudFwvdXBsb2Fkc1wvMjAxN1wvMDZcL2ltbW9iaWxpZW4tZmVsYW5pdHgtZmluY2EtbWl0LXBvb2wuanBnIiwic2xpZGVzaG93IjoiYWQzNjE1NiJ9\">\n\t\t\t\t\t<div class=\"e-gallery-image elementor-gallery-item__image\" data-thumbnail=\"https:\/\/www.lucasfroeserealestate.com\/wp-content\/uploads\/2017\/06\/immobilien-felanitx-finca-mit-pool-300x200.jpg\" data-width=\"300\" data-height=\"200\" aria-label=\"Swimmingpool Finca Felanitx\" role=\"img\" ><\/div>\n\t\t\t\t\t\t\t\t\t\t\t<div class=\"elementor-gallery-item__overlay\"><\/div>\n\t\t\t\t\t\t\t\t\t\t\t\t\t\t<\/a>\n\t\t\t\t\t<\/div>\n\t\t\t\t\t<\/div>\n\t\t\t\t<\/div>\n\t\t\t\t<div class=\"elementor-element elementor-element-a9dc760 elementor-widget elementor-widget-text-editor\" data-id=\"a9dc760\" data-element_type=\"widget\" data-e-type=\"widget\" data-widget_type=\"text-editor.default\">\n\t\t\t\t<div class=\"elementor-widget-container\">\n\t\t\t\t\t\t\t\t\tLas actividades en los alrededores incluyen\n<ul>\n \t<li><strong>Paseando por Son<\/strong> Valls: pasando por la antigua iglesia mallorquina de Son Valls, y tras unas impresionantes vistas de las puestas de sol sobre los campos cultivados, podr\u00e1s disfrutar al m\u00e1ximo de la extrema tranquilidad de esta zona.<\/li>\n \t<li><strong>Sube a la monta\u00f1a de Sant Salvador.<\/strong><\/li>\n \t<li><strong>Date un ba\u00f1o en las playas naturales de Portocolom.<\/strong><\/li>\n \t<li><strong>Excursiones en bicicleta<\/strong> (p\u00eddenos que las contratemos)<\/li>\n \t<li><strong>Deliciosos c\u00f3cteles:<\/strong> ya sea directamente en la playa, en el \u00abBudde azul\u00bb de Portocolom, o en nuestra finca vecina, a s\u00f3lo 2 minutos a pie, con su propio bar chill-out.<\/li>\n<\/ul>\n\u00bfQuieres m\u00e1s informaci\u00f3n sobre la finca o reservar directamente?\n\nPuedes hacerlo directamente en\n\nP\u00e1gina web: <strong><a href=\"https:\/\/ferienfincamallorca.com\/\" target=\"_blank\" rel=\"nofollow noopener\">https:\/\/ferienfincamallorca.com\/<\/a><\/strong>\n\nFacebook: <strong><a href=\"https:\/\/www.facebook.com\/EF-Fincaferien-Estrella-Fugaz-Mallorca-1655190301396764\/\" target=\"_blank\" rel=\"nofollow noopener\">https:\/\/www.facebook.com\/EF-Fincaferien-Estrella-Fugaz-Mallorca<\/a><\/strong>\t\t\t\t\t\t\t\t<\/div>\n\t\t\t\t<\/div>\n\t\t\t\t\t<\/div>\n\t\t<\/div>\n\t\t\t\t\t<\/div>\n\t\t<\/section>\n\t\t\t\t<section class=\"elementor-section elementor-top-section elementor-element elementor-element-f42d557 elementor-section-boxed elementor-section-height-default elementor-section-height-default\" data-id=\"f42d557\" data-element_type=\"section\" data-e-type=\"section\">\n\t\t\t\t\t\t<div class=\"elementor-container elementor-column-gap-default\">\n\t\t\t\t\t<div class=\"elementor-column elementor-col-33 elementor-top-column elementor-element elementor-element-9587b92\" data-id=\"9587b92\" data-element_type=\"column\" data-e-type=\"column\">\n\t\t\t<div class=\"elementor-widget-wrap elementor-element-populated\">\n\t\t\t\t\t\t<div class=\"elementor-element elementor-element-8480e9b elementor-widget elementor-widget-facebook-page\" data-id=\"8480e9b\" data-element_type=\"widget\" data-e-type=\"widget\" data-widget_type=\"facebook-page.default\">\n\t\t\t\t<div class=\"elementor-widget-container\">\n\t\t\t\t\t<div class=\"elementor-facebook-widget fb-page\" data-href=\"https:\/\/www.facebook.com\/EF-Fincaferien-Estrella-Fugaz-Mallorca-1655190301396764\/\" data-tabs=\"timeline\" data-height=\"352px\" data-width=\"500px\" data-small-header=\"false\" data-hide-cover=\"false\" data-show-facepile=\"false\" data-hide-cta=\"false\" style=\"min-height: 1px;height:352px\"><\/div>\t\t\t\t<\/div>\n\t\t\t\t<\/div>\n\t\t\t\t\t<\/div>\n\t\t<\/div>\n\t\t\t\t<div class=\"elementor-column elementor-col-66 elementor-top-column elementor-element elementor-element-ca0a415\" data-id=\"ca0a415\" data-element_type=\"column\" data-e-type=\"column\">\n\t\t\t<div class=\"elementor-widget-wrap elementor-element-populated\">\n\t\t\t\t\t\t<div class=\"elementor-element elementor-element-4522e2b elementor--h-position-center elementor--v-position-middle elementor-arrows-position-inside elementor-pagination-position-inside elementor-widget elementor-widget-slides\" data-id=\"4522e2b\" data-element_type=\"widget\" data-e-type=\"widget\" data-settings=\"{&quot;navigation&quot;:&quot;both&quot;,&quot;autoplay&quot;:&quot;yes&quot;,&quot;pause_on_hover&quot;:&quot;yes&quot;,&quot;pause_on_interaction&quot;:&quot;yes&quot;,&quot;autoplay_speed&quot;:5000,&quot;infinite&quot;:&quot;yes&quot;,&quot;transition&quot;:&quot;slide&quot;,&quot;transition_speed&quot;:500}\" data-widget_type=\"slides.default\">\n\t\t\t\t<div class=\"elementor-widget-container\">\n\t\t\t\t\t\t\t\t\t<div class=\"elementor-swiper\">\n\t\t\t\t\t<div class=\"elementor-slides-wrapper elementor-main-swiper swiper\" role=\"region\" aria-roledescription=\"carousel\" aria-label=\"Diapositivas\" dir=\"ltr\" data-animation=\"fadeInUp\">\n\t\t\t\t<div class=\"swiper-wrapper elementor-slides\">\n\t\t\t\t\t\t\t\t\t\t<div class=\"elementor-repeater-item-e6572a7 swiper-slide\" role=\"group\" aria-roledescription=\"slide\"><div class=\"swiper-slide-bg elementor-ken-burns elementor-ken-burns--in\" role=\"img\" aria-label=\"Swimmingpool Finca Felanitx\"><\/div><div class=\"swiper-slide-inner\" ><div class=\"swiper-slide-contents\"><\/div><\/div><\/div><div class=\"elementor-repeater-item-777ff7a swiper-slide\" role=\"group\" aria-roledescription=\"slide\"><div class=\"swiper-slide-bg elementor-ken-burns elementor-ken-burns--in\" role=\"img\" aria-label=\"\"><\/div><div class=\"swiper-slide-inner\" ><div class=\"swiper-slide-contents\"><\/div><\/div><\/div><div class=\"elementor-repeater-item-55b8d38 swiper-slide\" role=\"group\" aria-roledescription=\"slide\"><div class=\"swiper-slide-bg elementor-ken-burns elementor-ken-burns--in\" role=\"img\" aria-label=\"\"><\/div><div class=\"swiper-slide-inner\" ><div class=\"swiper-slide-contents\"><\/div><\/div><\/div><div class=\"elementor-repeater-item-bc6c81b swiper-slide\" role=\"group\" aria-roledescription=\"slide\"><div class=\"swiper-slide-bg elementor-ken-burns elementor-ken-burns--in\" role=\"img\" aria-label=\"\"><\/div><div class=\"swiper-slide-inner\" ><div class=\"swiper-slide-contents\"><\/div><\/div><\/div><div class=\"elementor-repeater-item-9f744f1 swiper-slide\" role=\"group\" aria-roledescription=\"slide\"><div class=\"swiper-slide-bg elementor-ken-burns elementor-ken-burns--in\" role=\"img\" aria-label=\"\"><\/div><div class=\"swiper-slide-inner\" ><div class=\"swiper-slide-contents\"><\/div><\/div><\/div>\t\t\t\t<\/div>\n\t\t\t\t\t\t\t\t\t\t\t\t\t\t\t<div class=\"elementor-swiper-button elementor-swiper-button-prev\" role=\"button\" tabindex=\"0\" aria-label=\"Diapositiva anterior\">\n\t\t\t\t\t\t\t<svg aria-hidden=\"true\" class=\"e-font-icon-svg e-eicon-chevron-left\" viewBox=\"0 0 1000 1000\" xmlns=\"http:\/\/www.w3.org\/2000\/svg\"><path d=\"M646 125C629 125 613 133 604 142L308 442C296 454 292 471 292 487 292 504 296 521 308 533L604 854C617 867 629 875 646 875 663 875 679 871 692 858 704 846 713 829 713 812 713 796 708 779 692 767L438 487 692 225C700 217 708 204 708 187 708 171 704 154 692 142 675 129 663 125 646 125Z\"><\/path><\/svg>\t\t\t\t\t\t<\/div>\n\t\t\t\t\t\t<div class=\"elementor-swiper-button elementor-swiper-button-next\" role=\"button\" tabindex=\"0\" aria-label=\"Diapositiva siguiente\">\n\t\t\t\t\t\t\t<svg aria-hidden=\"true\" class=\"e-font-icon-svg e-eicon-chevron-right\" viewBox=\"0 0 1000 1000\" xmlns=\"http:\/\/www.w3.org\/2000\/svg\"><path d=\"M696 533C708 521 713 504 713 487 713 471 708 454 696 446L400 146C388 133 375 125 354 125 338 125 325 129 313 142 300 154 292 171 292 187 292 204 296 221 308 233L563 492 304 771C292 783 288 800 288 817 288 833 296 850 308 863 321 871 338 875 354 875 371 875 388 867 400 854L696 533Z\"><\/path><\/svg>\t\t\t\t\t\t<\/div>\n\t\t\t\t\t\t\t\t\t\t\t\t\t\t\t\t<div class=\"swiper-pagination\"><\/div>\n\t\t\t\t\t\t\t\t\t\t\t\t<\/div>\n\t\t\t\t<\/div>\n\t\t\t\t\t\t\t\t<\/div>\n\t\t\t\t<\/div>\n\t\t\t\t\t<\/div>\n\t\t<\/div>\n\t\t\t\t\t<\/div>\n\t\t<\/section>\n\t\t\t\t<\/div>\n\t\t","protected":false},"excerpt":{"rendered":"<p>\u00bfBuscas una finca de vacaciones en Mallorca? Probablemente sabes lo que se siente, el pr\u00f3ximo verano est\u00e1 a la vuelta de la esquina, y con \u00e9l la elecci\u00f3n del destino de vacaciones. Tras unas cuantas discusiones con la familia, llegas a la conclusi\u00f3n de que definitivamente quieres volver a Mallorca. Al fin y al cabo,&#8230;<\/p>\n","protected":false},"author":1,"featured_media":14722,"comment_status":"closed","ping_status":"closed","sticky":false,"template":"","format":"standard","meta":{"footnotes":""},"categories":[3332],"tags":[],"class_list":["post-15038","post","type-post","status-publish","format-standard","has-post-thumbnail","hentry","category-immobilienmarkt-es"],"_links":{"self":[{"href":"https:\/\/www.lucasfroeserealestate.com\/es\/wp-json\/wp\/v2\/posts\/15038","targetHints":{"allow":["GET"]}}],"collection":[{"href":"https:\/\/www.lucasfroeserealestate.com\/es\/wp-json\/wp\/v2\/posts"}],"about":[{"href":"https:\/\/www.lucasfroeserealestate.com\/es\/wp-json\/wp\/v2\/types\/post"}],"author":[{"embeddable":true,"href":"https:\/\/www.lucasfroeserealestate.com\/es\/wp-json\/wp\/v2\/users\/1"}],"replies":[{"embeddable":true,"href":"https:\/\/www.lucasfroeserealestate.com\/es\/wp-json\/wp\/v2\/comments?post=15038"}],"version-history":[{"count":0,"href":"https:\/\/www.lucasfroeserealestate.com\/es\/wp-json\/wp\/v2\/posts\/15038\/revisions"}],"wp:featuredmedia":[{"embeddable":true,"href":"https:\/\/www.lucasfroeserealestate.com\/es\/wp-json\/wp\/v2\/media\/14722"}],"wp:attachment":[{"href":"https:\/\/www.lucasfroeserealestate.com\/es\/wp-json\/wp\/v2\/media?parent=15038"}],"wp:term":[{"taxonomy":"category","embeddable":true,"href":"https:\/\/www.lucasfroeserealestate.com\/es\/wp-json\/wp\/v2\/categories?post=15038"},{"taxonomy":"post_tag","embeddable":true,"href":"https:\/\/www.lucasfroeserealestate.com\/es\/wp-json\/wp\/v2\/tags?post=15038"}],"curies":[{"name":"wp","href":"https:\/\/api.w.org\/{rel}","templated":true}]}}